{"id":95972,"date":"2024-09-27T05:36:52","date_gmt":"2024-09-27T05:36:52","guid":{"rendered":"https:\/\/tripthis.eu\/?p=95972"},"modified":"2024-09-27T05:36:52","modified_gmt":"2024-09-27T05:36:52","slug":"latvijas-avize-celot-pasaules-turisma-diena","status":"publish","type":"post","link":"https:\/\/new.tripthis.eu\/en\/latvijas-avize-celot-pasaules-turisma-diena\/","title":{"rendered":"Latvijas Av\u012bze: Ce\u013cot Pasaules t\u016brisma dien\u0101"},"content":{"rendered":"<p>Source.<\/p>\n<p>\u0160odien un r\u012bt T\u016brisma dienai velt\u012btas aktivit\u0101tes notiks Talsos, Kuld\u012bg\u0101 un Jelgav\u0101<\/p>\n<p>Kop\u0161 1980. gada Pasaules t\u016brisma diena tiek atz\u012bm\u0113ta katru gadu 27. septembr\u012b, atceroties noz\u012bm\u012bgu notikumu t\u016brisma nozar\u0113 \u2013 ANO T\u016brisma organiz\u0101cijas Stat\u016btu pie\u0146em\u0161anas gadadienu (27.09.1970.). Turkl\u0101t \u0161is datums nav izv\u0113l\u0113ts nejau\u0161i, jo \u0161aj\u0101 laik\u0101 akt\u012bv\u0101 t\u016brisma sezona nosl\u0113dzas zieme\u013cu puslod\u0113 un s\u0101kas dienvidu puslod\u0113.<\/p>\n<p>T\u016brisms ir viena no svar\u012bg\u0101kaj\u0101m ekonomikas nozar\u0113m pasaul\u0113, kas b\u016btiski ietekm\u0113 ar\u012b viet\u0113jo iedz\u012bvot\u0101ju dz\u012bvi un labb\u016bt\u012bbu, k\u0101 ar\u012b veicina savstarp\u0113ju izpratni starp da\u017e\u0101d\u0101m kult\u016br\u0101m.<\/p>\n<p>Statistikas dati liecina, ka t\u016brisma izaugsme p\u0113d\u0113jos septi\u0146desmit gados bijusi milz\u012bga, \u2013 no aptuveni divdesmit pieciem miljoniem ce\u013cot\u0101ju l\u012bdz vair\u0101k nek\u0101 miljardam pirms pand\u0113mijas, kas b\u016btiski ierobe\u017eoja p\u0101rvieto\u0161anos starp valst\u012bm. Nu ikgad\u0113jais t\u016bristu skaits tuvojas agr\u0101kajam l\u012bmenim, ta\u010du \u0161obr\u012bd t\u016brisma organizatori saskaras ar jauniem izaicin\u0101jumiem \u2013 karu Ukrain\u0101 un Tuvajos Austrumos, kas ietekm\u0113 ce\u013co\u0161anu ne tikai uz kar\u0101 iesaist\u012btaj\u0101m valst\u012bm. Lai vai k\u0101, liel\u0101k\u0101 da\u013ca cilv\u0113ku tom\u0113r nev\u0113las s\u0113d\u0113t m\u0101j\u0101s, bet ce\u013cot un iepaz\u012bt pasauli, tostarp apskat\u012bt v\u0113l neredz\u0113tas vietas ar\u012b Latvij\u0101. Pasaules t\u016brisma dien\u0101 vi\u0146us gaida vair\u0101ki jaunumi.<\/p>\n<p>Talsos jaunas pieturas<\/p>\n<p>\u0160ovakar visi interesenti tiek aicin\u0101ti uz kop\u012bgu Talsu sabiedrisk\u0101 transporta pieturu atkl\u0101\u0161anas pas\u0101kumu.<\/p>\n<p>Nosl\u0113dzoties projektam &#8220;Pieturi Talsos&#8221;, nu katra pils\u0113tas autobusu pietura ieguvusi jaunu, tematiski at\u0161\u0137ir\u012bgu t\u0113lu \u2013 &#8220;\u0100be\u013cziedi&#8221;, &#8220;Simboli&#8221;, &#8220;V\u0113sture&#8221;, &#8220;Skatu mija&#8221;, &#8220;Smar\u017ea&#8221;, &#8220;Ska\u0146a&#8221;, &#8220;Gar\u0161a&#8221;, &#8220;B\u0113rn\u012bba&#8221;, &#8220;Kr\u0101sas&#8221;, &#8220;Devi\u0146i pakalni&#8221;, &#8220;Kust\u012bba&#8221; un &#8220;Kalend\u0101rs&#8221;.<\/p>\n<p>Vis\u0101s \u0161aj\u0101s pietur\u0101s atrodama pils\u0113tas karte ar inform\u0101ciju par popul\u0101r\u0101kaj\u0101m apskates viet\u0101m, \u0113din\u0101\u0161anas un nak\u0161\u0146o\u0161anas iesp\u0113j\u0101m, k\u0101 ar\u012b QR kodu audiogida izmanto\u0161anai. Katra pietura papildin\u0101ta ar Talsiem rakstur\u012bg\u0101m liet\u0101m, un to dizainu veidojusi m\u0101ksliniece Ildze Ose.<\/p>\n<p>Apm\u0113ram divas stundas garais jauno pieturu atkl\u0101\u0161anas brauciens s\u0101ksies 27. septembr\u012b plkst. 17 Talsu autoost\u0101 un nosl\u0113gsies pie Talsu tirgus. Pieteik\u0161an\u0101s oblig\u0101ta, jo vietu skaits ierobe\u017eots.<\/p>\n<p>Jelgav\u0101 \u2013 t\u016brisma rallijs<\/p>\n<p>Par godu Pasaules t\u016brisma dienai Jelgavas re\u0123ion\u0101lais t\u016brisma centrs 28. septembr\u012b organiz\u0113 ikgad\u0113j\u0101s auto orient\u0113\u0161an\u0101s sacens\u012bbas komand\u0101m, kur\u0101s var b\u016bt no diviem l\u012bdz pieciem cilv\u0113kiem \u2013 tik, cik dro\u0161i var sas\u0113sties vien\u0101 automa\u0161\u012bn\u0101.<\/p>\n<p>&#8220;Sacens\u012bbas b\u016bs izklaid\u0113jo\u0161s un izzino\u0161s pas\u0101kums tiem, kas v\u0113las iepaz\u012bt Jelgavu un t\u0101s apk\u0101rtni,&#8221; v\u0113sta organizatori.<\/p>\n<p>Mar\u0161ruts paredz\u0113ts vair\u0101k nek\u0101 septi\u0146desmit kilometru garum\u0101.<\/p>\n<p>T\u016brisma rallija dal\u012bbniekiem paredz\u0113taj\u0101 mar\u0161rut\u0101 vajadz\u0113s atrast vair\u0101kus kontrolpunktus un izpild\u012bt da\u017e\u0101dus atjaut\u012bbas uzdevumus, starp kuriem da\u017ei b\u016bs piem\u0113roti ar\u012b gados jaun\u0101kiem ce\u013cot\u0101jiem.<\/p>\n<p>Rallija s\u0101kuma un beigu punkts atrad\u012bsies Jelgavas Sv\u0113t\u0101s Tr\u012bsvien\u012bbas bazn\u012bcas tor\u0146a pagalm\u0101. Re\u0123istr\u0113\u0161an\u0101s sacens\u012bb\u0101m s\u0101ksies no pulksten 9.30, bet starts \u2013 tie\u0161i desmitos. Lai iek\u013cautos v\u0113rt\u0113to ekip\u0101\u017eu skait\u0101, komand\u0101m ar aizpild\u012bt\u0101m darba lap\u0101m j\u0101ierodas fini\u0161\u0101 l\u012bdz pulksten 16. Dal\u012bba pas\u0101kum\u0101 ir bez maksas, ta\u010du ar iepriek\u0161\u0113ju pieteik\u0161anos.<\/p>\n<p>Interesantas ar t\u016brismu saist\u012btas aktivit\u0101tes Jelgav\u0101 un t\u0101s apk\u0101rtn\u0113 norisin\u0101sies ar\u012b oktobr\u012b. Jau piektaj\u0101 datum\u0101 pulksten 10 viet\u0113j\u0101s gides Zanes Gravas vad\u012bb\u0101 start\u0113s velobrauciens &#8220;Pret\u012b rudenim!&#8221;. Velobrauciena s\u0101kuma un beigu punkts k\u0101 parasti \u2013 pie Jelgavas Sv\u0113t\u0101s Tr\u012bsvien\u012bbas bazn\u012bcas tor\u0146a.<\/p>\n<p>Mar\u0161ruts ved\u012bs pa Jelgavu un Jelgavas novadu, pavisam kop\u0101 nobraucot aptuveni tr\u012bsdesmit piecus kilometrus.<\/p>\n<p>Dal\u012bba velobraucien\u0101 paredz\u0113ta tikai ar iepriek\u0161\u0113ju pieteik\u0161anos, rakstot uz e-pastu: &#8220;tic@tornis.jelgava.lv&#8221;.<\/p>\n<p>V\u0113l no 14. l\u012bdz 20. oktobrim Jelgav\u0101 un t\u0101s apk\u0101rtn\u0113 norisin\u0101sies gard\u0113\u017eu sv\u0113tki, kuru ietvaros pils\u0113tas iedz\u012bvot\u0101ji un viesi aicin\u0101ti uz tr\u012bspadsmit viet\u0113jiem \u0113din\u0101\u0161anas uz\u0146\u0113mumiem, lai nobaud\u012btu malt\u012btes, kas gatavotas no rudens velt\u0113m. \u0160\u012bs akcijas \u0113dienkartes, kafejn\u012bcu un restor\u0101nu darba laiki atrodami m\u0101jaslap\u0101 &#8220;www.visit.jelgava.lv&#8221;.<\/p>\n<p>Esi akt\u012bvs!<\/p>\n<p>Septembra p\u0113d\u0113j\u0101 ned\u0113\u013ca bija pasludin\u0101ta ar\u012b par Eiropas Sporta ned\u0113\u013cu, kuras ietvaros sporta dz\u012bves vad\u012bt\u0101ji, fizkult\u016bras skolot\u0101ji un treneri tika aicin\u0101ti organiz\u0113t akt\u012bvu, ar sp\u0113l\u0113m un stafet\u0113m piepild\u012btu atp\u016btu b\u0113rniem un skolu jaunie\u0161iem, iesp\u0113jams \u2013 kop\u0101 ar vi\u0146u vec\u0101kiem, lai rosin\u0101tu sporto\u0161anas paradumus un kop\u0101 b\u016b\u0161anas prieku gan skol\u0101, gan \u0123imen\u0113.<\/p>\n<p>Eiropas Sporta ned\u0113\u013cas nosl\u0113gum\u0101 28. septembr\u012b notiks &#8220;BeActive&#8221; p\u0101rg\u0101jiens ar kr\u0113slas posmu Kuld\u012bg\u0101, kura dal\u012bbnieki var\u0113s izstaig\u0101t Ventas ielejas takas no Ka\u013c\u0137u ielas kvart\u0101la ar neliel\u0101m ra\u017eotn\u0113m, darbn\u012bc\u0101m un kafejn\u012bc\u0101m l\u012bdz Pel\u010du pilij, zivju d\u012b\u0137iem, Ventas rumbai \u2013 Eiropas plat\u0101kajam \u016bdenskritumam un burv\u012bgajai, nule UNESCO mantojuma sarakst\u0101 iek\u013cautajai Kuld\u012bgas vecpils\u0113tai, kurai cauri tek Alek\u0161up\u012bte ar augst\u0101ko \u016bdenskritumu Latvij\u0101 (4,15 m). Dal\u012bba p\u0101rg\u0101jien\u0101 \u2013 bez maksas.<\/p>\n<p>28. septembr\u012b risin\u0101sies v\u0113l viens aizraujo\u0161s &#8220;BeActive&#8221; pas\u0101kums \u2013 nakts peld\u0113jums R\u012bg\u0101, Valmier\u0101 un Siguld\u0101, kur gan viet\u0113jiem iedz\u012bvot\u0101jiem, gan \u0161o pils\u0113tu viesiem b\u016bs iesp\u0113ja baud\u012bt pusstundu ilgu peld\u0113jumu \u012bpa\u0161i apgaismot\u0101 basein\u0101 un dz\u012bv\u0101s m\u016bzikas pavad\u012bb\u0101. Ar\u012b \u0161aj\u0101 pas\u0101kum\u0101 dal\u012bba ir bez maksas.<\/p>\n<p>Sestdien Kuld\u012bg\u0101 risin\u0101sies &#8220;BeActive&#8221; p\u0101rg\u0101jiens, uz kuru t\u0101 r\u012bkot\u0101ji aicina ar\u012b m\u0101j\u0101s ies\u0113d\u0113ju\u0161os.<\/p>","protected":false},"excerpt":{"rendered":"<p>Avots: Leta \u0160odien un r\u012bt T\u016brisma dienai velt\u012btas aktivit\u0101tes notiks Talsos, Kuld\u012bg\u0101 un Jelgav\u0101 Kop\u0161 1980. gada Pasaules t\u016brisma diena tiek atz\u012bm\u0113ta katru gadu 27. septembr\u012b, atceroties noz\u012bm\u012bgu notikumu t\u016brisma nozar\u0113 \u2013 ANO T\u016brisma organiz\u0101cijas Stat\u016btu pie\u0146em\u0161anas gadadienu (27.09.1970.). Turkl\u0101t \u0161is datums nav izv\u0113l\u0113ts nejau\u0161i, jo \u0161aj\u0101 laik\u0101 akt\u012bv\u0101 t\u016brisma sezona nosl\u0113dzas zieme\u013cu puslod\u0113 un [&hellip;]<\/p>\n","protected":false},"author":20,"featured_media":95973,"comment_status":"closed","ping_status":"closed","sticky":false,"template":"","format":"standard","meta":{"post_subheading":"","post_intro_title":"","post_intro_text":"","post_1_gallery":[],"post_main_content":"","post_banner_title":"","post_banner_text":"","post_source":"","post_faq":[],"post_toc":[],"post_conversion_block":"","post_ai_summary":"","footnotes":""},"categories":[398],"tags":[895,889,694],"country":[],"class_list":["post-95972","post","type-post","status-publish","format-standard","has-post-thumbnail","hentry","category-jaunumi","tag-jaunumi","tag-leta","tag-turisms"],"_links":{"self":[{"href":"https:\/\/new.tripthis.eu\/en\/wp-json\/wp\/v2\/posts\/95972","targetHints":{"allow":["GET"]}}],"collection":[{"href":"https:\/\/new.tripthis.eu\/en\/wp-json\/wp\/v2\/posts"}],"about":[{"href":"https:\/\/new.tripthis.eu\/en\/wp-json\/wp\/v2\/types\/post"}],"author":[{"embeddable":true,"href":"https:\/\/new.tripthis.eu\/en\/wp-json\/wp\/v2\/users\/20"}],"replies":[{"embeddable":true,"href":"https:\/\/new.tripthis.eu\/en\/wp-json\/wp\/v2\/comments?post=95972"}],"version-history":[{"count":0,"href":"https:\/\/new.tripthis.eu\/en\/wp-json\/wp\/v2\/posts\/95972\/revisions"}],"wp:featuredmedia":[{"embeddable":true,"href":"https:\/\/new.tripthis.eu\/en\/wp-json\/"}],"wp:attachment":[{"href":"https:\/\/new.tripthis.eu\/en\/wp-json\/wp\/v2\/media?parent=95972"}],"wp:term":[{"taxonomy":"category","embeddable":true,"href":"https:\/\/new.tripthis.eu\/en\/wp-json\/wp\/v2\/categories?post=95972"},{"taxonomy":"post_tag","embeddable":true,"href":"https:\/\/new.tripthis.eu\/en\/wp-json\/wp\/v2\/tags?post=95972"},{"taxonomy":"country","embeddable":true,"href":"https:\/\/new.tripthis.eu\/en\/wp-json\/wp\/v2\/country?post=95972"}],"curies":[{"name":"wp","href":"https:\/\/api.w.org\/{rel}","templated":true}]}}