{"id":86312,"date":"2024-09-14T09:57:47","date_gmt":"2024-09-14T09:57:47","guid":{"rendered":"https:\/\/tripthis.eu\/?p=86312"},"modified":"2024-09-14T09:57:47","modified_gmt":"2024-09-14T09:57:47","slug":"kuldiga-notiks-festivals-audzs-kurzeme-2","status":"publish","type":"post","link":"https:\/\/new.tripthis.eu\/en\/kuldiga-notiks-festivals-audzs-kurzeme-2\/","title":{"rendered":"Kuld\u012bg\u0101 notiks festiv\u0101ls &#8220;Audz\u2019s Kurzem\u0113&#8221;"},"content":{"rendered":"<p>Source.<\/p>\n<p>R\u012bga, 14.sept., LETA. Kuld\u012bg\u0101 \u0161odien pirmo reizi notiks festiv\u0101ls &#8220;Audz\u2019s Kurzem\u0113&#8221;, a\u0123ent\u016bru LETA inform\u0113ja festiv\u0101la rado\u0161\u0101s komandas p\u0101rst\u0101ve Jana Bergmane.<\/p>\n<p>Pas\u0101kums norisin\u0101sies Kuld\u012bgas vec\u0101 \u0137ie\u0123elu tilta apk\u0101rtn\u0113, svinot tilta 150 gadu jubileju. Visas dienas garum\u0101 ab\u0101s t\u0101 pus\u0113s str\u0101d\u0101s \u0113din\u0101t\u0101ji, notiks tirgo\u0161an\u0101s ar viet\u0113jo ra\u017eot\u0101ju produkciju, k\u0101 ar\u012b da\u017e\u0101das meistarklases un aktivit\u0101tes. St\u0101vlaukum\u0101 pie &#8220;Cafe Riverside&#8221; var\u0113s ieg\u0101d\u0101ties da\u017e\u0101dus viet\u0113jo saimniec\u012bbu produktus, iepaz\u012bstot pa\u0161us ra\u017eot\u0101jus.<\/p>\n<p>Savuk\u0101rt skv\u0113r\u0101 pie M\u0101rti\u0146salas kan\u0101la plkst.13 uzst\u0101sies saksofonists Edgars K\u0101rkli\u0146\u0161 un dzied\u0101t\u0101js J\u0101nis Narkevics un citi. Skv\u0113r\u0101 b\u016bs skat\u0101mas ar\u012b kurzemnieku st\u0101vizr\u0101des.<\/p>\n<p>Vair\u0101k par bioekonomiku, saimniec\u012bbas vad\u012bbu un ilgtsp\u0113j\u012bgu kulin\u0101riju un viet\u0113jo produktu v\u0113rt\u012bb\u0101m ikdienas dz\u012bv\u0113 Pils iel\u0101 2 st\u0101st\u012bs Agnese Hauka, Liene Kli\u0161\u0101ne un Valters Zirdzi\u0146\u0161. Turpat notiks ar\u012b aktivit\u0101tes \u0123imen\u0113m ar b\u0113rniem.<\/p>","protected":false},"excerpt":{"rendered":"<p>Avots: Leta R\u012bga, 14.sept., LETA. Kuld\u012bg\u0101 \u0161odien pirmo reizi notiks festiv\u0101ls &#8220;Audz\u2019s Kurzem\u0113&#8221;, a\u0123ent\u016bru LETA inform\u0113ja festiv\u0101la rado\u0161\u0101s komandas p\u0101rst\u0101ve Jana Bergmane. Pas\u0101kums norisin\u0101sies Kuld\u012bgas vec\u0101 \u0137ie\u0123elu tilta apk\u0101rtn\u0113, svinot tilta 150 gadu jubileju. Visas dienas garum\u0101 ab\u0101s t\u0101 pus\u0113s str\u0101d\u0101s \u0113din\u0101t\u0101ji, notiks tirgo\u0161an\u0101s ar viet\u0113jo ra\u017eot\u0101ju produkciju, k\u0101 ar\u012b da\u017e\u0101das meistarklases un aktivit\u0101tes. St\u0101vlaukum\u0101 [&hellip;]<\/p>\n","protected":false},"author":20,"featured_media":32699,"comment_status":"closed","ping_status":"closed","sticky":false,"template":"","format":"standard","meta":{"post_subheading":"","post_intro_title":"","post_intro_text":"","post_1_gallery":[],"post_main_content":"","post_banner_title":"","post_banner_text":"","post_source":"","post_faq":[],"post_toc":[],"post_conversion_block":"","post_ai_summary":"","footnotes":""},"categories":[398],"tags":[871,895,905,694],"country":[],"class_list":["post-86312","post","type-post","status-publish","format-standard","has-post-thumbnail","hentry","category-jaunumi","tag-festivals","tag-jaunumi","tag-kuldiga","tag-turisms"],"_links":{"self":[{"href":"https:\/\/new.tripthis.eu\/en\/wp-json\/wp\/v2\/posts\/86312","targetHints":{"allow":["GET"]}}],"collection":[{"href":"https:\/\/new.tripthis.eu\/en\/wp-json\/wp\/v2\/posts"}],"about":[{"href":"https:\/\/new.tripthis.eu\/en\/wp-json\/wp\/v2\/types\/post"}],"author":[{"embeddable":true,"href":"https:\/\/new.tripthis.eu\/en\/wp-json\/wp\/v2\/users\/20"}],"replies":[{"embeddable":true,"href":"https:\/\/new.tripthis.eu\/en\/wp-json\/wp\/v2\/comments?post=86312"}],"version-history":[{"count":0,"href":"https:\/\/new.tripthis.eu\/en\/wp-json\/wp\/v2\/posts\/86312\/revisions"}],"wp:featuredmedia":[{"embeddable":true,"href":"https:\/\/new.tripthis.eu\/en\/wp-json\/wp\/v2\/media\/32699"}],"wp:attachment":[{"href":"https:\/\/new.tripthis.eu\/en\/wp-json\/wp\/v2\/media?parent=86312"}],"wp:term":[{"taxonomy":"category","embeddable":true,"href":"https:\/\/new.tripthis.eu\/en\/wp-json\/wp\/v2\/categories?post=86312"},{"taxonomy":"post_tag","embeddable":true,"href":"https:\/\/new.tripthis.eu\/en\/wp-json\/wp\/v2\/tags?post=86312"},{"taxonomy":"country","embeddable":true,"href":"https:\/\/new.tripthis.eu\/en\/wp-json\/wp\/v2\/country?post=86312"}],"curies":[{"name":"wp","href":"https:\/\/api.w.org\/{rel}","templated":true}]}}