{"id":78619,"date":"2024-08-25T06:25:48","date_gmt":"2024-08-25T06:25:48","guid":{"rendered":"https:\/\/tripthis.eu\/?p=78619"},"modified":"2024-08-25T06:25:48","modified_gmt":"2024-08-25T06:25:48","slug":"maya-cafe-days-continue-in-the-municipality-of-balvi","status":"publish","type":"post","link":"https:\/\/new.tripthis.eu\/en\/maya-cafe-days-continue-in-the-municipality-of-balvi\/","title":{"rendered":"Home Caf\u00e9 Days continue in Balvi District\u201c"},"content":{"rendered":"<p>Source.<\/p>\n<p>R\u012bga, 25.aug., LETA. Balvu novad\u0101 \u0161odien turpin\u0101s &#8220;M\u0101jas kafejn\u012bcu dienas&#8221;, a\u0123ent\u016bru LETA inform\u0113ja T\u016brisma organizatore Zieme\u013clatgales biznesa un t\u016brisma centr\u0101 Ineta Bord\u0101ne.<\/p>\n<p>Viesus gaida 15 m\u0101jas kafejn\u012bcas &#8211; Balvos &#8220;Arnita un draugi&#8221; un &#8220;Azote &#8211; karmas kafejn\u012bca&#8221;, Til\u017e\u0101 &#8220;Aizezeri&#8221;, &#8220;Ka\u0146ep\u012bte JBN&#8221; un &#8220;Michelin pie R\u016bsa v\u0113j\u0101&#8221;, Baltinav\u0101 &#8220;D\u012b\u0137malas&#8221;, Balvu pagasta Centramui\u017e\u0101 &#8220;Ezera nami\u0146\u0161&#8221; un Vi\u013cak\u0101 &#8220;Gar\u0161u sarunas Ezert\u016br\u0113&#8221;.<\/p>\n<p>T\u0101pat Balvu pagast\u0101 b\u016bs pieejama kafejn\u012bca &#8220;Pie Mildi\u0146as&#8221;, Balvu pagasta K\u0101rkliniekos &#8211; &#8220;Ran\u010do gar\u0161u festiv\u0101ls&#8221;, Rekov\u0101 &#8211; &#8220;Rekovas dzirnavas&#8221;, Rug\u0101ju pagast\u0101 &#8211; &#8220;Sp\u0101\u0123i&#8221;, \u0160\u0137ilb\u0113nu pagasta Stab\u013cov\u0101 &#8211; &#8220;Stab\u013covas \u0137iploks un medus&#8221;, Kri\u0161j\u0101\u0146os &#8211; &#8220;Divys rodnis&#8221;, \u0160\u0137ilb\u0113nu pagasta Ze\u013c\u010dos &#8211; &#8220;Ze\u013c\u010dusolas stuosti&#8221;.<\/p>\n<p>M\u0101jas kafejn\u012bcu dien\u0101 pagalmi, d\u0101rzi, s\u0113tas un citas vietas, kur ikdien\u0101 nenotiek \u0113din\u0101\u0161anas pakalpojumu snieg\u0161anu, p\u0101rv\u0113r\u0161as par vienas dienas kafejn\u012bc\u0101m. Interesentiem tiek pied\u0101v\u0101ts nogar\u0161ot uz vietas tapu\u0161u \u0113dienu, baud\u012bt kult\u016bras programmu un atp\u016btas un izklaides iesp\u0113jas. M\u0101jas kafejn\u012bcu dien\u0101 var paviesoties ar\u012b pie \u013caud\u012bm, kas ikdien\u0101 neuz\u0146em t\u016bristus un nav profesion\u0101li pav\u0101ri, bet \u0161oreiz gatavi priec\u0113t viesus ar pa\u0161u gatavotiem \u0113dieniem un viesm\u012bl\u012bbu, rad\u012bt sv\u0113tku atmosf\u0113ru un unik\u0101lu piedz\u012bvojumu.<\/p>","protected":false},"excerpt":{"rendered":"<p>Avots: Leta R\u012bga, 25.aug., LETA. Balvu novad\u0101 \u0161odien turpin\u0101s &#8220;M\u0101jas kafejn\u012bcu dienas&#8221;, a\u0123ent\u016bru LETA inform\u0113ja T\u016brisma organizatore Zieme\u013clatgales biznesa un t\u016brisma centr\u0101 Ineta Bord\u0101ne. Viesus gaida 15 m\u0101jas kafejn\u012bcas &#8211; Balvos &#8220;Arnita un draugi&#8221; un &#8220;Azote &#8211; karmas kafejn\u012bca&#8221;, Til\u017e\u0101 &#8220;Aizezeri&#8221;, &#8220;Ka\u0146ep\u012bte JBN&#8221; un &#8220;Michelin pie R\u016bsa v\u0113j\u0101&#8221;, Baltinav\u0101 &#8220;D\u012b\u0137malas&#8221;, Balvu pagasta Centramui\u017e\u0101 &#8220;Ezera nami\u0146\u0161&#8221; [&hellip;]<\/p>\n","protected":false},"author":20,"featured_media":78620,"comment_status":"open","ping_status":"closed","sticky":false,"template":"","format":"standard","meta":{"post_subheading":"","post_intro_title":"","post_intro_text":"","post_1_gallery":[],"post_main_content":"","post_banner_title":"","post_banner_text":"","post_source":"","post_faq":[],"post_toc":[],"post_conversion_block":"","post_ai_summary":"","footnotes":""},"categories":[398],"tags":[895,441,694],"country":[],"class_list":["post-78619","post","type-post","status-publish","format-standard","has-post-thumbnail","hentry","category-jaunumi","tag-jaunumi","tag-latvija","tag-turisms"],"_links":{"self":[{"href":"https:\/\/new.tripthis.eu\/en\/wp-json\/wp\/v2\/posts\/78619","targetHints":{"allow":["GET"]}}],"collection":[{"href":"https:\/\/new.tripthis.eu\/en\/wp-json\/wp\/v2\/posts"}],"about":[{"href":"https:\/\/new.tripthis.eu\/en\/wp-json\/wp\/v2\/types\/post"}],"author":[{"embeddable":true,"href":"https:\/\/new.tripthis.eu\/en\/wp-json\/wp\/v2\/users\/20"}],"replies":[{"embeddable":true,"href":"https:\/\/new.tripthis.eu\/en\/wp-json\/wp\/v2\/comments?post=78619"}],"version-history":[{"count":0,"href":"https:\/\/new.tripthis.eu\/en\/wp-json\/wp\/v2\/posts\/78619\/revisions"}],"wp:featuredmedia":[{"embeddable":true,"href":"https:\/\/new.tripthis.eu\/en\/wp-json\/"}],"wp:attachment":[{"href":"https:\/\/new.tripthis.eu\/en\/wp-json\/wp\/v2\/media?parent=78619"}],"wp:term":[{"taxonomy":"category","embeddable":true,"href":"https:\/\/new.tripthis.eu\/en\/wp-json\/wp\/v2\/categories?post=78619"},{"taxonomy":"post_tag","embeddable":true,"href":"https:\/\/new.tripthis.eu\/en\/wp-json\/wp\/v2\/tags?post=78619"},{"taxonomy":"country","embeddable":true,"href":"https:\/\/new.tripthis.eu\/en\/wp-json\/wp\/v2\/country?post=78619"}],"curies":[{"name":"wp","href":"https:\/\/api.w.org\/{rel}","templated":true}]}}