{"id":77859,"date":"2024-08-21T11:19:25","date_gmt":"2024-08-21T11:19:25","guid":{"rendered":"https:\/\/tripthis.eu\/?p=77859"},"modified":"2024-08-21T11:19:25","modified_gmt":"2024-08-21T11:19:25","slug":"lidojumi-no-rigas-uz-ibizu-sakot-no-e90-turp-atpakal-3-viesnica-ibiza-par-e120-diennakti","status":"publish","type":"post","link":"https:\/\/new.tripthis.eu\/en\/lidojumi-no-rigas-uz-ibizu-sakot-no-e90-turp-atpakal-3-viesnica-ibiza-par-e120-diennakti\/","title":{"rendered":"Lidojumi no R\u012bgas uz Ibizu s\u0101kot no \u20ac90 (turp-atpaka\u013c) + 3* viesn\u012bca Ibiz\u0101 par \u20ac120 diennakt\u012b!"},"content":{"rendered":"<p>Dodies uz popul\u0101r\u0101ko no Bele\u0101ru salu arhipel\u0101ga sal\u0101m &#8211; Ibizu ruden\u012b tikai par <strong>\u20ac90 <\/strong>(turp-atpaka\u013c). Tev b\u016bs iesp\u0113ja baud\u012bt salas burv\u012bbu izklaid\u0113joties naktsklubos, atp\u016b\u0161oties \u016bdens atrakciju park\u0101 Aguamar, dodies ar ku\u0123\u012bti uz blakus eso\u0161o salu Formentera vai ar\u012b \u013caujies nesteidz\u012bg\u0101m pastaig\u0101m gar Vidusj\u016bras krastu. Noteikti j\u0101atceras apmekl\u0113t ar\u012b hipiju kr\u0101mu tirgus &#8221;Las Dalias&#8221;, un protams, &#8221;Dalt Vila&#8221; v\u0113sturisko teritoriju!<\/p>\n<p><strong>Lidojums turp: R\u012bga \u2013 Par\u012bze\u2013 Ibiza<\/strong><br \/>\n<strong>Lidojums atpaka\u013c : Ibiza \u2013 Man\u010destera \u2013 R\u012bga<br \/>\n<\/strong><\/p>\n<p><strong>LIDOJUMU DATUMI:<\/strong><\/p>\n<ul>\n<li>13.10 &#8211; 16.10 \u20ac90 (4 dienas)<\/li>\n<li>13.10 &#8211; 22.10 \u20ac99 (10 dienas)<\/li>\n<li>15.10 &#8211; 22.10 \u20ac106 (8 dienas)<\/li>\n<li>08.10 &#8211; 16.10 \u20ac107 (9 dienas)<\/li>\n<li>30.09 &#8211; 16.10 \u20ac110 (17 dienas)<\/li>\n<li>*Bi\u013ce\u0161u cenas var main\u012bties<\/li>\n<\/ul>\n<p><strong>Piem\u0113rs bi\u013ce\u0161u cen\u0101m:<\/strong><\/p>\n<p><img fetchpriority=\"high\" decoding=\"async\" class=\"alignnone size-full wp-image-77860\" src=\"https:\/\/new.tripthis.eu\/wp-content\/uploads\/2024\/08\/Screenshot-2024-08-21-135131.png\" alt=\"L\u0113tas aviobi\u013cetes uz Ibizu Sp\u0101nij\u0101\" width=\"928\" height=\"299\" \/><\/p>\n<h2 style=\"text-align: center;\">Aviobi\u013cetes mekl\u0113 Ryanair m\u0101jaslap\u0101<\/h2>\n<p>&nbsp;<\/p>\n<p><a href=\"https:\/\/www.booking.com\/hotel\/es\/invisa-ereso.en.html?aid=7902493&amp;checkin_monthday=13&amp;checkin_month=10&amp;checkin_year=2024&amp;checkout_monthday=16&amp;checkout_month=10&amp;checkout_year=2024&amp;no_rooms=1&amp;group_adults=2\" target=\"_blank\" rel=\"noopener\"><img decoding=\"async\" class=\"aligncenter wp-image-77862 size-full\" src=\"https:\/\/new.tripthis.eu\/wp-content\/uploads\/2024\/08\/Screenshot-2024-08-21-141350.png\" alt=\"L\u0113tas aviobi\u013cetes uz Ibizu Sp\u0101nij\u0101\" width=\"817\" height=\"265\" \/><\/a><\/p>\n<h2 style=\"text-align: center;\"><a href=\"https:\/\/www.booking.com\/hotel\/es\/invisa-ereso.en.html?aid=7902493&amp;checkin_monthday=13&amp;checkin_month=10&amp;checkin_year=2024&amp;checkout_monthday=16&amp;checkout_month=10&amp;checkout_year=2024&amp;no_rooms=1&amp;group_adults=2\" target=\"_blank\" rel=\"noopener\">3* viesn\u012bca Ibiz\u0101 par \u20ac120 diennakt\u012b! Pied\u0101v\u0101jumu mekl\u0113 \u0161eit!<\/a><\/h2>\n<h4>[INSERT_ELEMENTOR id=&#8221;23936&#8243;]<\/h4>\n","protected":false},"excerpt":{"rendered":"<p>Dodies uz popul\u0101r\u0101ko no Bele\u0101ru salu arhipel\u0101ga sal\u0101m &#8211; Ibizu ruden\u012b tikai par \u20ac90 (turp-atpaka\u013c). Tev b\u016bs iesp\u0113ja baud\u012bt salas burv\u012bbu izklaid\u0113joties naktsklubos, atp\u016b\u0161oties \u016bdens atrakciju park\u0101 Aguamar, dodies ar ku\u0123\u012bti uz blakus eso\u0161o salu Formentera vai ar\u012b \u013caujies nesteidz\u012bg\u0101m pastaig\u0101m gar Vidusj\u016bras krastu. Noteikti j\u0101atceras apmekl\u0113t ar\u012b hipiju kr\u0101mu tirgus &#8221;Las Dalias&#8221;, un protams, [&hellip;]<\/p>\n","protected":false},"author":20,"featured_media":77861,"comment_status":"open","ping_status":"closed","sticky":false,"template":"","format":"standard","meta":{"post_subheading":"","post_intro_title":"","post_intro_text":"","post_1_gallery":[],"post_main_content":"","post_banner_title":"","post_banner_text":"","post_source":"","post_faq":[],"post_toc":[],"post_conversion_block":"","post_ai_summary":"","footnotes":""},"categories":[383],"tags":[399,482,554,385,541,390],"country":[],"class_list":["post-77859","post","type-post","status-publish","format-standard","has-post-thumbnail","hentry","category-letas-aviobiletes","tag-399","tag-ibiza","tag-oktobris","tag-ryanair","tag-septembris","tag-aviobiletes-uz-spaniju"],"_links":{"self":[{"href":"https:\/\/new.tripthis.eu\/en\/wp-json\/wp\/v2\/posts\/77859","targetHints":{"allow":["GET"]}}],"collection":[{"href":"https:\/\/new.tripthis.eu\/en\/wp-json\/wp\/v2\/posts"}],"about":[{"href":"https:\/\/new.tripthis.eu\/en\/wp-json\/wp\/v2\/types\/post"}],"author":[{"embeddable":true,"href":"https:\/\/new.tripthis.eu\/en\/wp-json\/wp\/v2\/users\/20"}],"replies":[{"embeddable":true,"href":"https:\/\/new.tripthis.eu\/en\/wp-json\/wp\/v2\/comments?post=77859"}],"version-history":[{"count":0,"href":"https:\/\/new.tripthis.eu\/en\/wp-json\/wp\/v2\/posts\/77859\/revisions"}],"wp:featuredmedia":[{"embeddable":true,"href":"https:\/\/new.tripthis.eu\/en\/wp-json\/"}],"wp:attachment":[{"href":"https:\/\/new.tripthis.eu\/en\/wp-json\/wp\/v2\/media?parent=77859"}],"wp:term":[{"taxonomy":"category","embeddable":true,"href":"https:\/\/new.tripthis.eu\/en\/wp-json\/wp\/v2\/categories?post=77859"},{"taxonomy":"post_tag","embeddable":true,"href":"https:\/\/new.tripthis.eu\/en\/wp-json\/wp\/v2\/tags?post=77859"},{"taxonomy":"country","embeddable":true,"href":"https:\/\/new.tripthis.eu\/en\/wp-json\/wp\/v2\/country?post=77859"}],"curies":[{"name":"wp","href":"https:\/\/api.w.org\/{rel}","templated":true}]}}