{"id":76365,"date":"2024-08-09T13:52:31","date_gmt":"2024-08-09T13:52:31","guid":{"rendered":"https:\/\/tripthis.eu\/?p=76365"},"modified":"2024-08-09T13:52:31","modified_gmt":"2024-08-09T13:52:31","slug":"lidojumi-no-rigas-uz-zenevu-sakot-no-e95-turp-atpakal-viesnica-zeneva-par-e109-diennakti","status":"publish","type":"post","link":"https:\/\/new.tripthis.eu\/en\/lidojumi-no-rigas-uz-zenevu-sakot-no-e95-turp-atpakal-viesnica-zeneva-par-e109-diennakti\/","title":{"rendered":"Flights from Riga to Geneva from \u20ac95 (return) + hotel in Geneva for \u20ac109 per day!"},"content":{"rendered":"<p>Lidojumi no R\u012bgas uz \u017den\u0113vu septembr\u012b par pievilc\u012bgu cenu no <strong>\u20ac95<\/strong>\u00a0 (turp-atpaka\u013c)! Nelaid gar\u0101m iesp\u0113ju apskat\u012bt \u017den\u0113vas vecpils\u0113tu, kur slejas 1160.gad\u0101 celt\u0101 Sv.Pj\u0113ra katedr\u0101le un no kuras zieme\u013cu tor\u0146a paveras \u012bpa\u0161i skaists\u00a0skats uz pils\u0113tu. Apskati ar\u012b gleznaino \u017den\u0113vas ezeru, kur atrodas\u00a0Jet d&#8217;Eau str\u016bklaka un ko ieskauj Alpi. Str\u016bklakas augstums sasniedz 140 metru augstumu un to iesp\u0113jams saskat\u012bt no visda\u017e\u0101d\u0101kaj\u0101m viet\u0101m pils\u0113t\u0101.<\/p>\n<p><span style=\"color: #000000;\"><strong>Lidojums turp: R\u012bga \u2013 Berl\u012bne \u2013 \u017den\u0113va<br \/>\nLidojums atpaka\u013c :\u00a0 \u017den\u0113va \u2013 Stokholma \u2013 R\u012bga<\/strong><\/span><\/p>\n<p><span style=\"color: #000000;\"><strong>LIDOJUMU DATUMI:<\/strong><\/span><\/p>\n<ul style=\"list-style-type: circle;\">\n<li><span style=\"color: #000000;\">12.09 &#8211; 23.09 \u20ac95 (12 dienas)<\/span><\/li>\n<li><span style=\"color: #000000;\">12.09 &#8211; 16.09 \u20ac100 (5 dienas)<\/span><\/li>\n<li><span style=\"color: #000000;\">15.09 &#8211; 16.09 \u20ac100 (12 dienas)<\/span><\/li>\n<li><span style=\"color: #000000;\">26.09 &#8211; 30.09 \u20ac101 (5 dienas)<\/span><\/li>\n<li><span style=\"color: #000000;\">24.09 &#8211; 30.09 \u20ac101 (7 dienas)<\/span><br \/>\n<span style=\"color: #000000;\">*Bi\u013ce\u0161u cenas var main\u012bties<\/span><\/li>\n<\/ul>\n<p><span style=\"color: #000000;\"><strong>Piem\u0113rs bi\u013ce\u0161u cen\u0101m:<\/strong><\/span><\/p>\n<p><img fetchpriority=\"high\" decoding=\"async\" class=\"alignnone size-full wp-image-76366\" src=\"https:\/\/new.tripthis.eu\/wp-content\/uploads\/2024\/08\/Screenshot-2024-08-09-162045.png\" alt=\"L\u0113tas aviobi\u013cetes uz \u017den\u0113vu \u010cehij\u0101\" width=\"927\" height=\"298\" \/><\/p>\n<h2 style=\"text-align: center;\"><span style=\"color: #000000;\">Aviobi\u013cetes mekl\u0113 Ryanair un EasyJet m\u0101jaslap\u0101s<\/span><\/h2>\n<p>&nbsp;<\/p>\n<p><a href=\"https:\/\/www.booking.com\/hotel\/ch\/rhodania-boutique.en.html?aid=7902493&amp;checkin_monthday=12&amp;checkin_month=9&amp;checkin_year=2024&amp;checkout_monthday=23&amp;checkout_month=9&amp;checkout_year=2024&amp;no_rooms=1&amp;group_adults=2\" target=\"_blank\" rel=\"noopener\"><img decoding=\"async\" class=\"aligncenter wp-image-76369 size-full\" src=\"https:\/\/new.tripthis.eu\/wp-content\/uploads\/2024\/08\/Screenshot-2024-08-09-164743.png\" alt=\"L\u0113tas aviobi\u013cetes uz \u017den\u0113vu \u010cehij\u0101\" width=\"805\" height=\"265\" \/><\/a><\/p>\n<h2 style=\"text-align: center;\"><span style=\"color: #000000;\"><a style=\"color: #000000;\" href=\"https:\/\/www.booking.com\/hotel\/ch\/rhodania-boutique.en.html?aid=7902493&amp;checkin_monthday=12&amp;checkin_month=9&amp;checkin_year=2024&amp;checkout_monthday=23&amp;checkout_month=9&amp;checkout_year=2024&amp;no_rooms=1&amp;group_adults=2\" target=\"_blank\" rel=\"noopener\">Viesn\u012bca \u017den\u0113v\u0101 par \u20ac109 diennakt\u012b! Pied\u0101v\u0101jumu mekl\u0113 \u0161eit!<\/a><\/span><\/h2>\n<p>[INSERT_ELEMENTOR id=&#8221;23936&#8243;]<\/p>\n<p>&nbsp;<\/p>\n","protected":false},"excerpt":{"rendered":"<p>Lidojumi no R\u012bgas uz \u017den\u0113vu septembr\u012b par pievilc\u012bgu cenu no \u20ac95\u00a0 (turp-atpaka\u013c)! Nelaid gar\u0101m iesp\u0113ju apskat\u012bt \u017den\u0113vas vecpils\u0113tu, kur slejas 1160.gad\u0101 celt\u0101 Sv.Pj\u0113ra katedr\u0101le un no kuras zieme\u013cu tor\u0146a paveras \u012bpa\u0161i skaists\u00a0skats uz pils\u0113tu. Apskati ar\u012b gleznaino \u017den\u0113vas ezeru, kur atrodas\u00a0Jet d&#8217;Eau str\u016bklaka un ko ieskauj Alpi. Str\u016bklakas augstums sasniedz 140 metru augstumu un to [&hellip;]<\/p>\n","protected":false},"author":20,"featured_media":76367,"comment_status":"open","ping_status":"closed","sticky":false,"template":"","format":"standard","meta":{"post_subheading":"","post_intro_title":"","post_intro_text":"","post_1_gallery":[],"post_main_content":"","post_banner_title":"","post_banner_text":"","post_source":"","post_faq":[],"post_toc":[],"post_conversion_block":"","post_ai_summary":"","footnotes":""},"categories":[383],"tags":[399,893,385,541,894,567],"country":[],"class_list":["post-76365","post","type-post","status-publish","format-standard","has-post-thumbnail","hentry","category-letas-aviobiletes","tag-399","tag-easyjey","tag-ryanair","tag-septembris","tag-sveice","tag-zeneva"],"_links":{"self":[{"href":"https:\/\/new.tripthis.eu\/en\/wp-json\/wp\/v2\/posts\/76365","targetHints":{"allow":["GET"]}}],"collection":[{"href":"https:\/\/new.tripthis.eu\/en\/wp-json\/wp\/v2\/posts"}],"about":[{"href":"https:\/\/new.tripthis.eu\/en\/wp-json\/wp\/v2\/types\/post"}],"author":[{"embeddable":true,"href":"https:\/\/new.tripthis.eu\/en\/wp-json\/wp\/v2\/users\/20"}],"replies":[{"embeddable":true,"href":"https:\/\/new.tripthis.eu\/en\/wp-json\/wp\/v2\/comments?post=76365"}],"version-history":[{"count":0,"href":"https:\/\/new.tripthis.eu\/en\/wp-json\/wp\/v2\/posts\/76365\/revisions"}],"wp:featuredmedia":[{"embeddable":true,"href":"https:\/\/new.tripthis.eu\/en\/wp-json\/"}],"wp:attachment":[{"href":"https:\/\/new.tripthis.eu\/en\/wp-json\/wp\/v2\/media?parent=76365"}],"wp:term":[{"taxonomy":"category","embeddable":true,"href":"https:\/\/new.tripthis.eu\/en\/wp-json\/wp\/v2\/categories?post=76365"},{"taxonomy":"post_tag","embeddable":true,"href":"https:\/\/new.tripthis.eu\/en\/wp-json\/wp\/v2\/tags?post=76365"},{"taxonomy":"country","embeddable":true,"href":"https:\/\/new.tripthis.eu\/en\/wp-json\/wp\/v2\/country?post=76365"}],"curies":[{"name":"wp","href":"https:\/\/api.w.org\/{rel}","templated":true}]}}