{"id":288926,"date":"2024-07-26T05:47:08","date_gmt":"2024-07-26T05:47:08","guid":{"rendered":"https:\/\/tripthis.eu\/?p=60759"},"modified":"2024-07-26T05:47:08","modified_gmt":"2024-07-26T05:47:08","slug":"celojums-no-rigas-uz-horvatijas-pilsetu-zadaru-sakot-no-e74-turp-atpakal-apartamenti-zadara-par-e54-diennakti","status":"publish","type":"post","link":"https:\/\/new.tripthis.eu\/en\/celojums-no-rigas-uz-horvatijas-pilsetu-zadaru-sakot-no-e74-turp-atpakal-apartamenti-zadara-par-e54-diennakti\/","title":{"rendered":"Ce\u013cojums no R\u012bgas uz Horv\u0101tijas pils\u0113tu Zadaru s\u0101kot no \u20ac74 (turp-atpaka\u013c) + apartamenti Zadar\u0101 par \u20ac54 diennakt\u012b!"},"content":{"rendered":"<p>Ce\u013cojums no R\u012bgas uz Horv\u0101tiju! Horv\u0101tij\u0101 baudi Adrijas j\u016bras dzidros \u016bde\u0146us, viduslaiku pils\u0113tas, apburo\u0161\u0101s kalnu ainavas, k\u0101 ar\u012b noteikti apmekl\u0113 vienu no iev\u0113rojam\u0101kajiem Horv\u0101tijas apskates objektiem &#8211; Plitvices ezera nacion\u0101lo parku, kas sast\u0101v no vair\u0101kiem ezeriem un elpu aizraujo\u0161iem \u016bdenskritumiem. Zadar\u0101 ieteicams apskat\u012bt Kornati nacion\u0101lo parku un doties ekskursij\u0101 izp\u0113t\u012bt Dalm\u0101cijas piekrasti!<\/p>\n<p>&nbsp;<\/p>\n<h3><strong>LIDOJUMU DATUMI:<\/strong><\/h3>\n<p><strong>Lidojums turp: R\u012bga &#8211; Stokholma &#8211; Zadara<\/strong><strong><br \/>\nLidojums atpaka\u013c : Zadara &#8211; Stokholma &#8211; R\u012bga<br \/>\n<\/strong><\/p>\n<ul style=\"list-style-type: circle;\">\n<li>25.08 &#8211; 04.09 \u20ac74 (11 dienas)<\/li>\n<li>28.08 &#8211; 04.09 \u20ac76 (8 dienas)<\/li>\n<li>04.09 &#8211; 18.09 \u20ac78 (15 dienas)<\/li>\n<li>04.09 &#8211; 11.09 \u20ac78 (8 dienas)<\/li>\n<li>25.08 &#8211; 28.08 \u20ac79 (4 dienas)<\/li>\n<li><span style=\"font-size: 14px;\">*Bi\u013ce\u0161u cenas var main\u012bties<\/span><\/li>\n<\/ul>\n<p><strong>Piem\u0113rs bi\u013ce\u0161u cen\u0101m:<\/strong><\/p>\n<p><img fetchpriority=\"high\" decoding=\"async\" class=\"alignnone size-full wp-image-60760\" src=\"https:\/\/new.tripthis.eu\/wp-content\/uploads\/2024\/07\/Screenshot-2024-07-26-083211.png\" alt=\"L\u0113tas aviobi\u013cetes uz Zadaru Horv\u0101tij\u0101\" width=\"930\" height=\"299\" \/><\/p>\n<h2 style=\"text-align: center;\">Aviobi\u013cetes mekl\u0113 Ryanair un AirBaltic m\u0101jaslap\u0101s<\/h2>\n<p>&nbsp;<\/p>\n<p><a href=\"https:\/\/www.booking.com\/hotel\/hr\/apartment-uf3-in-croatia.en.html?aid=7902493&amp;checkin_monthday=25&amp;checkin_month=8&amp;checkin_year=2024&amp;checkout_monthday=4&amp;checkout_month=9&amp;checkout_year=2024&amp;no_rooms=1&amp;group_adults=2\" target=\"_blank\" rel=\"noopener\"><img decoding=\"async\" class=\"aligncenter wp-image-60761 size-full\" src=\"https:\/\/new.tripthis.eu\/wp-content\/uploads\/2024\/07\/Screenshot-2024-07-26-083812.png\" alt=\"L\u0113tas aviobi\u013cetes uz Zadaru Horv\u0101tij\u0101\" width=\"805\" height=\"262\" \/><\/a><\/p>\n<h2 style=\"text-align: center;\"><a href=\"https:\/\/www.booking.com\/hotel\/hr\/apartment-uf3-in-croatia.en.html?aid=7902493&amp;checkin_monthday=25&amp;checkin_month=8&amp;checkin_year=2024&amp;checkout_monthday=4&amp;checkout_month=9&amp;checkout_year=2024&amp;no_rooms=1&amp;group_adults=2\" target=\"_blank\" rel=\"noopener\">Apartamenti Zadar\u0101 par \u20ac54 diennakt\u012b! Pied\u0101v\u0101jumu mekl\u0113 \u0161eit!<\/a><\/h2>\n<p>[INSERT_ELEMENTOR id=&#8221;23936&#8243;]<\/p>\n","protected":false},"excerpt":{"rendered":"<p>Ce\u013cojums no R\u012bgas uz Horv\u0101tiju! Horv\u0101tij\u0101 baudi Adrijas j\u016bras dzidros \u016bde\u0146us, viduslaiku pils\u0113tas, apburo\u0161\u0101s kalnu ainavas, k\u0101 ar\u012b noteikti apmekl\u0113 vienu no iev\u0113rojam\u0101kajiem Horv\u0101tijas apskates objektiem &#8211; Plitvices ezera nacion\u0101lo parku, kas sast\u0101v no vair\u0101kiem ezeriem un elpu aizraujo\u0161iem \u016bdenskritumiem. Zadar\u0101 ieteicams apskat\u012bt Kornati nacion\u0101lo parku un doties ekskursij\u0101 izp\u0113t\u012bt Dalm\u0101cijas piekrasti! &nbsp; LIDOJUMU DATUMI: [&hellip;]<\/p>\n","protected":false},"author":20,"featured_media":60762,"comment_status":"open","ping_status":"closed","sticky":false,"template":"","format":"standard","meta":{"post_subheading":"","post_intro_title":"","post_intro_text":"","post_1_gallery":[],"post_main_content":"","post_banner_title":"","post_banner_text":"","post_source":"","post_faq":[],"post_toc":[],"post_conversion_block":"","post_ai_summary":"","footnotes":""},"categories":[383],"tags":[399,397,546,438,385,541,625],"country":[],"class_list":["post-288926","post","type-post","status-publish","format-standard","has-post-thumbnail","hentry","category-letas-aviobiletes","tag-399","tag-airbaltic-lidojumi","tag-augusts","tag-leti-lidojumi-horvatija","tag-ryanair","tag-septembris","tag-zadara"],"_links":{"self":[{"href":"https:\/\/new.tripthis.eu\/en\/wp-json\/wp\/v2\/posts\/288926","targetHints":{"allow":["GET"]}}],"collection":[{"href":"https:\/\/new.tripthis.eu\/en\/wp-json\/wp\/v2\/posts"}],"about":[{"href":"https:\/\/new.tripthis.eu\/en\/wp-json\/wp\/v2\/types\/post"}],"author":[{"embeddable":true,"href":"https:\/\/new.tripthis.eu\/en\/wp-json\/wp\/v2\/users\/20"}],"replies":[{"embeddable":true,"href":"https:\/\/new.tripthis.eu\/en\/wp-json\/wp\/v2\/comments?post=288926"}],"version-history":[{"count":0,"href":"https:\/\/new.tripthis.eu\/en\/wp-json\/wp\/v2\/posts\/288926\/revisions"}],"wp:featuredmedia":[{"embeddable":true,"href":"https:\/\/new.tripthis.eu\/en\/wp-json\/wp\/v2\/media\/60762"}],"wp:attachment":[{"href":"https:\/\/new.tripthis.eu\/en\/wp-json\/wp\/v2\/media?parent=288926"}],"wp:term":[{"taxonomy":"category","embeddable":true,"href":"https:\/\/new.tripthis.eu\/en\/wp-json\/wp\/v2\/categories?post=288926"},{"taxonomy":"post_tag","embeddable":true,"href":"https:\/\/new.tripthis.eu\/en\/wp-json\/wp\/v2\/tags?post=288926"},{"taxonomy":"country","embeddable":true,"href":"https:\/\/new.tripthis.eu\/en\/wp-json\/wp\/v2\/country?post=288926"}],"curies":[{"name":"wp","href":"https:\/\/api.w.org\/{rel}","templated":true}]}}