{"id":288901,"date":"2024-07-11T19:08:57","date_gmt":"2024-07-11T19:08:57","guid":{"rendered":"https:\/\/tripthis.eu\/?p=43015"},"modified":"2024-07-11T19:08:57","modified_gmt":"2024-07-11T19:08:57","slug":"turisma-uznemeji-prieces-ar-parsteigumiem-valmieras-dzimsanas-diena","status":"publish","type":"post","link":"https:\/\/new.tripthis.eu\/en\/turisma-uznemeji-prieces-ar-parsteigumiem-valmieras-dzimsanas-diena\/","title":{"rendered":"Tourism entrepreneurs will delight with surprises on Valmiera's birthday"},"content":{"rendered":"<p><span style=\"font-weight: 400;\">Izcilajam so\u013cot\u0101jam, valmierietim J\u0101nim Dali\u0146am velt\u012bts jauns picas pied\u0101v\u0101jums un sp\u0113ka brokastis, \u012bpa\u0161ie Valmieras dzim\u0161anas dienas gardumi un veldzes, br\u012bvdabas kino seansi un izj\u0101des ar zirgiem, Bask\u0101ju taka ar orient\u0113\u0161an\u0101s elementiem, izst\u0101des, koncerti un ekspoz\u012bcijas, d\u0101vanas pie pirkumiem un atlaides akt\u012bv\u0101s atp\u016btas invent\u0101ram \u2013 <\/span><b>Valmieras t\u016brisma uz\u0146\u0113m\u0113ji aicina svin\u0113t Valmieras 741. dzim\u0161anas dienu ar \u012bpa\u0161i sar\u016bp\u0113tiem pied\u0101v\u0101jumiem!<\/b><\/p>\n<p>&nbsp;<\/p>\n<p><span style=\"font-weight: 400;\">Sv\u0113tku saj\u016bta s\u0101kas ar mums pa\u0161iem! <\/span><a href=\"https:\/\/visit.valmiera.lv\/objekti\/valmieras-koprades-darbnica-dare\/\" target=\"_blank\" rel=\"noopener\"><b>Valmieras koprades darbn\u012bca &#8220;DARE&#8221;<\/b><\/a><span style=\"font-weight: 400;\"> aicina uz sv\u0113tku apdrukas darbn\u012bcu. \u0145em l\u012bdzi savu krekli\u0146u, auduma somu vai citu tekstila izstr\u0101d\u0101jumu un rot\u0101jies sv\u0113tku noska\u0146\u0101s! Darbn\u012bca pie terases R\u012bgas iel\u0101 10 darbosies piektdien, 26. j\u016blij\u0101, no plkst. 11.00 l\u012bdz 17.30, toties sestdien, 27. j\u016blij\u0101, \u2013 no plkst. 10.00 l\u012bdz 17.00. L\u012bdzi pa\u0146emt\u0101 tekstila apdruk\u0101\u0161ana b\u016bs bez maksas un dal\u012bba darbn\u012bc\u0101 \u2013 bez iepriek\u0161\u0113jas pieteik\u0161an\u0101s.<\/span><\/p>\n<p>&nbsp;<\/p>\n<p><span style=\"font-weight: 400;\">Sv\u0113tki aicina uz pasauli paskat\u012bties olimpie\u0161a J\u0101\u0146a Dali\u0146a ac\u012bm, vi\u0146am \u0161ogad 120. gadadiena. <\/span><a href=\"https:\/\/visit.valmiera.lv\/objekti\/gaujas-stavo-krastu-sajutu-parks-v-ix\/\" target=\"_blank\" rel=\"noopener\"><b>Gaujas St\u0101vo krastu Saj\u016btu parks<\/b><\/a><span style=\"font-weight: 400;\"> gaid\u012bs Bask\u0101ju tak\u0101 \u201cDali\u0146am pa p\u0113d\u0101m\u201d, kur b\u016bs iesp\u0113ja izsp\u0113l\u0113t viktor\u012bnu par so\u013cot\u0101ju J\u0101ni Dali\u0146u. Papildu k\u0101rt\u012bgai, da\u017e\u0101du materi\u0101lu p\u0113du mas\u0101\u017eai b\u016bs iesp\u0113ja uzzin\u0101t interesantus faktus un jaunas atkl\u0101smes par izcilo latvie\u0161u so\u013cot\u0101ju. Viktor\u012bna b\u016bs pieejama elektronisk\u0101 veid\u0101 un to var\u0113s pild\u012bt individu\u0101li vai jautr\u0101s komp\u0101nij\u0101s. Bask\u0101ju takas apmekl\u0113jums b\u016bs pieejams par \u012bpa\u0161u sv\u0113tku cenu \u2013 3 EUR, visiem takas apmekl\u0113t\u0101jiem l\u012bdz 16 gadu vecumam \u201cT\u012bkla labirints\u201d \u2013 bez maksas. Pied\u0101v\u0101jums un viktor\u012bna b\u016bs pieejama 26. un 28. j\u016blij\u0101 no plkst. 10.00 l\u012bdz 18.00 un 27. j\u016blij\u0101 no plkst. 10.00 l\u012bdz 19.00. Iepriek\u0161\u0113ja pieteik\u0161an\u0101s nav nepiecie\u0161ama.<\/span><\/p>\n<p>&nbsp;<\/p>\n<p><a href=\"https:\/\/visit.valmiera.lv\/objekti\/valmieras-muzejs\/\" target=\"_blank\" rel=\"noopener\"><span style=\"font-weight: 400;\">Valmieras muzeja<\/span><\/a><span style=\"font-weight: 400;\"> teritorij\u0101 sv\u0113tku laik\u0101 vald\u012bs \u012bstena ros\u012bba. 27. j\u016blij\u0101 no plkst. 9.00 l\u012bdz 16.00 pilsdrupu iek\u0161pagalms p\u0101rtaps T\u016brisma skv\u0113r\u0101 \u201cIzso\u013co Latviju\u201d, kur apmekl\u0113t\u0101jiem b\u016bs iesp\u0113ja doties ce\u013cojum\u0101 pa da\u017e\u0101d\u0101m Latvijas pils\u0113t\u0101m un novadiem, uzzin\u0101t vair\u0101k par da\u017e\u0101du t\u016brisma uz\u0146\u0113m\u0113ju pied\u0101v\u0101jumiem un iepaz\u012bt sen\u0101s amatu prasmes. Ja v\u0113l neesi paguvis apmekl\u0113t <\/span><a href=\"https:\/\/visit.valmiera.lv\/objekti\/de-woldemer\/\" target=\"_blank\" rel=\"noopener\"><span style=\"font-weight: 400;\">Valmieras muzeja <\/span><b>ekspoz\u012bciju \u201cde Woldemer<\/b><\/a><b>\u201d<\/b><span style=\"font-weight: 400;\">, sv\u0113tku laik\u0101 to var\u0113si izdar\u012bt bez maksas. Ekspoz\u012bcija interakt\u012bv\u0101 veid\u0101 st\u0101sta par seno Valmieru, iepaz\u012bstina ar viduslaiku pils\u0113tas un pils v\u0113sturi, aizg\u0101ju\u0161o laiku valmierie\u0161u pasaules uzskatiem, Hanzas tirgot\u0101ju varen\u012bbu un amatniekiem. Viesoties ekspoz\u012bcij\u0101 \u201cde Woldemer\u201d var\u0113si 26. un 27. j\u016blij\u0101 no plkst. 10.00 l\u012bdz 18.00 un 28. j\u016blij\u0101 no plkst. 10.00 l\u012bdz 17.00. Toties Valmieras muzeja <\/span><b>Izst\u0101\u017eu nam\u0101<\/b><span style=\"font-weight: 400;\"> var\u0113si apl\u016bkot Ilzes L\u012bbietes person\u0101lizst\u0101di \u201cCe\u013c\u0161 uz j\u016bru\u201d, 26. j\u016blij\u0101 plkst. 16.00 ikvienam interesentam norisin\u0101sies meistarklase ar autori. Pieteik\u0161an\u0101s, aizpildot anketu elektroniski Valmieras muzeja t\u012bmek\u013cvietn\u0113 <\/span><a href=\"http:\/\/www.valmierasmuzejs.lv\/\" target=\"_blank\" rel=\"noopener\"><span style=\"font-weight: 400;\">valmierasmuzejs.lv<\/span><\/a><span style=\"font-weight: 400;\">. Ar\u012b Valmieras muzeja <\/span><b>Mar\u0161nera nam\u0101 <\/b><span style=\"font-weight: 400;\">k\u016bs\u0101s dz\u012bv\u012bba, tur 27. j\u016blij\u0101 norisin\u0101sies rado\u0161\u0101s darbn\u012bcas b\u0113rniem, ko vad\u012bs ilustratores Anete Melece un R\u016bta Briede. Dal\u012bba rado\u0161aj\u0101s darbn\u012bc\u0101s b\u0113rniem tikai ar iepriek\u0161\u0113ju pieteik\u0161anos, aizpildot anketu elektroniski Valmieras muzeja t\u012bmek\u013cvietn\u0113 <\/span><a href=\"http:\/\/www.valmierasmuzejs.lv\/\" target=\"_blank\" rel=\"noopener\"><span style=\"font-weight: 400;\">valmierasmuzejs.lv<\/span><\/a><span style=\"font-weight: 400;\">. Ar\u012b Izst\u0101\u017eu nama un Mar\u0161nera nama apmekl\u0113jums sv\u0113tkos, 26. un 27. j\u016blij\u0101, no plkst. 10.00 l\u012bdz 17.00 b\u016bs bez maksas.<\/span><\/p>\n<p>&nbsp;<\/p>\n<p><span style=\"font-weight: 400;\">Sl\u0101pes Valmieras dzim\u0161anas dien\u0101 netrauc\u0113s piedz\u012bvot visus sv\u0113tku notikumus, jo t\u0101s mazin\u0101t pal\u012bdz\u0113s <\/span><a href=\"http:\/\/www.kare-klubs.lv\/\" target=\"_blank\" rel=\"noopener\"><b>Vasaras d\u0101rzs un naktsklubs &#8220;K\u0101re&#8221;<\/b><\/a><span style=\"font-weight: 400;\">, no 22. l\u012bdz 27. j\u016blijam pied\u0101v\u0101jot \u012bpa\u0161u kokteili \u201cLatvijas naktis\u201d, kuru var\u0113si nobaud\u012bt gan vasaras d\u0101rz\u0101, gan naktsklub\u0101. Toties par atv\u0113sino\u0161u mundrumu par\u016bp\u0113sies aukst\u0101 karame\u013cu kafija, bet, ja b\u016bs v\u0113lme p\u0113c k\u0101 pikant\u0101ka \u2013 na\u0161\u0137\u0113ties var\u0113si ar \u0137iploka grauzdi\u0146iem un siera m\u0113rci. Karame\u013cu ledus kafijas pied\u0101v\u0101jums b\u016bs pieejams par 3,50 EUR, naksn\u012bgais kokteilis \u2013 par 7,50 EUR, toties \u0137iploku grauzdi\u0146i ar m\u0113rci \u2013 4,50 EUR.<\/span><\/p>\n<p>&nbsp;<\/p>\n<p><span style=\"font-weight: 400;\">No 26. l\u012bdz 28. j\u016blijam <\/span><a href=\"https:\/\/visit.valmiera.lv\/paest\/cili-pizza\/\" target=\"_blank\" rel=\"noopener\"><b>pic\u0113rija &#8220;\u010cili Pizza&#8221;<\/b><\/a> <span style=\"font-weight: 400;\">aicina veldz\u0113ties ar \u012bpa\u0161i gard\u0101m kivi limon\u0101d\u0113m, par godu sv\u0113tkiem p\u0113rc divas par vienas cenu \u2013 tikai par 4,50 EUR. \u0145em v\u0113r\u0101, ka pied\u0101v\u0101jums sp\u0113k\u0101 pas\u016bt\u012bjumiem uz vietas, atlaides nesumm\u0113jas un nav sp\u0113k\u0101 pieg\u0101des pas\u016bt\u012bjumiem.<\/span><\/p>\n<p>&nbsp;<\/p>\n<p><span style=\"font-weight: 400;\">Valmieras pils\u0113tas sv\u0113tkos <\/span><a href=\"https:\/\/visit.valmiera.lv\/objekti\/kinoteatris-gaisma\/\" target=\"_blank\" rel=\"noopener\"><b>kinote\u0101tris &#8220;Gaisma&#8221;<\/b><\/a><span style=\"font-weight: 400;\"> aicina atvilkt elpu br\u012bvdabas kino. 26. j\u016blij\u0101 plkst. 20.30 br\u012bvdabas kino tiks atkl\u0101ts ar aktivit\u0101t\u0113m \u0123imen\u0113m ar b\u0113rniem, tad sekos anim\u0101cijas filma \u201cLote un pazudu\u0161ie p\u016b\u0137i\u201d, p\u0113c t\u0101s izskan\u0113s grupas \u201cPr\u0101ta V\u0113tra\u201d koncertfilma \u201cGads bez kalend\u0101ra\u201d<\/span> <span style=\"font-weight: 400;\">no Me\u017eaparka estr\u0101des. Var\u0113si ar\u012b ieg\u0101d\u0101ties slaven\u0101s latvie\u0161u grupas suven\u012brus. Ar\u012b sestdien, 27. j\u016blij\u0101, maz\u0101kos kino m\u012b\u013cus no plkst. 16.00 priec\u0113s sp\u0113les un aktivit\u0101tes \u0123imen\u0113m ar b\u0113rniem pas\u0101kuma vad\u012bt\u0101ja pavad\u012bb\u0101 un p\u0113c t\u0101s atk\u0101rtots seanss anim\u0101cijas filmai \u201cLote un pazudu\u0161ie p\u016b\u0137i\u201d. Br\u012bvdabas kino seansi pieejami bez maksas, un tie norisin\u0101sies kinote\u0101tra teritorij\u0101.<\/span><\/p>\n<p>&nbsp;<\/p>\n<p><span style=\"font-weight: 400;\">Lai ener\u0123ija svin\u0113t sv\u0113tkus saglab\u0101tos, <\/span><a href=\"https:\/\/visit.valmiera.lv\/paest\/viesnicas-wolmar-restorans\/\" target=\"_blank\" rel=\"noopener\"><b>viesn\u012bcas &#8220;Wolmar&#8221; restor\u0101ns<\/b><\/a><span style=\"font-weight: 400;\"> aicina uz \u0137erme\u0146a uzl\u0101des pieturu. No 26. l\u012bdz 28. j\u016blijam katru r\u012btu (no plkst. 8.00 l\u012bdz 11.00) dodies ietur\u0113t sp\u0113ka brokastis! D\u0101rza teras\u0113 b\u016bs pieejamas aktivit\u0101tes, vesel\u012bgi restor\u0101na \u0113dieni un dz\u0113rieni, skanot Valmieras neofici\u0101lajai himnai \u201cDziesma par Valmieru\u201d, kas rad\u012bs \u012bstenu sv\u0113tku noska\u0146u. Toties, ja sagursti, viesn\u012bcas atp\u016btas komplekss pied\u0101v\u0101s musku\u013cus atsl\u0101bino\u0161u proced\u016bru mas\u0101\u017eas basein\u0101, pied\u0101v\u0101jot ar\u012b veldz\u0113ties ar dz\u0113rienu un mieloties ar aug\u013ciem. Ja p\u0113c t\u0101s grib\u0113si nosnausties, nekautr\u0113jies atlaisties k\u0101d\u0101 no \u0113rtaj\u0101m viesn\u012bcas gult\u0101m, nak\u0161\u0146o\u0161ana b\u016bs pieejama par sv\u0113tku cen\u0101m! Iepriek\u0161 piesakoties, brokastu pied\u0101v\u0101jumu var\u0113si izmantot par 12 EUR personai, toties mas\u0101\u017eas baseinu \u2013 10 EUR vienai personai uz vienu stundu.<\/span><\/p>\n<p>&nbsp;<\/p>\n<p><span style=\"font-weight: 400;\">Kas zina, varb\u016bt Dali\u0146a jauda sl\u0113pjas pic\u0101? To var\u0113si p\u0101rbaud\u012bt, nogar\u0161ojot <\/span><a href=\"https:\/\/visit.valmiera.lv\/paest\/strops\/\" target=\"_blank\" rel=\"noopener\"><b>pic\u0113rijas &#8220;Strops&#8221;<\/b><\/a><span style=\"font-weight: 400;\"> meistarsti\u0137i \u2013 J\u0101nim Dali\u0146am velt\u012btu picu. Pica b\u016bs \u012bpa\u0161s jaundarin\u0101jums, un uz t\u0101s goz\u0113sies slaid\u0101s <\/span><i><span style=\"font-weight: 400;\">Pepperoni<\/span><\/i><span style=\"font-weight: 400;\"> desas \u0161\u0137\u0113l\u012btes un sul\u012bg\u0101s <\/span><i><span style=\"font-weight: 400;\">Mocarellas<\/span><\/i><span style=\"font-weight: 400;\"> siera bumbi\u0146as. Jaunais pied\u0101v\u0101jums b\u016bs pieejama no 26. j\u016blija gan \u0113\u0161anai uz vietas, gan l\u012bdz\u0146em\u0161anai. Picas cena b\u016bs 13 EUR, un pic\u0113rijas saimnieki \u010dukst \u2013 ja viesiem gar\u0161os, t\u0101 tiks ieviesta ar\u012b past\u0101v\u012bgaj\u0101 \u0113dienkart\u0113. Liec aiz auss, ka malt\u012btei uz vietas galdi\u0146a rezerv\u0101cija nav oblig\u0101ta, bet ir v\u0113lama!<\/span><\/p>\n<p>&nbsp;<\/p>\n<p><span style=\"font-weight: 400;\">K\u0101 ierasts, sv\u0113tku lustes norisin\u0101sies ar\u012b Vecpui\u0161u park\u0101. 26. j\u016blij\u0101 no plkst. 17.00 l\u012bdz 24.00 un 27. j\u016blij\u0101 no plkst. 10.00 l\u012bdz n\u0101kam\u0101 r\u012bta plkst. 01.00 apmekl\u0113 parka \u0113din\u0101\u0161anas zonu, kur ar Burtnieka zandartu cien\u0101s <\/span><a href=\"https:\/\/visit.valmiera.lv\/paest\/promenade-v-ix\/\" target=\"_blank\" rel=\"noopener\"><span style=\"font-weight: 400;\">&#8220;<\/span><b>Promen\u0101de<\/b> <b>\u2013 garda vieta<\/b><span style=\"font-weight: 400;\">&#8220;<\/span><\/a><span style=\"font-weight: 400;\">. \u0160oreiz Burtnieka zandarts tiks gatavots <\/span><i><span style=\"font-weight: 400;\">street food<\/span><\/i><span style=\"font-weight: 400;\"> vari\u0101cij\u0101, tam b\u016bs krauk\u0161\u0137\u012bga garozi\u0146a un tas tiks pasniegts gril\u0113t\u0101 maiz\u012bt\u0113 ar sezonas d\u0101rze\u0146iem un \u012bpa\u0161u m\u0113rci. Porcijas cena vienam izsalku\u0161ajam 8 EUR.<\/span><\/p>\n<p>&nbsp;<\/p>\n<p><span style=\"font-weight: 400;\">P\u0113c akt\u012bv\u0101m kust\u012bb\u0101m un fizisk\u0101m nodarb\u0113m der iestiprin\u0101ties ar gardu m\u0101jas virtuves \u0113dienu, no 25. l\u012bdz 31. j\u016blijam <\/span><a href=\"https:\/\/visit.valmiera.lv\/paest\/11-6\/\" target=\"_blank\" rel=\"noopener\"><b>kafejn\u012bc\u0101 &#8220;1:1&#8221;<\/b><\/a><span style=\"font-weight: 400;\"> nobaudi s\u0101t\u012bgas kartupe\u013cu pank\u016bkas ar biezpienu un sk\u0101bo kr\u0113jumu vai ar s\u0113n\u0113m kr\u0113juma m\u0113rc\u0113. Sv\u0113tku laik\u0101 vienas porcijas cena 5 EUR. Rezerv\u0101cijas nav oblig\u0101tas, bet ir v\u0113lamas.<\/span><\/p>\n<p>&nbsp;<\/p>\n<p><span style=\"font-weight: 400;\">Baud\u012bt sv\u0113tku noska\u0146u visu ned\u0113\u013cu var\u0113si ar\u012b <\/span><a href=\"https:\/\/visit.valmiera.lv\/paest\/rates-varti\/\" target=\"_blank\" rel=\"noopener\"><b>restor\u0101n\u0101 &#8220;R\u0101tes v\u0101rti&#8221;<\/b><\/a><span style=\"font-weight: 400;\">, tur mielo\u0161an\u0101s notiks ar sp\u0113ka panni\u0146u J\u0101\u0146a Dali\u0146a gaum\u0113 un spirdzino\u0161u, ener\u0123isku desertu. Uz \u010durksto\u0161as panni\u0146as tiks pasniegtas c\u016bkga\u013cas \u0161\u0137\u0113l\u012btes ar br\u016bklen\u0113m, gailen\u0113m un kartupe\u013cu <\/span><i><span style=\"font-weight: 400;\">\u0146okiem<\/span><\/i><span style=\"font-weight: 400;\">, toties desert\u0101 gar\u0161as k\u0101rpi\u0146as lutin\u0101s me\u017ea veltes ar gais\u012bg\u0101m piena \u2013 vani\u013cas put\u0101m un medot\u0101m drumstal\u0101m. Pied\u0101v\u0101jums sp\u0113k\u0101 b\u016bs no 22. l\u012bdz 28. j\u016blijam, s\u0101t\u012bg\u0101 pamat\u0113diena cena b\u016bs 14 EUR, deserta \u2013 6 EUR. Galdi\u0146u rezerv\u0101cija nav oblig\u0101ta, bet ir v\u0113lama. \u0145em v\u0113r\u0101, ka rezerv\u0101cijas uz 27. j\u016bliju neb\u016bs iesp\u0113jams veikt, tad notiks br\u012bva sv\u0113tku viesu pl\u016bsma.<\/span><\/p>\n<p><span style=\"font-weight: 400;\">\u00a0<\/span><\/p>\n<p><span style=\"font-weight: 400;\">Ar k\u0101ro zobu pal\u012bdz\u0113s <\/span><a href=\"https:\/\/visit.valmiera.lv\/paest\/jautrais-ledus\/\" target=\"_blank\" rel=\"noopener\"><b>kafejn\u012bca &#8220;Jautrais ledus&#8221;<\/b><\/a><span style=\"font-weight: 400;\">, kas ir rad\u012bjusi pavisam \u012bpa\u0161u Valmieras sald\u0113jumu. K\u0101ruma pamat\u0101 ir svaigs vani\u013cas sald\u0113jums, kas papildin\u0101ts ar upe\u0146u un balzama m\u0113rci, virs\u016b rot\u0101joties krauk\u0161\u0137\u012bg\u0101m drumstal\u0101m. Kafejn\u012bcas saimnieki sald\u0113jumu ir ieviesu\u0161i past\u0101v\u012bg\u0101 sortiment\u0101, un t\u0101 cena ir 4 EUR.\u00a0<\/span><\/p>\n<p>&nbsp;<\/p>\n<p><span style=\"font-weight: 400;\">Uz pavisam \u012bpa\u0161u koncertu \u201cValmieras mirdzums m\u016bzik\u0101\u201d aicina <\/span><a href=\"https:\/\/visit.valmiera.lv\/paest\/akustika\/\" target=\"_blank\" rel=\"noopener\"><b>restor\u0101ns un kult\u016brtelpa &#8220;Akustika&#8221;<\/b><\/a><span style=\"font-weight: 400;\">. Koncerts norisin\u0101sies 27. j\u016blij\u0101 plkst. 14.00, taj\u0101 muzic\u0113s talant\u012bg\u0101 Valmieras M\u016bzikas skolas absolvente Et\u012bna Em\u012blija Saul\u012bte, sitaminstrumentu m\u016bzi\u0137is Arnis Stepi\u0146\u0161 un m\u016bzi\u0137is, komponists, pedagogs Ren\u0101rs Veli\u010dko. Ieeja koncert\u0101 bez maksas.<\/span><\/p>\n<p>&nbsp;<\/p>\n<p><span style=\"font-weight: 400;\">Neskumsti, ja automa\u0161\u012bna ir palikusi m\u0101j\u0101s vai k\u0101jas noguru\u0161as! Ja \u013coti gribas pasp\u0113t apmekl\u0113t visas sv\u0113tku norises \u2013 izbrauc Valmieras dzim\u0161anas dienu ar velosip\u0113du! <\/span><a href=\"https:\/\/visit.valmiera.lv\/objekti\/ezi\/\" target=\"_blank\" rel=\"noopener\"><b>Veikals \u201cE\u017ei&#8221;<\/b><\/a><span style=\"font-weight: 400;\"> aicina iznom\u0101t parasto ped\u0101\u013cpiedzi\u0146as velosip\u0113du vai \u013cauties maz\u0101k sviedriem un vair\u0101k baudai, izm\u0113\u0123inot jaun\u0101 z\u012bmola <\/span><a href=\"https:\/\/www.elektroezi.lv\/\" target=\"_blank\" rel=\"noopener\"><b>&#8220;ElektroE\u017ei&#8221;<\/b><\/a><span style=\"font-weight: 400;\"> elektrisko velosip\u0113du. Pied\u0101v\u0101jums sp\u0113k\u0101 no 25. l\u012bdz 27. j\u016blijam ar \u012bpa\u0161i sv\u0113tku laik\u0101 sagatavotu pied\u0101v\u0101jumu \u2013 gan parasto, gan elektrisko velosip\u0113du noma par pus cenu. Rezerv\u0113 savu ped\u0101lmini iepriek\u0161, zvanot pa t\u0101lruni 20481188 vai rakstot lietotn\u0113 <\/span><i><span style=\"font-weight: 400;\">WhatsApp<\/span><\/i><span style=\"font-weight: 400;\">.<\/span><\/p>\n<p>&nbsp;<\/p>\n<p><span style=\"font-weight: 400;\">Valmieras dzim\u0161anas dienas saj\u016bta virmos ar\u012b Valmiermui\u017e\u0101. <\/span><a href=\"https:\/\/visit.valmiera.lv\/objekti\/valmiermuizas-alus\/\" target=\"_blank\" rel=\"noopener\"><b>Valmiermui\u017eas alus dar\u012btava<\/b><\/a><span style=\"font-weight: 400;\"> aicina ciemoties un baud\u012bt jaunas gar\u0161as. No 26. l\u012bdz 28. j\u016blijam izgar\u0161o nesteidz\u012bgu, latvisku gar\u0161u malt\u012bti <\/span><a href=\"https:\/\/visit.valmiera.lv\/paest\/valmiermuizas-alus-virtuve-un-terase\/\" target=\"_blank\" rel=\"noopener\"><span style=\"font-weight: 400;\">alus d\u0101rz\u0101<\/span><\/a><span style=\"font-weight: 400;\"> un dodies ekskursij\u0101 pa alus dar\u012btavu zino\u0161a st\u0101stnieka pavad\u012bb\u0101! Valmieras dzim\u0161anas dienas sv\u0113tku laik\u0101 katrs alus dar\u012btavas ciemi\u0146\u0161 un alus virtuves malt\u012btes baud\u012bt\u0101js tiks cien\u0101ts ar jaun\u0101ko alus vai zeltera gar\u0161u. Ekskursija alus dar\u012btav\u0101 b\u016bs bez maksas, bet, lai taj\u0101 dotos, nepiecie\u0161ama iepriek\u0161\u0113ja pieteik\u0161an\u0101s, zvanot pa t\u0101lruni 20264269.\u00a0<\/span><\/p>\n<p>&nbsp;<\/p>\n<ol start=\"27\">\n<li><span style=\"font-weight: 400;\"> j\u016blij\u0101 no plkst. 12.00 l\u012bdz 15.00 apvieno vieso\u0161anos Valmiermui\u017e\u0101 ar turpat eso\u0161o <\/span><a href=\"https:\/\/visit.valmiera.lv\/objekti\/valmiermuizas-stallis\/\" target=\"_blank\" rel=\"noopener\"><b>Valmiermui\u017eas stalli<\/b><\/a><span style=\"font-weight: 400;\">, kur kust\u012bgu un vesel\u012bgu dz\u012bvesveidu var\u0113s baud\u012bt, dodoties izj\u0101d\u0113s ar zirgiem un ponijiem! Vienas izj\u0101des ap\u013ca cena 5 EUR, iepriek\u0161\u0113ja pieteik\u0161an\u0101s nav nepiecie\u0161ama.\u00a0<\/span><\/li>\n<\/ol>\n<p>&nbsp;<\/p>\n<p><span style=\"font-weight: 400;\">Bet, ja sagursti no sv\u0113tku dunas, iegriezies <\/span><a href=\"https:\/\/salonsliga.lv\/\" target=\"_blank\" rel=\"noopener\"><b>SPA salon\u0101 \u201cL\u012bga\u201d<\/b><\/a><span style=\"font-weight: 400;\">, kur no 26. l\u012bdz 27. j\u016blijam visiem pirkumiem, kas ieg\u0101d\u0101ti \u201cL\u012bga Nature SPA\u201d dab\u012bg\u0101s kosm\u0113tikas salonveikal\u0101 (R\u012bgas iel\u0101 7), d\u0101van\u0101 sa\u0146emsi dabas lolotu, mitrino\u0161u \u0137erme\u0146a sviestu.<\/span><\/p>\n<p>&nbsp;<\/p>\n<p><span style=\"font-weight: 400;\">Valmierai \u0161ogad 741. dzim\u0161anas diena un izcilajam so\u013cot\u0101jam, Latvijai pirm\u0101s olimpisk\u0101s meda\u013cas ieguv\u0113jam, zemniekam, patriotam, valmierietim J\u0101nim Dali\u0146am \u2013 120. T\u0101p\u0113c Valmieras dzim\u0161anas dien\u0101 aicin\u0101m paskat\u012bties uz m\u016bsdienu pasauli J\u0101\u0146a Dali\u0146a ac\u012bm. K\u0101du br\u012bdi so\u013cosim kop\u0101, lai uzzin\u0101tu J\u0101\u0146a Dali\u0146a neparasto un iedvesmojo\u0161o st\u0101stu un satiktos ar dz\u012bvesprieku Valmieras 741. dzim\u0161anas dien\u0101!<\/span><\/p>\n<p>&nbsp;<\/p>\n<p><span style=\"font-weight: 400;\">Valmieras 741. dzim\u0161anas dienas svin\u012bbas norisin\u0101sies no 26. l\u012bdz 28. j\u016blijam, sv\u0113tku programmu iesp\u0113jams apl\u016bkot t\u012bmek\u013cvietn\u0113 <\/span><a href=\"https:\/\/valmierasvin.lv\/\" target=\"_blank\" rel=\"noopener\"><span style=\"font-weight: 400;\">valmierasvin.lv<\/span><\/a><span style=\"font-weight: 400;\">.<\/span><\/p>\n<p>&nbsp;<\/p>\n<p><span style=\"font-weight: 400;\">Sv\u0113tku lieldraugs \u2013 AS \u201cValmieras stikla \u0161\u0137iedra\u201d.\u00a0<\/span><\/p>\n<p>&nbsp;<\/p>\n<p><i><span style=\"font-weight: 400;\">Inform\u0113jam, ka pas\u0101kuma laik\u0101 var tikt fotograf\u0113ts un film\u0113ts. Fotogr\u0101fijas un videomateri\u0101li var tikt izmantoti Valmieras novada pa\u0161vald\u012bbas publicit\u0101tes vajadz\u012bb\u0101m.<\/span><\/i><\/p>\n<p>&nbsp;<\/p>","protected":false},"excerpt":{"rendered":"<p>Izcilajam so\u013cot\u0101jam, valmierietim J\u0101nim Dali\u0146am velt\u012bts jauns picas pied\u0101v\u0101jums un sp\u0113ka brokastis, \u012bpa\u0161ie Valmieras dzim\u0161anas dienas gardumi un veldzes, br\u012bvdabas kino seansi un izj\u0101des ar zirgiem, Bask\u0101ju taka ar orient\u0113\u0161an\u0101s elementiem, izst\u0101des, koncerti un ekspoz\u012bcijas, d\u0101vanas pie pirkumiem un atlaides akt\u012bv\u0101s atp\u016btas invent\u0101ram \u2013 Valmieras t\u016brisma uz\u0146\u0113m\u0113ji aicina svin\u0113t Valmieras 741. dzim\u0161anas dienu ar \u012bpa\u0161i [&hellip;]<\/p>\n","protected":false},"author":20,"featured_media":43016,"comment_status":"open","ping_status":"open","sticky":false,"template":"","format":"standard","meta":{"post_subheading":"","post_intro_title":"","post_intro_text":"","post_1_gallery":[],"post_main_content":"","post_banner_title":"","post_banner_text":"","post_source":"","post_faq":[],"post_toc":[],"post_conversion_block":"","post_ai_summary":"","footnotes":""},"categories":[398,671],"tags":[582,751,441,501,694,704],"country":[],"class_list":["post-288901","post","type-post","status-publish","format-standard","has-post-thumbnail","hentry","category-jaunumi","category-turisms-latvija","tag-izklaide","tag-kultura","tag-latvija","tag-pasakumi","tag-turisms","tag-valmiera"],"_links":{"self":[{"href":"https:\/\/new.tripthis.eu\/en\/wp-json\/wp\/v2\/posts\/288901","targetHints":{"allow":["GET"]}}],"collection":[{"href":"https:\/\/new.tripthis.eu\/en\/wp-json\/wp\/v2\/posts"}],"about":[{"href":"https:\/\/new.tripthis.eu\/en\/wp-json\/wp\/v2\/types\/post"}],"author":[{"embeddable":true,"href":"https:\/\/new.tripthis.eu\/en\/wp-json\/wp\/v2\/users\/20"}],"replies":[{"embeddable":true,"href":"https:\/\/new.tripthis.eu\/en\/wp-json\/wp\/v2\/comments?post=288901"}],"version-history":[{"count":0,"href":"https:\/\/new.tripthis.eu\/en\/wp-json\/wp\/v2\/posts\/288901\/revisions"}],"wp:featuredmedia":[{"embeddable":true,"href":"https:\/\/new.tripthis.eu\/en\/wp-json\/wp\/v2\/media\/43016"}],"wp:attachment":[{"href":"https:\/\/new.tripthis.eu\/en\/wp-json\/wp\/v2\/media?parent=288901"}],"wp:term":[{"taxonomy":"category","embeddable":true,"href":"https:\/\/new.tripthis.eu\/en\/wp-json\/wp\/v2\/categories?post=288901"},{"taxonomy":"post_tag","embeddable":true,"href":"https:\/\/new.tripthis.eu\/en\/wp-json\/wp\/v2\/tags?post=288901"},{"taxonomy":"country","embeddable":true,"href":"https:\/\/new.tripthis.eu\/en\/wp-json\/wp\/v2\/country?post=288901"}],"curies":[{"name":"wp","href":"https:\/\/api.w.org\/{rel}","templated":true}]}}