{"id":288885,"date":"2024-07-04T07:38:26","date_gmt":"2024-07-04T07:38:26","guid":{"rendered":"https:\/\/tripthis.eu\/?p=32687"},"modified":"2024-07-04T07:38:26","modified_gmt":"2024-07-04T07:38:26","slug":"erenpreiss-to-the-worlds-in-mazsalaca","status":"publish","type":"post","link":"https:\/\/new.tripthis.eu\/en\/erenpreiss-to-the-worlds-in-mazsalaca\/","title":{"rendered":"Invitation to the \u201c\u0112renpreiss rolls into Mazsalaca\u201d festival\u201d"},"content":{"rendered":"<p><span style=\"font-weight: 400;\">No <\/span><b>18. l\u012bdz 20. j\u016blijam<\/b><span style=\"font-weight: 400;\"> Mazsalac\u0101 \u2013 iesp\u0113jams, Latvijas klus\u0101kaj\u0101 pils\u0113t\u0101 ar ska\u013c\u0101ko atbalsi, atkalsatik\u0161an\u0101s, uz kuru aicin\u0101ti lieli un mazi no tuvienes un t\u0101lienes, lai kop\u0101 svin\u0113tu \u201c\u0112renpreiss ieripo Mazsalac\u0101\u201d sv\u0113tkus.\u00a0<\/span><\/p>\n<p><span style=\"font-weight: 400;\">Ar izst\u0101d\u0113m Mazsalacas Kult\u016bras centr\u0101 un Amatu m\u0101j\u0101, koncertiem pils\u0113tas centr\u0101 un za\u013cumballi l\u012bdz r\u012bta gaismai Ska\u0146kalnes pagasta estr\u0101d\u0113 \u2013 Mazsalaca aicina uz \u0112renpreisa sv\u0113tkiem.<\/span><\/p>\n<p><span style=\"font-weight: 400;\">Sv\u0113tku programmu atkl\u0101sim ceturtdien, <\/span><b>18. j\u016blij\u0101<\/b><span style=\"font-weight: 400;\">, ar \u012bpa\u0161u akustisko koncertu \u201cKlusums un balss\u201d Mazsalacas Sv. Annas ev. lut. bazn\u012bc\u0101 Mazsalacas Kult\u016bras centra vok\u0101l\u0101s grupas \u201c\u0112ra\u201d izpild\u012bjum\u0101.<\/span><\/p>\n<p><span style=\"font-weight: 400;\">Piektdien, <\/span><b>19. j\u016blij\u0101<\/b><span style=\"font-weight: 400;\">, dienas pirmaj\u0101 da\u013c\u0101 un pusdienlaik\u0101 \u2013 trad\u012bcijas, pieredze un zin\u0101\u0161anas m\u012bsies rakstainu dubultcimdu semin\u0101r\u0101 un meistaru saiet\u0101, bet vakar\u0101 notiks dubultcimdu, roku darbu un keramikas darbn\u012bcu dal\u012bbnieku darbu izst\u0101des atkl\u0101\u0161ana. Vakara da\u013c\u0101 <\/span><i><span style=\"font-weight: 400;\">veloreivs<\/span><\/i><span style=\"font-weight: 400;\"> jeb ball\u012bte uz rite\u0146iem \u201cVed gaismu Mazsalac\u0101\u201d, kur\u0101 aicin\u0101m gan lielus, gan mazus mazsalacie\u0161us un pils\u0113tas viesus braukt kop\u012bg\u0101 muzik\u0101la pavad\u012bjuma velobraucien\u0101 caur Mazsalacas iel\u0101m un ieli\u0146\u0101m. Brauciena nosl\u0113gum\u0101 visi aicin\u0101ti pulc\u0113ties Saieta laukum\u0101, kur koncert\u0113s gruz\u012bnu kantri dzied\u0101t\u0101js Shota Adamashvili, bet vakara nosl\u0113gum\u0101 klasisk\u0101 m\u016bzika un rokm\u016bzika satiksies uz vienas skatuves \u0112rika Upenieka, Gundara Linti\u0146a un Edija \u0160imi\u0146a izpild\u012bjum\u0101 \u2013 klasisk\u0101s m\u016bzikas rok\u0161ov\u0101.<\/span> <span style=\"font-weight: 400;\">Sestdien, <\/span><b>20. j\u016blij\u0101<\/b><span style=\"font-weight: 400;\">, ikviens aicin\u0101ts uzlabot savu braucamo Toma \u0112renpreisa velo remontdarbn\u012bc\u0101, pie Tirgus laukuma mazsalacie\u0161us un pils\u0113tas viesus priec\u0113s \u201cJ\u0113ru Klubs\u201d aiti\u0146as un dz\u012bvnieki, bet Za\u013caj\u0101 skv\u0113r\u0101 b\u016bs amatnieku darin\u0101jumu tirdzi\u0146\u0161. Plkst. 12.00 sv\u0113tku atkl\u0101\u0161ana un par ikgad\u0113jo trad\u012bciju k\u013cuvu\u0161ais velo par\u0101des brauciens, kur\u0101 jo \u012bpa\u0161i aicin\u0101m ikvienu laim\u012bg\u0101s bi\u013cetes \u012bpa\u0161nieku, kur\u0161 ieguvis \u012bsteno \u0112renpreiss velosip\u0113du sav\u0101 \u012bpa\u0161um\u0101 iepriek\u0161\u0113jo sv\u0113tku laik\u0101. Mazajiem sv\u0113tku viesiem \u2013 b\u0113rnu velo trase un z\u012bm\u0113jumu te\u0101tris ar Vari Klaus\u012bt\u0101ju, lielie burbu\u013ci un sporto\u0161ana. P\u0113cpusdien\u0101 uz skatuves Saieta laukum\u0101 skan\u0113s \u017dor\u017ea Siksnas koncerts, v\u0113l\u0101k sv\u0113tku svin\u0113t\u0101jus priec\u0113s grupa \u201cDzelzs Vilks\u201d. Visas dienas garum\u0101 norises vad\u012bs Dailes te\u0101tra aktieris Imants Strads. Vakara izska\u0146\u0101 dosimies uz L\u012bbie\u0161u pilskalna estr\u0101di, kur za\u013cumball\u0113 ar grupu \u201cKlaidonis\u201d un d\u012bd\u017eeju svin\u0113sim sv\u0113tkus l\u012bdz r\u012bta gaismai! P\u0113c nejau\u0161\u012bbas principa k\u0101ds no bi\u013ce\u0161u, kas ieg\u0101d\u0101tas l\u012bdz 20. j\u016blija plkst. 19.00, \u012bpa\u0161niekiem ieg\u016bs savu vien\u012bgo un \u012bsteno \u201c\u0112renpreiss\u201d velosip\u0113du!<\/span><\/p>\n<p><span style=\"font-weight: 400;\">Tie\u0161i velosip\u0113ds ir goda viet\u0101 Mazsalacas dzim\u0161anas dienas sv\u0113tkos, jo Mazsalacas pus\u0113 dzimis Gustavs \u0112renpreiss, velosip\u0113du izgatavot\u0101js un uz\u0146\u0113m\u0113js, kur\u0161 izveidojis un vad\u012bjis liel\u0101ko velosip\u0113du ra\u017eotni Baltijas valst\u012bs \u2013 Gustava \u0112renpreisa velosip\u0113du fabriku. Taj\u0101 ra\u017eoti velosip\u0113di pat latvie\u0161u sportistiem vasaras olimpiskaj\u0101s sp\u0113l\u0113s Berl\u012bn\u0113.<\/span><\/p>\n<p><span style=\"font-weight: 400;\">M\u0101j\u012bga, mier\u012bga, m\u012b\u013ca un nesteidz\u012bga. T\u0101da ir Mazsalaca ar savu skaisto dabu un viesm\u012bl\u012bbu. Vienm\u0113r var iem\u0101c\u012bties ko jaunu, jaunatkl\u0101t, atkalsatikties un piedz\u012bvot mier\u012bgas dienas pastaigas vai tikpat r\u0101mas vakara un nakts stundas.<\/span><\/p>\n<p><span style=\"font-weight: 400;\">Pla\u0161\u0101ka sv\u0113tku programma sekos Mazsalacas Kult\u016bras centra Facebook lap\u0101 un Valmieras novada pa\u0161vald\u012bbas t\u012bmek\u013cvietn\u0113 valmierasnovads.lv.<\/span><\/p>\n<h1><span style=\"font-weight: 400;\">Tiekamies un svinam Mazsalacas vasaru!<\/span><\/h1>","protected":false},"excerpt":{"rendered":"<p>No 18. l\u012bdz 20. j\u016blijam Mazsalac\u0101 \u2013 iesp\u0113jams, Latvijas klus\u0101kaj\u0101 pils\u0113t\u0101 ar ska\u013c\u0101ko atbalsi, atkalsatik\u0161an\u0101s, uz kuru aicin\u0101ti lieli un mazi no tuvienes un t\u0101lienes, lai kop\u0101 svin\u0113tu \u201c\u0112renpreiss ieripo Mazsalac\u0101\u201d sv\u0113tkus.\u00a0 Ar izst\u0101d\u0113m Mazsalacas Kult\u016bras centr\u0101 un Amatu m\u0101j\u0101, koncertiem pils\u0113tas centr\u0101 un za\u013cumballi l\u012bdz r\u012bta gaismai Ska\u0146kalnes pagasta estr\u0101d\u0113 \u2013 Mazsalaca aicina uz [&hellip;]<\/p>\n","protected":false},"author":20,"featured_media":32688,"comment_status":"open","ping_status":"open","sticky":false,"template":"","format":"standard","meta":{"post_subheading":"","post_intro_title":"","post_intro_text":"","post_1_gallery":[],"post_main_content":"","post_banner_title":"","post_banner_text":"","post_source":"","post_faq":[],"post_toc":[],"post_conversion_block":"","post_ai_summary":"","footnotes":""},"categories":[398,671],"tags":[399,401,441,870,694],"country":[],"class_list":["post-288885","post","type-post","status-publish","format-standard","has-post-thumbnail","hentry","category-jaunumi","category-turisms-latvija","tag-399","tag-julijs","tag-latvija","tag-mazsalaca","tag-turisms"],"_links":{"self":[{"href":"https:\/\/new.tripthis.eu\/en\/wp-json\/wp\/v2\/posts\/288885","targetHints":{"allow":["GET"]}}],"collection":[{"href":"https:\/\/new.tripthis.eu\/en\/wp-json\/wp\/v2\/posts"}],"about":[{"href":"https:\/\/new.tripthis.eu\/en\/wp-json\/wp\/v2\/types\/post"}],"author":[{"embeddable":true,"href":"https:\/\/new.tripthis.eu\/en\/wp-json\/wp\/v2\/users\/20"}],"replies":[{"embeddable":true,"href":"https:\/\/new.tripthis.eu\/en\/wp-json\/wp\/v2\/comments?post=288885"}],"version-history":[{"count":0,"href":"https:\/\/new.tripthis.eu\/en\/wp-json\/wp\/v2\/posts\/288885\/revisions"}],"wp:featuredmedia":[{"embeddable":true,"href":"https:\/\/new.tripthis.eu\/en\/wp-json\/wp\/v2\/media\/32688"}],"wp:attachment":[{"href":"https:\/\/new.tripthis.eu\/en\/wp-json\/wp\/v2\/media?parent=288885"}],"wp:term":[{"taxonomy":"category","embeddable":true,"href":"https:\/\/new.tripthis.eu\/en\/wp-json\/wp\/v2\/categories?post=288885"},{"taxonomy":"post_tag","embeddable":true,"href":"https:\/\/new.tripthis.eu\/en\/wp-json\/wp\/v2\/tags?post=288885"},{"taxonomy":"country","embeddable":true,"href":"https:\/\/new.tripthis.eu\/en\/wp-json\/wp\/v2\/country?post=288885"}],"curies":[{"name":"wp","href":"https:\/\/api.w.org\/{rel}","templated":true}]}}