{"id":288813,"date":"2024-05-25T07:21:32","date_gmt":"2024-05-25T07:21:32","guid":{"rendered":"https:\/\/tripthis.eu\/?p=26955"},"modified":"2024-05-25T07:21:32","modified_gmt":"2024-05-25T07:21:32","slug":"wow-ryanair-izzino-izpardosanu-aviobilesu-cenas-sakot-no-12e-2","status":"publish","type":"post","link":"https:\/\/new.tripthis.eu\/en\/wow-ryanair-izzino-izpardosanu-aviobilesu-cenas-sakot-no-12e-2\/","title":{"rendered":"WOW! Ryanair Announces Sale! Fares from \u20ac12!"},"content":{"rendered":"<p><a href=\"https:\/\/www.ryanair.com\/lv\/en\/lp\/promotion\/incredible-offers\" target=\"_blank\" rel=\"noopener\"><img fetchpriority=\"high\" decoding=\"async\" class=\"alignnone wp-image-26957 size-full\" src=\"https:\/\/new.tripthis.eu\/wp-content\/uploads\/2024\/05\/Screenshot-2024-05-25-101653.png\" alt=\"ryanair izp\u0101rdo\u0161ana\" width=\"1080\" height=\"364\" \/><\/a><\/p>\n<p>Ryanair izzi\u0146o izp\u0101rdo\u0161anu! Ieg\u0101d\u0101jieties n\u0101kamo ce\u013cojumu s\u0101kot no 12\u20ac l\u012bdz \u0161odienas pusnaktij!\u00a0 P\u0113rciet bi\u013ceti l\u012bdz 27.maija vakaram un ce\u013cojiet no 24. maija l\u012bdz 30. j\u016bnijam!<\/p>\n<p><a href=\"https:\/\/www.ryanair.com\/lv\/en\/lp\/promotion\/incredible-offers\" target=\"_blank\" rel=\"noopener\"><img decoding=\"async\" class=\"alignnone wp-image-26958 size-full\" src=\"https:\/\/new.tripthis.eu\/wp-content\/uploads\/2024\/05\/Screenshot-2024-05-25-101806.png\" alt=\"ryanair izp\u0101rdo\u0161ana\" width=\"1083\" height=\"511\" \/><\/a><\/p>\n<h2 style=\"text-align: center;\"><a href=\"https:\/\/www.ryanair.com\/lv\/en\/lp\/promotion\/incredible-offers\" target=\"_blank\" rel=\"noopener\">Aviobi\u013cetes mekl\u0113 Ryanair m\u0101jaslap\u0101<\/a><\/h2>\n<p>[INSERT_ELEMENTOR id=&#8221;23936&#8243;]<\/p>\n","protected":false},"excerpt":{"rendered":"<p>Ryanair izzi\u0146o izp\u0101rdo\u0161anu! Ieg\u0101d\u0101jieties n\u0101kamo ce\u013cojumu s\u0101kot no 12\u20ac l\u012bdz \u0161odienas pusnaktij!\u00a0 P\u0113rciet bi\u013ceti l\u012bdz 27.maija vakaram un ce\u013cojiet no 24. maija l\u012bdz 30. j\u016bnijam! Aviobi\u013cetes mekl\u0113 Ryanair m\u0101jaslap\u0101 [INSERT_ELEMENTOR id=&#8221;23936&#8243;]<\/p>\n","protected":false},"author":20,"featured_media":26959,"comment_status":"open","ping_status":"open","sticky":false,"template":"","format":"standard","meta":{"post_subheading":"","post_intro_title":"","post_intro_text":"","post_1_gallery":[],"post_main_content":"","post_banner_title":"","post_banner_text":"","post_source":"","post_faq":[],"post_toc":[],"post_conversion_block":"","post_ai_summary":"","footnotes":""},"categories":[383],"tags":[739,385],"country":[],"class_list":["post-288813","post","type-post","status-publish","format-standard","has-post-thumbnail","hentry","category-letas-aviobiletes","tag-izpardosana","tag-ryanair"],"_links":{"self":[{"href":"https:\/\/new.tripthis.eu\/en\/wp-json\/wp\/v2\/posts\/288813","targetHints":{"allow":["GET"]}}],"collection":[{"href":"https:\/\/new.tripthis.eu\/en\/wp-json\/wp\/v2\/posts"}],"about":[{"href":"https:\/\/new.tripthis.eu\/en\/wp-json\/wp\/v2\/types\/post"}],"author":[{"embeddable":true,"href":"https:\/\/new.tripthis.eu\/en\/wp-json\/wp\/v2\/users\/20"}],"replies":[{"embeddable":true,"href":"https:\/\/new.tripthis.eu\/en\/wp-json\/wp\/v2\/comments?post=288813"}],"version-history":[{"count":0,"href":"https:\/\/new.tripthis.eu\/en\/wp-json\/wp\/v2\/posts\/288813\/revisions"}],"wp:featuredmedia":[{"embeddable":true,"href":"https:\/\/new.tripthis.eu\/en\/wp-json\/wp\/v2\/media\/26959"}],"wp:attachment":[{"href":"https:\/\/new.tripthis.eu\/en\/wp-json\/wp\/v2\/media?parent=288813"}],"wp:term":[{"taxonomy":"category","embeddable":true,"href":"https:\/\/new.tripthis.eu\/en\/wp-json\/wp\/v2\/categories?post=288813"},{"taxonomy":"post_tag","embeddable":true,"href":"https:\/\/new.tripthis.eu\/en\/wp-json\/wp\/v2\/tags?post=288813"},{"taxonomy":"country","embeddable":true,"href":"https:\/\/new.tripthis.eu\/en\/wp-json\/wp\/v2\/country?post=288813"}],"curies":[{"name":"wp","href":"https:\/\/api.w.org\/{rel}","templated":true}]}}