{"id":288805,"date":"2024-05-21T09:25:50","date_gmt":"2024-05-21T09:25:50","guid":{"rendered":"https:\/\/tripthis.eu\/?p=26896"},"modified":"2024-05-21T09:25:50","modified_gmt":"2024-05-21T09:25:50","slug":"pedeja-briza-lidojumi-no-rigas-uz-horvatijas-pilsetu-zadaru-sakot-no-e56-turp-atpakal-3-viesnica-zadara-par-e60-diennakti","status":"publish","type":"post","link":"https:\/\/new.tripthis.eu\/en\/pedeja-briza-lidojumi-no-rigas-uz-horvatijas-pilsetu-zadaru-sakot-no-e56-turp-atpakal-3-viesnica-zadara-par-e60-diennakti\/","title":{"rendered":"P\u0113d\u0113j\u0101 br\u012b\u017ea lidojumi no R\u012bgas uz Horv\u0101tijas pils\u0113tu Zadaru s\u0101kot no \u20ac56 (turp-atpaka\u013c) + 3* viesn\u012bca Zadar\u0101 par \u20ac60 diennakt\u012b!"},"content":{"rendered":"<p>Izdev\u012bgi lidojumi no R\u012bgas uz Horv\u0101tiju! Horv\u0101tij\u0101 baudi Adrijas j\u016bras dzidros \u016bde\u0146us, viduslaiku pils\u0113tas, apburo\u0161\u0101s kalnu ainavas, k\u0101 ar\u012b noteikti apmekl\u0113 vienu no iev\u0113rojam\u0101kajiem Horv\u0101tijas apskates objektiem &#8211; Plitvices ezera nacion\u0101lo parku, kas sast\u0101v no vair\u0101kiem ezeriem un elpu aizraujo\u0161iem \u016bdenskritumiem. Zadar\u0101 ieteicams apskat\u012bt Kornati nacion\u0101lo parku un doties ekskursij\u0101 izp\u0113t\u012bt Dalm\u0101cijas piekrasti!<\/p>\n<p>&nbsp;<\/p>\n<h3><strong>LIDOJUMU DATUMI:<\/strong><\/h3>\n<p><strong>Lidojums turp: R\u012bga &#8211; \u0100rhusa &#8211; Zadara<\/strong><strong><br \/>\nLidojums atpaka\u013c : Zadara &#8211; Brisele &#8211; R\u012bga<br \/>\n<\/strong><\/p>\n<ul style=\"list-style-type: circle;\">\n<li>29.05 &#8211; 04.06 \u20ac56 (7 dienas)<\/li>\n<li>29.05 &#8211; 03.06 \u20ac58 (6 dienas)<\/li>\n<li>29.05 &#8211; 12.06 \u20ac60 (15 dienas)<\/li>\n<li>29.05 &#8211; 02.06 \u20ac64 (5 dienas)<\/li>\n<li>29.05 &#8211; 05.06 \u20ac64 (8 dienas)<\/li>\n<li><span style=\"font-size: 14px;\">*Bi\u013ce\u0161u cenas var main\u012bties<\/span><\/li>\n<\/ul>\n<p><strong>Piem\u0113rs bi\u013ce\u0161u cen\u0101m:<\/strong><\/p>\n<p><img fetchpriority=\"high\" decoding=\"async\" class=\"alignnone size-full wp-image-26897\" src=\"https:\/\/new.tripthis.eu\/wp-content\/uploads\/2024\/05\/Screenshot-2024-05-21-121340.png\" alt=\"L\u0113tas aviobi\u013cetes uz Zadaru Horv\u0101tij\u0101\" width=\"931\" height=\"300\" \/><\/p>\n<h2 style=\"text-align: center;\">Aviobi\u013cetes mekl\u0113 Ryanair m\u0101jaslap\u0101<\/h2>\n<p>&nbsp;<\/p>\n<p><a href=\"https:\/\/www.booking.com\/hotel\/hr\/porto.en.html?aid=7902493&amp;checkin_monthday=29&amp;checkin_month=5&amp;checkin_year=2024&amp;checkout_monthday=4&amp;checkout_month=6&amp;checkout_year=2024&amp;no_rooms=1&amp;group_adults=2\" target=\"_blank\" rel=\"noopener\"><img decoding=\"async\" class=\"aligncenter wp-image-26899 size-full\" src=\"https:\/\/new.tripthis.eu\/wp-content\/uploads\/2024\/05\/Screenshot-2024-05-21-122144.png\" alt=\"L\u0113tas aviobi\u013cetes uz Zadaru Horv\u0101tij\u0101\" width=\"812\" height=\"271\" \/><\/a><\/p>\n<h2 style=\"text-align: center;\"><a href=\"https:\/\/www.booking.com\/hotel\/hr\/porto.en.html?aid=7902493&amp;checkin_monthday=29&amp;checkin_month=5&amp;checkin_year=2024&amp;checkout_monthday=4&amp;checkout_month=6&amp;checkout_year=2024&amp;no_rooms=1&amp;group_adults=2\" target=\"_blank\" rel=\"noopener\">3* viesn\u012bca Zadar\u0101 par \u20ac60 diennakt\u012b! Pied\u0101v\u0101jumu mekl\u0113 \u0161eit!<\/a><\/h2>\n<p>[INSERT_ELEMENTOR id=&#8221;23936&#8243;]<\/p>\n","protected":false},"excerpt":{"rendered":"<p>Izdev\u012bgi lidojumi no R\u012bgas uz Horv\u0101tiju! Horv\u0101tij\u0101 baudi Adrijas j\u016bras dzidros \u016bde\u0146us, viduslaiku pils\u0113tas, apburo\u0161\u0101s kalnu ainavas, k\u0101 ar\u012b noteikti apmekl\u0113 vienu no iev\u0113rojam\u0101kajiem Horv\u0101tijas apskates objektiem &#8211; Plitvices ezera nacion\u0101lo parku, kas sast\u0101v no vair\u0101kiem ezeriem un elpu aizraujo\u0161iem \u016bdenskritumiem. Zadar\u0101 ieteicams apskat\u012bt Kornati nacion\u0101lo parku un doties ekskursij\u0101 izp\u0113t\u012bt Dalm\u0101cijas piekrasti! &nbsp; LIDOJUMU [&hellip;]<\/p>\n","protected":false},"author":20,"featured_media":26898,"comment_status":"open","ping_status":"open","sticky":false,"template":"","format":"standard","meta":{"post_subheading":"","post_intro_title":"","post_intro_text":"","post_1_gallery":[],"post_main_content":"","post_banner_title":"","post_banner_text":"","post_source":"","post_faq":[],"post_toc":[],"post_conversion_block":"","post_ai_summary":"","footnotes":""},"categories":[383],"tags":[399,438,600,385,625],"country":[],"class_list":["post-288805","post","type-post","status-publish","format-standard","has-post-thumbnail","hentry","category-letas-aviobiletes","tag-399","tag-leti-lidojumi-horvatija","tag-maijs","tag-ryanair","tag-zadara"],"_links":{"self":[{"href":"https:\/\/new.tripthis.eu\/en\/wp-json\/wp\/v2\/posts\/288805","targetHints":{"allow":["GET"]}}],"collection":[{"href":"https:\/\/new.tripthis.eu\/en\/wp-json\/wp\/v2\/posts"}],"about":[{"href":"https:\/\/new.tripthis.eu\/en\/wp-json\/wp\/v2\/types\/post"}],"author":[{"embeddable":true,"href":"https:\/\/new.tripthis.eu\/en\/wp-json\/wp\/v2\/users\/20"}],"replies":[{"embeddable":true,"href":"https:\/\/new.tripthis.eu\/en\/wp-json\/wp\/v2\/comments?post=288805"}],"version-history":[{"count":0,"href":"https:\/\/new.tripthis.eu\/en\/wp-json\/wp\/v2\/posts\/288805\/revisions"}],"wp:featuredmedia":[{"embeddable":true,"href":"https:\/\/new.tripthis.eu\/en\/wp-json\/wp\/v2\/media\/26898"}],"wp:attachment":[{"href":"https:\/\/new.tripthis.eu\/en\/wp-json\/wp\/v2\/media?parent=288805"}],"wp:term":[{"taxonomy":"category","embeddable":true,"href":"https:\/\/new.tripthis.eu\/en\/wp-json\/wp\/v2\/categories?post=288805"},{"taxonomy":"post_tag","embeddable":true,"href":"https:\/\/new.tripthis.eu\/en\/wp-json\/wp\/v2\/tags?post=288805"},{"taxonomy":"country","embeddable":true,"href":"https:\/\/new.tripthis.eu\/en\/wp-json\/wp\/v2\/country?post=288805"}],"curies":[{"name":"wp","href":"https:\/\/api.w.org\/{rel}","templated":true}]}}