{"id":288755,"date":"2024-04-22T20:32:50","date_gmt":"2024-04-22T20:32:50","guid":{"rendered":"https:\/\/tripthis.eu\/?p=26495"},"modified":"2024-04-22T20:32:50","modified_gmt":"2024-04-22T20:32:50","slug":"five-places-to-visit-in-la-palma","status":"publish","type":"post","link":"https:\/\/new.tripthis.eu\/en\/five-places-to-visit-in-la-palma\/","title":{"rendered":"Five places to visit in La Palma"},"content":{"rendered":"<p class=\"c-eIrGqO c-fCtbxI c-eIrGqO-cLitXp-editorial-true c-eIrGqO-iRRUYx-cv c-fCtbxI-cJbzxd-thin-false c-PJLV type className selector props toString\" data-testid=\"rich-text-heading--2\">Saule, svelme, tirk\u012bzzili \u016bde\u0146i un baltas smiltis &#8211; \u0161ie ir v\u0101rdi, kas cilv\u0113kiem parasti saist\u0101s ar Kan\u0101riju sal\u0101m. La Palma sala noteikti neb\u016bs \u0161aj\u0101 sarakst\u0101 &#8211; \u0161eit laikapst\u0101k\u013ci liel\u0101koties nelutina, bie\u017ei l\u012bst un ir apm\u0101cies, bet pozit\u012bvi &#8211; temperat\u016bra vid\u0113ji turas starp 20 l\u012bdz 26 gr\u0101diem visu cauru gadu. Pirmaj\u0101 moment\u0101 neizklaus\u0101s diezgan vilino\u0161i, bet apmekl\u0113t salu noteikti ir t\u0101 v\u0113rts. Lai vai La Palma nav iecien\u012bts t\u016bristu galam\u0113r\u0137is, t\u0101 ir pilna ar elpu aizraujo\u0161iem dabas veidotiem apskates objektiem!<\/p>\n<p data-testid=\"rich-text-heading--2\">Popul\u0101r\u0101k\u0101 aktivit\u0101te, ar ko nodarboties La Palma sal\u0101 ir do\u0161an\u0101s p\u0101rg\u0101jienos! Sal\u0101 ir neskait\u0101mas takas, kuru garums kopsumm\u0101 sar\u0113\u0137inot sasniedz 1000 km! Ja satraucies par sliktiem laikapst\u0101k\u013ciem &#8211; run\u0101jot, ka kam\u0113r vienas salas pus\u0113 l\u012bst lietus, otr\u0101 sp\u012bd saule. Vadoties p\u0113c laikapst\u0101k\u013cu prognoz\u0113m, noteikti ir iesp\u0113jams sapl\u0101not mar\u0161rutus, lai lietus neizboj\u0101tu p\u0101rg\u0101jienu. Otrs variants &#8211; t\u0101 k\u0101 La Palma sala ir pietiekami augsta, sliktu laikapst\u0101k\u013cu gad\u012bjum\u0101, ir iesp\u0113jams doties kalnos tik augstu, lai visi lietus m\u0101ko\u0146i b\u016btu zem k\u0101j\u0101m!<\/p>\n<h1>Kr\u0101su \u016bdenskritums (<em>Cascada De Los Colores<\/em>)<\/h1>\n<p>\u016adenskritums, kas neatst\u0101s vienaldz\u012bgu nevienu! Tas ir nosl\u0113pies <em>Angustias<\/em> ieplak\u0101 un t\u0101 akme\u0146ain\u0101 siena ir nokl\u0101ta sarkanos, oran\u017eos, br\u016bnos un za\u013cos to\u0146os, kas izveidoju\u0161ies saules un da\u017e\u0101do miner\u0101lvielu sajaukum\u0101. \u016adenskritums ir m\u0101ksl\u012bgi izveidots se\u0161desmitajos gados ar iemeslu, lai sp\u0113tu \u016bdeni notur\u0113t un izmantot to \u016bdens apg\u0101dei uz salas. Lai vai \u016bdenskritums ir veidots m\u0101ksl\u012bgi, t\u0101 skaist\u0101s kr\u0101sas ir izveidoju\u0161\u0101s dabiski! Sarkanie to\u0146i izveidoju\u0161ies dzelzs oksid\u0113\u0161an\u0101s rezult\u0101t\u0101 un p\u0101r\u0113j\u0101s kr\u0101sas citu miner\u0101\u013cu ietekm\u0113.<\/p>\n<p><img fetchpriority=\"high\" decoding=\"async\" class=\"size-full wp-image-26521\" src=\"https:\/\/new.tripthis.eu\/wp-content\/uploads\/2024\/04\/Noformejums-bez-nosaukuma.jpg\" alt=\"Cascada De Los Colores\" width=\"1024\" height=\"677\" \/><\/p>\n<h1><\/h1>\n<h1>San Antonio kr\u0101teris (Centro de Visitantes Volc\u00e1n San Antonio)<\/h1>\n<p>Objekts, kuru pilnv\u0113rt\u012bgai apskat\u012b\u0161anai un piedz\u012bvo\u0161anai v\u0113lams iepl\u0101not visu dienu. Neskaitot p\u0101rg\u0101jienu gar kr\u0101tera malu, noteikti ieteicams apmekl\u0113t vulk\u0101nu muzeju, kas atrodas turpat blakus. Taj\u0101 b\u016bs iesp\u0113ja uzzin\u0101t vair\u0101k par pa\u0161a <em>San Antonio\u00a0<\/em>kr\u0101tera v\u0113sturi, k\u0101 ar\u012b uzzin\u0101t vair\u0101k par to, kas \u012bsti ir vulk\u0101ns un k\u0101 tas darbojas. B\u016bs interesanti ne tikai pieaugu\u0161ajiem, bet ar\u012b b\u0113rniem! Nelielaj\u0101 kompleks\u0101 atrodas ar\u012b neliela observatorija, kura sniegs iesp\u0113ju izp\u0113t\u012bt virs vulk\u0101na eso\u0161\u0101s zvaigznes un pa\u0161\u0101 ekskursijas dienas nosl\u0113gum\u0101 apmekl\u0113t\u0101jiem b\u016bs iesp\u0113ja pavakari\u0146ot kompleksa kafejn\u012bc\u0101 ar br\u012bni\u0161\u0137\u012bgu skatu!<\/p>\n<p><img decoding=\"async\" class=\"size-full wp-image-26525\" src=\"https:\/\/new.tripthis.eu\/wp-content\/uploads\/2024\/04\/Noformejums-bez-nosaukuma-1.jpg\" alt=\"San Antonio kr\u0101teris (Centro de Visitantes Volc\u00e1n San Antonio)\" width=\"1024\" height=\"672\" \/><\/p>\n<p>&nbsp;<\/p>\n<p>&nbsp;<\/p>\n<h1 class=\"tit-legal-peq-linea\"><strong>&#8221;Caldera de Taburiente&#8221; Nacion\u0101lais parks<\/strong><\/h1>\n<p>Run\u0101jot, ka &#8221;<em>Caldera de Taburiente<\/em>&#8221; nacion\u0101lais parks ir viens no visiespaid\u012bg\u0101kajiem nacion\u0101lajiem parkiem Kan\u0101riju sal\u0101s. Milz\u012bgi kalni, kas sasniedz 2000 metru augstumu, biezi un ma\u0123iski me\u017ei, skaistas nog\u0101zes un daudz citu apbr\u012bnojamu dabas br\u012bnumu \u0161eit b\u016bs iesp\u0113ja apskat\u012bt. Dodoties uz &#8221;<em>Caldera de Taburiente<\/em>&#8221; noteikti ir j\u0101par\u016bp\u0113jas par \u0113rtu ap\u0123\u0113rbu, galvenok\u0101rt, par \u0113rtiem apaviem, jo ce\u013c\u0161 neb\u016bs viegls, bet tas b\u016bs iespaidu pilns! Parku ir iesp\u0113jams apmekl\u0113t ar\u012b tumsas laik\u0101, kas b\u016bs pavisam cit\u0101da pieredze, kur galvenais akcents b\u016bs v\u0113rsts uz apgaismojuma neskart\u0101m, zvaig\u017e\u0146ot\u0101m debes\u012bm!<\/p>\n<p><img decoding=\"async\" class=\"size-full wp-image-26524\" src=\"https:\/\/new.tripthis.eu\/wp-content\/uploads\/2024\/04\/Noformejums-bez-nosaukuma-2.jpg\" alt=\"''Caldera de Taburiente'' Nacion\u0101lais parks\" width=\"1024\" height=\"660\" \/><\/p>\n<h1>Santa Cruz<\/h1>\n<p>Santa Cruz ir La Palma salas galvaspils\u0113ta un t\u0101 ir pils\u0113ta, kur viss notiek bez steigas! T\u0101 nav t\u016bristu p\u0101rpild\u012bta, bet to noteikti ir v\u0113rts apmekl\u0113t un pavad\u012bt taj\u0101 vismaz divas dienas, lai pilnv\u0113rt\u012bgi sajustu t\u0101s burv\u012bbu! Pat vienk\u0101r\u0161a pastaiga pa Santa Cruz ieli\u0146\u0101m b\u016bs \u012bpa\u0161a, bet noteikti ieteicams apmekl\u0113t ar\u012b galvenos apskates objektus Santa Cruz pils\u0113t\u0101, k\u0101 piem\u0113ram,\u00a0 &#8221;The Plaza de Espa\u00f1a&#8221; laukums,\u00a0 k\u0101 ar\u012b pla\u0161\u0101 pludmale, kas sniedzas 1200 metru garum\u0101 un 50 metru platum\u0101. Pils\u0113ta paz\u012bstama ar\u012b ar vairumu festiv\u0101lu, kas \u0161eit notiek ik gadu, k\u0101 piem\u0113ram, &#8221;Los Indianos&#8221; festiv\u0101ls, k\u0101 ar\u012b &#8221;Dance Of The Dwarves&#8221;.<\/p>\n<p><img loading=\"lazy\" decoding=\"async\" class=\"size-full wp-image-26523\" src=\"https:\/\/new.tripthis.eu\/wp-content\/uploads\/2024\/04\/Noformejums-bez-nosaukuma-3.jpg\" alt=\"Santa Cruz\" width=\"1024\" height=\"661\" \/><\/p>\n<h1><\/h1>\n<h1>Cueva Del Viento tune\u013ci<\/h1>\n<p>La Palmas salas apmekl\u0113jums nav bijis pilnv\u0113rt\u012bgs, ja nav apmekl\u0113ts &#8221;<em>Cueva Del Viento<\/em>&#8221;. Pastaiga caur vulk\u0101niskajiem tune\u013ciem \u013caus sajust, cik ma\u0123iska ir vulk\u0101nu b\u016bt\u012bba, to ietekme uz zemi un dabu. Cauri tune\u013ciem ir iesp\u0113jams doties gida pavad\u012bb\u0101 un apmekl\u0113jums sadal\u012bts div\u0101s da\u013c\u0101s &#8211; pirmaj\u0101 da\u013c\u0101 apmekl\u0113t\u0101ji tiks vad\u0101ti caur tune\u013ciem ar busi\u0146u, un otraj\u0101 da\u013c\u0101 b\u016bs j\u0101dodas pastaig\u0101 ar k\u0101j\u0101m caur \u0161aur\u0101kiem tune\u013ciem. J\u0101br\u012bdina, ka cilv\u0113kiem, kam nepat\u012bkami atrasties \u0161aur\u0101k\u0101s telp\u0101s, \u0161\u012b neb\u016bs piem\u0113rot\u0101k\u0101 izklaide, bet visiem p\u0101r\u0113jiem, silti iesak\u0101ms tune\u013cus apmekl\u0113t!<\/p>\n<p><img loading=\"lazy\" decoding=\"async\" class=\"wp-image-26522 size-large\" src=\"https:\/\/new.tripthis.eu\/wp-content\/uploads\/2024\/04\/Noformejums-bez-nosaukuma-4-1024x1024.jpg\" alt=\"Cueva Del Viento tune\u013ci\" width=\"1024\" height=\"1024\" \/><\/p>\n<p>&nbsp;<\/p>\n<p>La Palma ir \u013coti \u012bpa\u0161a sala. T\u0101 ar\u012b ir viena no jaun\u0101kaj\u0101m Kan\u0101riju sal\u0101m. Lai vai sala nav pilna ar tirdzniec\u012bbas centriem, naktsklubiem un cit\u0101m t\u016bristu iecien\u012bt\u0101m aktivit\u0101t\u0113m, t\u0101 tom\u0113r ir \u013coti bag\u0101ta ar neaizmirstamiem dabas skatiem, svaigu gaisu, kalniem un nog\u0101z\u0113m, \u016bdenskritumiem, un daudz citiem labumiem, ko daba sniedz! Nakts laik\u0101 t\u0101 ir lielisk\u0101k\u0101 sala no vis\u0101m Kan\u0101riju sal\u0101m, kur p\u0113t\u012bt zvaig\u017e\u0146ot\u0101s debesis un v\u0113rot zvaig\u017e\u0146u lietu!<\/p>\n<h4>[INSERT_ELEMENTOR id=&#8221;23936&#8243;]<\/h4>\n<p>&nbsp;<\/p>\n","protected":false},"excerpt":{"rendered":"<p>Saule, svelme, tirk\u012bzzili \u016bde\u0146i un baltas smiltis &#8211; \u0161ie ir v\u0101rdi, kas cilv\u0113kiem parasti saist\u0101s ar Kan\u0101riju sal\u0101m. La Palma sala noteikti neb\u016bs \u0161aj\u0101 sarakst\u0101 &#8211; \u0161eit laikapst\u0101k\u013ci liel\u0101koties nelutina, bie\u017ei l\u012bst un ir apm\u0101cies, bet pozit\u012bvi &#8211; temperat\u016bra vid\u0113ji turas starp 20 l\u012bdz 26 gr\u0101diem visu cauru gadu. Pirmaj\u0101 moment\u0101 neizklaus\u0101s diezgan vilino\u0161i, bet [&hellip;]<\/p>\n","protected":false},"author":20,"featured_media":26527,"comment_status":"open","ping_status":"open","sticky":false,"template":"","format":"standard","meta":{"post_subheading":"","post_intro_title":"","post_intro_text":"","post_1_gallery":[],"post_main_content":"","post_banner_title":"","post_banner_text":"","post_source":"","post_faq":[],"post_toc":[],"post_conversion_block":"","post_ai_summary":"","footnotes":""},"categories":[382],"tags":[814,815,816,781,406,817,818,819,390,694],"country":[],"class_list":["post-288755","post","type-post","status-publish","format-standard","has-post-thumbnail","hentry","category-blogs","tag-blogs","tag-caldera-de-taburiente","tag-cascada-de-los-colores","tag-cueva-del-viento","tag-letas-aviobiletes-uz-kanariju-salam","tag-la-palma","tag-san-antonio","tag-santa-cruz","tag-aviobiletes-uz-spaniju","tag-turisms"],"_links":{"self":[{"href":"https:\/\/new.tripthis.eu\/en\/wp-json\/wp\/v2\/posts\/288755","targetHints":{"allow":["GET"]}}],"collection":[{"href":"https:\/\/new.tripthis.eu\/en\/wp-json\/wp\/v2\/posts"}],"about":[{"href":"https:\/\/new.tripthis.eu\/en\/wp-json\/wp\/v2\/types\/post"}],"author":[{"embeddable":true,"href":"https:\/\/new.tripthis.eu\/en\/wp-json\/wp\/v2\/users\/20"}],"replies":[{"embeddable":true,"href":"https:\/\/new.tripthis.eu\/en\/wp-json\/wp\/v2\/comments?post=288755"}],"version-history":[{"count":0,"href":"https:\/\/new.tripthis.eu\/en\/wp-json\/wp\/v2\/posts\/288755\/revisions"}],"wp:featuredmedia":[{"embeddable":true,"href":"https:\/\/new.tripthis.eu\/en\/wp-json\/wp\/v2\/media\/26527"}],"wp:attachment":[{"href":"https:\/\/new.tripthis.eu\/en\/wp-json\/wp\/v2\/media?parent=288755"}],"wp:term":[{"taxonomy":"category","embeddable":true,"href":"https:\/\/new.tripthis.eu\/en\/wp-json\/wp\/v2\/categories?post=288755"},{"taxonomy":"post_tag","embeddable":true,"href":"https:\/\/new.tripthis.eu\/en\/wp-json\/wp\/v2\/tags?post=288755"},{"taxonomy":"country","embeddable":true,"href":"https:\/\/new.tripthis.eu\/en\/wp-json\/wp\/v2\/country?post=288755"}],"curies":[{"name":"wp","href":"https:\/\/api.w.org\/{rel}","templated":true}]}}