{"id":288717,"date":"2024-03-29T18:47:04","date_gmt":"2024-03-29T18:47:04","guid":{"rendered":"https:\/\/tripthis.eu\/?p=26164"},"modified":"2024-03-29T18:47:04","modified_gmt":"2024-03-29T18:47:04","slug":"five-places-to-visit-in-gran-canaria","status":"publish","type":"post","link":"https:\/\/new.tripthis.eu\/en\/five-places-to-visit-in-gran-canaria\/","title":{"rendered":"Five places to visit in Gran Canaria"},"content":{"rendered":"<p>Grankan\u0101rija ir viena no Sp\u0101nijas piedero\u0161aj\u0101m Kan\u0101riju sal\u0101m, un t\u0101 atrodas starp Tenerifes un Fuerteventuras sal\u0101m. T\u0101pat k\u0101 cit\u0101s Kan\u0101riju sal\u0101s, ar\u012b \u0161\u012b sala lutina ar vasar\u012bgiem laikapst\u0101k\u013ciem visa gada garum\u0101. Grankan\u0101riju d\u0113v\u0113 par &#8221;mazo kontinentu&#8221;, jo, lai vai sala ir sal\u012bdzino\u0161i maza, t\u0101s daba ir \u013coti daudzveid\u012bga &#8211; dienvidu da\u013ca b\u016bs piem\u0113rota ce\u013cot\u0101jiem, kuri v\u0113las br\u012bvdienas pavad\u012bt pludmales k\u016brortos, savuk\u0101rt, zieme\u013cu da\u013ca priec\u0113s ar iespaid\u012bgiem dabas parkiem, kalniem, kanjoniem un klint\u012bm.<\/p>\n<p>Vid\u0113j\u0101 temperat\u016bra vasar\u0101 var sv\u0101rst\u012bties no +26 l\u012bdz +29 gr\u0101diem, bet ziem\u0101 &#8211; no +22 l\u012bdz +25 p\u0113c celsija. Grankan\u0101rijas krastos atrodas 80 pludmales &#8211; katrai gaumei sava! Citas ir mier\u012bg\u0101kas un sekl\u0101kas, kas b\u016bs piem\u0113rotas \u0123imen\u0113m ar maziem b\u0113rniem, vai cilv\u0113kiem, kuri neprot peld\u0113t, savuk\u0101rt, cit\u0101s vienm\u0113r b\u016bs lieli vi\u013c\u0146i, kas b\u016bs ide\u0101li piem\u0113rotas s\u0113rfo\u0161anai!<\/p>\n<h1>Roque Nublo klints<\/h1>\n<p>Augst\u0101kais punkts Grankan\u0101rij\u0101. T\u0101 sniedzas 1813 metrus virs j\u016bras l\u012bme\u0146a. Atrodoties pa\u0161as klints virsotn\u0113, skaidros laikapst\u0101k\u013cos, no t\u0101s pat ir iesp\u0113jams redz\u0113s Teides kalnu, kas atrodas uz Tenerifes salas. Roque Nulbo klints atrodas Tejeda pilset\u0101, un viet\u0113jie iedz\u012bvot\u0101ji run\u0101jot, ka senajiem cilv\u0113kiem \u0161\u012b ir bijusi sv\u0113ta vieta, kur vi\u0146i dev\u0101s, lai piel\u016bgtu saules dievu. \u0160\u012b pavisam noteikti ir viena no t\u016bristu iecien\u012bt\u0101kaj\u0101m viet\u0101m Grankan\u0101rij\u0101, t\u0101p\u0113c, ja nev\u0113laties, lai apk\u0101rt atrastos citi cilv\u0113ki, kam\u0113r esat tur, vislab\u0101k doties to apskat\u012bt agri no r\u012bta. Dodoties ekskursij\u0101, ieteicams sa\u0123\u0113rbties sam\u0113r\u0101 silti, jo, lai vai Grankan\u0101rija ir sala, kur visu gadu valda vasara, tom\u0113r tik augst\u0101 virsotn\u0113 virs j\u016bras l\u012bme\u0146a, it \u012bpa\u0161i ziemas m\u0113ne\u0161os, gaiss m\u0113dz b\u016bt v\u0113ss.<\/p>\n<p><img fetchpriority=\"high\" decoding=\"async\" class=\"alignnone wp-image-26165 size-large\" src=\"https:\/\/new.tripthis.eu\/wp-content\/uploads\/2024\/03\/rowan-heuvel-ojXOyBR-fDk-unsplash-1024x1024.jpg\" alt=\"Roque Nublo klints\" width=\"1024\" height=\"1024\" \/><\/p>\n<p>&nbsp;<\/p>\n<h1>Maspalomas k\u0101pas<\/h1>\n<p>Maspalomas k\u0101pas ir viena no salas viz\u012btkart\u0113m, kur noteikti sajut\u012bsieties k\u0101 tuksnes\u012b! T\u0101 ir 400 hekt\u0101ru pla\u0161a pludmale, kur augst\u0101k\u0101s k\u0101pas sasniedz pat 20 metru augstumu! Interesanti ir tas, ka smiltis ir tik smalkas un vieglas, ka v\u0113jam pl\u016bstot, pludmales reljefs main\u0101s teju katru dienu. K\u0101pu zon\u0101 ir iesp\u0113jamas ar\u012b izj\u0101des ar kamieli, kas apmekl\u0113jumu padar\u012bs v\u0113l \u012bpa\u0161\u0101ku. Viena no lab\u0101kaj\u0101m viet\u0101m, kur apskat\u012bt k\u0101pas no aug\u0161as, ir skatu punkts net\u0101lu no Rui Palace Maspalomas viesn\u012bcas. K\u0101pas ir \u012bpa\u0161i skaistas saulriet\u0101 &#8211; tas pavisam noteikti ir \u012bst\u0101kais laiks, kad tais\u012bt skaistas bildes foto albumam!<\/p>\n<p><img decoding=\"async\" class=\"alignnone wp-image-26166 size-large\" src=\"https:\/\/new.tripthis.eu\/wp-content\/uploads\/2024\/03\/louis-brandlin-tlE6siodJxI-unsplash-1024x1024.jpg\" alt=\"Maspalomas k\u0101pas\" width=\"1024\" height=\"1024\" \/><\/p>\n<p>&nbsp;<\/p>\n<h1>Teror ciemats<\/h1>\n<p>N\u0113, pils\u0113ta nek\u0101d\u0101 veid\u0101 nav saist\u012bta ar terorismu. \u0160is ir ciemati\u0146\u0161, kas atrodas Tenojas aizas kalnainaj\u0101 da\u013c\u0101, un tiek uzskat\u012bts par visza\u013c\u0101ko re\u0123ionu Grankan\u0101rijas sal\u0101! Ciemats ir \u013coti draudz\u012bgs cilv\u0113kiem, kas p\u0101rvietoj\u0101s ar k\u0101j\u0101m vai riteni. Ciemats izsaro 15.gadsimta \u0161armu savu bru\u0123\u0113to ieli\u0146u, koka balkonu un kr\u0101saino \u0113ku d\u0113\u013c. \u0160\u012b noteikti ir viena no skaist\u0101kaj\u0101m pastaigu viet\u0101m cilv\u0113kiem, kas apbr\u012bno arhitekt\u016bras daudzveid\u012bbu! \u012apa\u0161s apskates punkts t\u016bristiem un ikgad\u0113j\u0101 apciemojuma vieta viet\u0113jiem iedz\u012bvot\u0101jiem ir Virgen del Pino bazilika.<\/p>\n<p><img decoding=\"async\" class=\"alignnone wp-image-26167 size-large\" src=\"https:\/\/new.tripthis.eu\/wp-content\/uploads\/2024\/03\/joel-rohland-ohH_KjX54-c-unsplash-1024x1024.jpg\" alt=\"Teror ciemats\" width=\"1024\" height=\"1024\" \/><\/p>\n<p>&nbsp;<\/p>\n<h1>Ban\u0101nu muzejs<\/h1>\n<p>\u0160\u012b vieta ir k\u0101 rad\u012bta visiem, kam gar\u0161o ban\u0101ni! Ban\u0101nu muzej\u0101 apmekl\u0113t\u0101ji tiek iepaz\u012bstin\u0101ti ar 13 ban\u0101nu \u0161\u0137irnes kokiem no da\u017e\u0101d\u0101m pasaules mal\u0101m. Muzejs sast\u0101v no divst\u0101v\u012bgas \u0113kas, kur uzzin\u0101t vair\u0101k par ban\u0101nkoku v\u0113sturi, to izcelsm\u0113m un gar\u0161u specifik\u0101m, k\u0101 ar\u012b pie muzeja atrad\u012bsiet ar\u012b pilnu d\u0101rzu ar ban\u0101nkokiem, kurus b\u016bs iesp\u0113jams ar\u012b nogar\u0161ot un sal\u012bdzin\u0101t. Gada laik\u0101 ban\u0101nkoki, kas aug Ban\u0101nu muzeja d\u0101rz\u0101, sara\u017eo aptuveni 60 tonnas ar ban\u0101niem, kas v\u0113l\u0101k tiek eksport\u0113ti pa visu Eiropu. Muzej\u0101 atrodas ar\u012b mazs suven\u012bru veikali\u0146\u0161, kur visi gardumi ir saist\u012bti ar ban\u0101niem &#8211; taj\u0101 skait\u0101 ietilpst pat ban\u0101nu v\u012bni!<\/p>\n<p><img loading=\"lazy\" decoding=\"async\" class=\"alignnone wp-image-26169 size-large\" src=\"https:\/\/new.tripthis.eu\/wp-content\/uploads\/2024\/03\/vije-vijendranath-Nm1r9OxG6TU-unsplash-1024x1024.jpg\" alt=\"Ban\u0101nu muzejs\" width=\"1024\" height=\"1024\" \/><\/p>\n<p>&nbsp;<\/p>\n<h1>Cueva Pintada muzejs un arheolo\u0123iskais parks<\/h1>\n<p>\u0160\u012b ir \u012bpa\u0161a vieta Grankan\u0101rijas sal\u0101, kur sena v\u0113sture satiekas ar m\u016bsdien\u0101m. Muzej\u0101 apmekl\u0113t\u0101ji iepaz\u012bsies ar vulk\u0101niskaj\u0101m al\u0101m, kur\u0101s agr\u0101k dz\u012bvoja cilv\u0113ki. V\u0113l l\u012bdz \u0161ai dienai al\u0101s ir saglab\u0101ju\u0161\u0101s sen\u0101s dz\u012bv\u012bbas paz\u012bmes, k\u0101 piem\u0113ram, da\u017e\u0101di instrumenti, sienu gleznojumi, kas agr\u0101k kalpojis k\u0101 kalend\u0101rs, un pat trauki. Vulk\u0101nisk\u0101s alas nav izveidoju\u0161\u0101s pa\u0161as no sevis &#8211; senie cilv\u0113ki, mekl\u0113jot patv\u0113rumu, pa\u0161i \u0161\u012bs alas ir izgrebu\u0161i, kas padara to visu v\u0113l noz\u012bm\u012bg\u0101ku. \u0160is ir lielisks veids, k\u0101 ne tikai izbaud\u012bt visus br\u012bnumus, ko sala var sniegt m\u016bsdien\u0101s, bet ar\u012b iepaz\u012bt salas v\u0113sturisko pusi un uzzin\u0101t daudz interesantas inform\u0101cijas, ko neb\u016bs iesp\u0113jams uzzin\u0101t nekur citur!<\/p>\n<p><img loading=\"lazy\" decoding=\"async\" class=\"alignnone wp-image-26171 size-large\" src=\"https:\/\/new.tripthis.eu\/wp-content\/uploads\/2024\/03\/manuel-torres-garcia-5M9h4ux8jns-unsplash-1024x1024.jpg\" alt=\"Cueva Pintada muzejs un arheolo\u0123iskais parks\" width=\"1024\" height=\"1024\" \/><\/p>\n<p>&nbsp;<\/p>\n<p>&nbsp;<\/p>\n<p>\u0160ie ir tikai da\u017ei no desmitiem apskates objektiem, ko iesp\u0113jams redz\u0113t Grankan\u0101rij\u0101! Gadiem ejot, sal\u0101 \u012bpa\u0161i att\u012bst\u012bjies t\u016brisms, nodro\u0161inot aktivit\u0101tes k\u0101 pieaugu\u0161ajiem, t\u0101 ar\u012b b\u0113rniem. Sala ir pilna ar da\u017e\u0101d\u012bbu &#8211; k\u0101 ce\u013cot\u0101jiem paredz\u0113taj\u0101s aktivit\u0101t\u0113s, t\u0101 ar\u012b daba da\u017e\u0101d\u0101s salas pus\u0113s b\u016bs piln\u012bb\u0101 at\u0161\u0137ir\u012bga. Viens nu ir skaidrs &#8211; pat viskritisk\u0101kais ce\u013cot\u0101js, kuram pilnv\u0113rt\u012bgai atp\u016btai ir nepiecie\u0161amas \u013coti specifiskas lietas, sp\u0113s t\u0101s atrast \u0161eit! Grankan\u0101rija b\u016bs lieliska vieta, kur doties atp\u016bt\u0101 ar \u0123imeni vai izbaud\u012bt medusm\u0113nesi!<\/p>\n<p>&nbsp;<\/p>\n<p>&nbsp;<\/p>\n<h4>[INSERT_ELEMENTOR id=&#8221;23936&#8243;]<\/h4>\n","protected":false},"excerpt":{"rendered":"<p>Grankan\u0101rija ir viena no Sp\u0101nijas piedero\u0161aj\u0101m Kan\u0101riju sal\u0101m, un t\u0101 atrodas starp Tenerifes un Fuerteventuras sal\u0101m. T\u0101pat k\u0101 cit\u0101s Kan\u0101riju sal\u0101s, ar\u012b \u0161\u012b sala lutina ar vasar\u012bgiem laikapst\u0101k\u013ciem visa gada garum\u0101. Grankan\u0101riju d\u0113v\u0113 par &#8221;mazo kontinentu&#8221;, jo, lai vai sala ir sal\u012bdzino\u0161i maza, t\u0101s daba ir \u013coti daudzveid\u012bga &#8211; dienvidu da\u013ca b\u016bs piem\u0113rota ce\u013cot\u0101jiem, kuri [&hellip;]<\/p>\n","protected":false},"author":20,"featured_media":26172,"comment_status":"open","ping_status":"open","sticky":false,"template":"","format":"standard","meta":{"post_subheading":"","post_intro_title":"","post_intro_text":"","post_1_gallery":[],"post_main_content":"","post_banner_title":"","post_banner_text":"","post_source":"","post_faq":[],"post_toc":[],"post_conversion_block":"","post_ai_summary":"","footnotes":""},"categories":[382],"tags":[696,789,790,791,774,406,792,793,794],"country":[],"class_list":["post-288717","post","type-post","status-publish","format-standard","has-post-thumbnail","hentry","category-blogs","tag-apskates-vietas","tag-arheologiskais-parks","tag-bananu-muzejs","tag-cueva-pintada-muzejs","tag-grankanarija","tag-letas-aviobiletes-uz-kanariju-salam","tag-maspalomas-kapas","tag-roque-nublo-klints","tag-teror-ciemats"],"_links":{"self":[{"href":"https:\/\/new.tripthis.eu\/en\/wp-json\/wp\/v2\/posts\/288717","targetHints":{"allow":["GET"]}}],"collection":[{"href":"https:\/\/new.tripthis.eu\/en\/wp-json\/wp\/v2\/posts"}],"about":[{"href":"https:\/\/new.tripthis.eu\/en\/wp-json\/wp\/v2\/types\/post"}],"author":[{"embeddable":true,"href":"https:\/\/new.tripthis.eu\/en\/wp-json\/wp\/v2\/users\/20"}],"replies":[{"embeddable":true,"href":"https:\/\/new.tripthis.eu\/en\/wp-json\/wp\/v2\/comments?post=288717"}],"version-history":[{"count":0,"href":"https:\/\/new.tripthis.eu\/en\/wp-json\/wp\/v2\/posts\/288717\/revisions"}],"wp:featuredmedia":[{"embeddable":true,"href":"https:\/\/new.tripthis.eu\/en\/wp-json\/wp\/v2\/media\/26172"}],"wp:attachment":[{"href":"https:\/\/new.tripthis.eu\/en\/wp-json\/wp\/v2\/media?parent=288717"}],"wp:term":[{"taxonomy":"category","embeddable":true,"href":"https:\/\/new.tripthis.eu\/en\/wp-json\/wp\/v2\/categories?post=288717"},{"taxonomy":"post_tag","embeddable":true,"href":"https:\/\/new.tripthis.eu\/en\/wp-json\/wp\/v2\/tags?post=288717"},{"taxonomy":"country","embeddable":true,"href":"https:\/\/new.tripthis.eu\/en\/wp-json\/wp\/v2\/country?post=288717"}],"curies":[{"name":"wp","href":"https:\/\/api.w.org\/{rel}","templated":true}]}}