{"id":288642,"date":"2024-02-13T10:27:48","date_gmt":"2024-02-13T10:27:48","guid":{"rendered":"https:\/\/tripthis.eu\/?p=25552"},"modified":"2024-02-13T10:27:48","modified_gmt":"2024-02-13T10:27:48","slug":"lidojumi-no-rigas-uz-horvatijas-pilsetu-zadaru-sakot-no-e84-turp-atpakal-apartamenti-zadara-par-e40-diennakti","status":"publish","type":"post","link":"https:\/\/new.tripthis.eu\/en\/lidojumi-no-rigas-uz-horvatijas-pilsetu-zadaru-sakot-no-e84-turp-atpakal-apartamenti-zadara-par-e40-diennakti\/","title":{"rendered":"Lidojumi no R\u012bgas uz Horv\u0101tijas pils\u0113tu Zadaru s\u0101kot no \u20ac84 (turp-atpaka\u013c) + apartamenti Zadar\u0101 par \u20ac40 diennakt\u012b!"},"content":{"rendered":"<p>[the_ad id=&#8221;25542&#8243;]<\/p>\n<p>Izdev\u012bgi lidojumi no R\u012bgas uz Horv\u0101tiju! Horv\u0101tij\u0101 baudi Adrijas j\u016bras dzidros \u016bde\u0146us, viduslaiku pils\u0113tas, apburo\u0161\u0101s kalnu ainavas, k\u0101 ar\u012b noteikti apmekl\u0113 vienu no iev\u0113rojam\u0101kajiem Horv\u0101tijas apskates objektiem &#8211; Plitvices ezera nacion\u0101lo parku, kas sast\u0101v no vair\u0101kiem ezeriem un elpu aizraujo\u0161iem \u016bdenskritumiem. Zadar\u0101 ieteicams apskat\u012bt Kornati nacion\u0101lo parku un doties ekskursij\u0101 izp\u0113t\u012bt Dalm\u0101cijas piekrasti!<\/p>\n<p>[the_ad id=&#8221;25543&#8243;]<\/p>\n<h3><strong>LIDOJUMU DATUMI:<\/strong><\/h3>\n<p><strong>Lidojums turp: R\u012bga &#8211; V\u012bne &#8211; Zadara<\/strong><strong><br \/>\nLidojums atpaka\u013c : Zadara &#8211; G\u0113teborga &#8211; R\u012bga<br \/>\n<\/strong><\/p>\n<ul style=\"list-style-type: circle;\">\n<li>14.04 &#8211; 20.04 \u20ac84 (7 dienas)<\/li>\n<li>14.04 &#8211; 27.04 \u20ac85 (14 dienas)<\/li>\n<li>09.04 &#8211; 20.04 \u20ac91 (12 dienas)<\/li>\n<li>08.04 &#8211; 20.04 \u20ac91 (13 dienas)<\/li>\n<li>07.04 &#8211; 20.04 \u20ac92 (14 dienas)<\/li>\n<li><span style=\"font-size: 14px;\">*Bi\u013ce\u0161u cenas var main\u012bties<\/span><\/li>\n<\/ul>\n<p><strong>Piem\u0113rs bi\u013ce\u0161u cen\u0101m:<\/strong><\/p>\n<p><img fetchpriority=\"high\" decoding=\"async\" class=\"alignnone size-full wp-image-25554\" src=\"https:\/\/new.tripthis.eu\/wp-content\/uploads\/2024\/02\/Screenshot-2024-02-13-121136.png\" alt=\"L\u0113tas aviobi\u013cetes uz Zadaru Horv\u0101tij\u0101\" width=\"934\" height=\"306\" \/><\/p>\n<h2 style=\"text-align: center;\">Aviobi\u013cetes mekl\u0113 Ryanair m\u0101jaslap\u0101<\/h2>\n<p><a href=\"http:\/\/www.booking.com\/hotel\/hr\/studio-verunica.en.html?aid=7902493&amp;checkin_monthday=14&amp;checkin_month=4&amp;checkin_year=2024&amp;checkout_monthday=20&amp;checkout_month=4&amp;checkout_year=2024&amp;no_rooms=1&amp;group_adults=2\" target=\"_blank\" rel=\"noopener\"><img decoding=\"async\" class=\"aligncenter wp-image-25555 size-full\" src=\"https:\/\/new.tripthis.eu\/wp-content\/uploads\/2024\/02\/Screenshot-2024-02-13-122259.png\" alt=\"L\u0113tas aviobi\u013cetes uz Zadaru Horv\u0101tij\u0101\" width=\"812\" height=\"231\" \/><\/a><\/p>\n<p>&nbsp;<\/p>\n<h2 style=\"text-align: center;\"><a href=\"https:\/\/www.booking.com\/hotel\/hr\/studio-verunica.en.html?aid=7902493&amp;checkin_monthday=14&amp;checkin_month=4&amp;checkin_year=2024&amp;checkout_monthday=20&amp;checkout_month=4&amp;checkout_year=2024&amp;no_rooms=1&amp;group_adults=2\" target=\"_blank\" rel=\"noopener\">Apartamenti Zadar\u0101 par \u20ac40 diennakt\u012b! Pied\u0101v\u0101jumu mekl\u0113 \u0161eit!<\/a><\/h2>\n<p>[INSERT_ELEMENTOR id=&#8221;23936&#8243;]<\/p>\n","protected":false},"excerpt":{"rendered":"<p>[the_ad id=&#8221;25542&#8243;] Izdev\u012bgi lidojumi no R\u012bgas uz Horv\u0101tiju! Horv\u0101tij\u0101 baudi Adrijas j\u016bras dzidros \u016bde\u0146us, viduslaiku pils\u0113tas, apburo\u0161\u0101s kalnu ainavas, k\u0101 ar\u012b noteikti apmekl\u0113 vienu no iev\u0113rojam\u0101kajiem Horv\u0101tijas apskates objektiem &#8211; Plitvices ezera nacion\u0101lo parku, kas sast\u0101v no vair\u0101kiem ezeriem un elpu aizraujo\u0161iem \u016bdenskritumiem. Zadar\u0101 ieteicams apskat\u012bt Kornati nacion\u0101lo parku un doties ekskursij\u0101 izp\u0113t\u012bt Dalm\u0101cijas piekrasti! [&hellip;]<\/p>\n","protected":false},"author":20,"featured_media":25553,"comment_status":"open","ping_status":"open","sticky":false,"template":"","format":"standard","meta":{"post_subheading":"","post_intro_title":"","post_intro_text":"","post_1_gallery":[],"post_main_content":"","post_banner_title":"","post_banner_text":"","post_source":"","post_faq":[],"post_toc":[],"post_conversion_block":"","post_ai_summary":"","footnotes":""},"categories":[383],"tags":[399,622,438,385,625],"country":[],"class_list":["post-288642","post","type-post","status-publish","format-standard","has-post-thumbnail","hentry","category-letas-aviobiletes","tag-399","tag-aprilis","tag-leti-lidojumi-horvatija","tag-ryanair","tag-zadara"],"_links":{"self":[{"href":"https:\/\/new.tripthis.eu\/en\/wp-json\/wp\/v2\/posts\/288642","targetHints":{"allow":["GET"]}}],"collection":[{"href":"https:\/\/new.tripthis.eu\/en\/wp-json\/wp\/v2\/posts"}],"about":[{"href":"https:\/\/new.tripthis.eu\/en\/wp-json\/wp\/v2\/types\/post"}],"author":[{"embeddable":true,"href":"https:\/\/new.tripthis.eu\/en\/wp-json\/wp\/v2\/users\/20"}],"replies":[{"embeddable":true,"href":"https:\/\/new.tripthis.eu\/en\/wp-json\/wp\/v2\/comments?post=288642"}],"version-history":[{"count":0,"href":"https:\/\/new.tripthis.eu\/en\/wp-json\/wp\/v2\/posts\/288642\/revisions"}],"wp:featuredmedia":[{"embeddable":true,"href":"https:\/\/new.tripthis.eu\/en\/wp-json\/wp\/v2\/media\/25553"}],"wp:attachment":[{"href":"https:\/\/new.tripthis.eu\/en\/wp-json\/wp\/v2\/media?parent=288642"}],"wp:term":[{"taxonomy":"category","embeddable":true,"href":"https:\/\/new.tripthis.eu\/en\/wp-json\/wp\/v2\/categories?post=288642"},{"taxonomy":"post_tag","embeddable":true,"href":"https:\/\/new.tripthis.eu\/en\/wp-json\/wp\/v2\/tags?post=288642"},{"taxonomy":"country","embeddable":true,"href":"https:\/\/new.tripthis.eu\/en\/wp-json\/wp\/v2\/country?post=288642"}],"curies":[{"name":"wp","href":"https:\/\/api.w.org\/{rel}","templated":true}]}}