{"id":288641,"date":"2024-02-12T14:57:56","date_gmt":"2024-02-12T14:57:56","guid":{"rendered":"https:\/\/tripthis.eu\/?p=25536"},"modified":"2024-02-12T14:57:56","modified_gmt":"2024-02-12T14:57:56","slug":"lidojumi-no-rigas-uz-zenevu-sakot-no-e86-turp-atpakal-3-viesnica-zeneva-par-e44-diennakti","status":"publish","type":"post","link":"https:\/\/new.tripthis.eu\/en\/lidojumi-no-rigas-uz-zenevu-sakot-no-e86-turp-atpakal-3-viesnica-zeneva-par-e44-diennakti\/","title":{"rendered":"Lidojumi no R\u012bgas uz \u017den\u0113vu s\u0101kot no \u20ac86 (turp-atpaka\u013c) + 3* viesn\u012bca \u017den\u0113v\u0101 par \u20ac44 diennakt\u012b!"},"content":{"rendered":"<p><span style=\"vertical-align: inherit;\">[INSERT_ELEMENTOR id=&#8221;25481&#8243;]\u00a0<\/span><\/p>\n<p>Lidojumi no R\u012bgas uz \u017den\u0113vu apr\u012bl\u012b par pievilc\u012bgu cenu no <strong>\u20ac86<\/strong>\u00a0 (turp-atpaka\u013c)! Nelaid gar\u0101m iesp\u0113ju apskat\u012bt \u017den\u0113vas vecpils\u0113tu, kur slejas 1160.gad\u0101 celt\u0101 Sv.Pj\u0113ra katedr\u0101le un no kuras zieme\u013cu tor\u0146a paveras \u012bpa\u0161i skaists\u00a0skats uz pils\u0113tu. Apskati ar\u012b gleznaino \u017den\u0113vas ezeru, kur atrodas\u00a0Jet d&#8217;Eau str\u016bklaka un ko ieskauj Alpi. Str\u016bklakas augstums sasniedz 140 metru augstumu un to iesp\u0113jams saskat\u012bt no visda\u017e\u0101d\u0101kaj\u0101m viet\u0101m pils\u0113t\u0101.<\/p>\n<p>[INSERT_ELEMENTOR id=&#8221;25482&#8243;]<\/p>\n<p><span style=\"color: #000000;\"><strong>Lidojums turp: R\u012bga \u2013 Kopenh\u0101gena \u2013 \u017den\u0113va<br \/>\nLidojums atpaka\u013c :\u00a0 \u017den\u0113va \u2013 Stokholma \u2013 R\u012bga<\/strong><\/span><\/p>\n<p><span style=\"color: #000000;\"><strong>LIDOJUMU DATUMI:<\/strong><\/span><\/p>\n<ul style=\"list-style-type: circle;\">\n<li><span style=\"color: #000000;\">11.04 &#8211; 15.04 \u20ac86 (5 dienas)<\/span><\/li>\n<li><span style=\"color: #000000;\">04.04 &#8211; 15.04 \u20ac95 (12 dienas)<\/span><\/li>\n<li><span style=\"color: #000000;\">08.04 &#8211; 15.04 \u20ac96 (8 dienas)<\/span><\/li>\n<li><span style=\"color: #000000;\">05.04 &#8211; 15.04 \u20ac97 (11 dienas)<\/span><\/li>\n<li><span style=\"color: #000000;\">11.04 &#8211; 17.04 \u20ac102 (7 dienas)<\/span><br \/>\n<span style=\"color: #000000;\">*Bi\u013ce\u0161u cenas var main\u012bties<\/span><\/li>\n<\/ul>\n<p><span style=\"color: #000000;\"><strong>Piem\u0113rs bi\u013ce\u0161u cen\u0101m:<\/strong><\/span><\/p>\n<p><img fetchpriority=\"high\" decoding=\"async\" class=\"alignnone size-full wp-image-25537\" src=\"https:\/\/new.tripthis.eu\/wp-content\/uploads\/2024\/02\/Screenshot-2024-02-12-161012.png\" alt=\"L\u0113tas aviobi\u013cetes uz \u017den\u0113vu\" width=\"933\" height=\"317\" \/><\/p>\n<h2 style=\"text-align: center;\"><span style=\"color: #000000;\">Aviobi\u013cetes mekl\u0113 Norwegian, Ryanair un EasyJet m\u0101jaslap\u0101s<\/span><\/h2>\n<p><a href=\"http:\/\/www.booking.com\/index.html?aid=7902493\" target=\"_blank\" rel=\"noopener\"><img decoding=\"async\" class=\"aligncenter wp-image-25539 size-full\" src=\"https:\/\/new.tripthis.eu\/wp-content\/uploads\/2024\/02\/Screenshot-2024-02-12-163934.png\" alt=\"L\u0113tas aviobi\u013cetes uz \u017den\u0113vu \u010cehij\u0101\" width=\"813\" height=\"230\" \/><\/a><\/p>\n<h2 style=\"text-align: center;\"><span style=\"color: #000000;\"><a style=\"color: #000000;\" href=\"https:\/\/www.booking.com\/index.html?aid=7902493\" target=\"_blank\" rel=\"noopener\">3* viesn\u012bca \u017den\u0113v\u0101 par \u20ac44 diennakt\u012b! Pied\u0101v\u0101jumu mekl\u0113 \u0161eit!<\/a><\/span><\/h2>\n<p>[INSERT_ELEMENTOR id=&#8221;23936&#8243;]<\/p>\n<p>&nbsp;<\/p>\n","protected":false},"excerpt":{"rendered":"<p>[INSERT_ELEMENTOR id=&#8221;25481&#8243;]\u00a0 Lidojumi no R\u012bgas uz \u017den\u0113vu apr\u012bl\u012b par pievilc\u012bgu cenu no \u20ac86\u00a0 (turp-atpaka\u013c)! Nelaid gar\u0101m iesp\u0113ju apskat\u012bt \u017den\u0113vas vecpils\u0113tu, kur slejas 1160.gad\u0101 celt\u0101 Sv.Pj\u0113ra katedr\u0101le un no kuras zieme\u013cu tor\u0146a paveras \u012bpa\u0161i skaists\u00a0skats uz pils\u0113tu. Apskati ar\u012b gleznaino \u017den\u0113vas ezeru, kur atrodas\u00a0Jet d&#8217;Eau str\u016bklaka un ko ieskauj Alpi. Str\u016bklakas augstums sasniedz 140 metru augstumu [&hellip;]<\/p>\n","protected":false},"author":20,"featured_media":25538,"comment_status":"open","ping_status":"open","sticky":false,"template":"","format":"standard","meta":{"post_subheading":"","post_intro_title":"","post_intro_text":"","post_1_gallery":[],"post_main_content":"","post_banner_title":"","post_banner_text":"","post_source":"","post_faq":[],"post_toc":[],"post_conversion_block":"","post_ai_summary":"","footnotes":""},"categories":[383],"tags":[399,622,427,446,577,385,567],"country":[],"class_list":["post-288641","post","type-post","status-publish","format-standard","has-post-thumbnail","hentry","category-letas-aviobiletes","tag-399","tag-aprilis","tag-leti-lidojumi-cehija","tag-easyjet","tag-norwegian","tag-ryanair","tag-zeneva"],"_links":{"self":[{"href":"https:\/\/new.tripthis.eu\/en\/wp-json\/wp\/v2\/posts\/288641","targetHints":{"allow":["GET"]}}],"collection":[{"href":"https:\/\/new.tripthis.eu\/en\/wp-json\/wp\/v2\/posts"}],"about":[{"href":"https:\/\/new.tripthis.eu\/en\/wp-json\/wp\/v2\/types\/post"}],"author":[{"embeddable":true,"href":"https:\/\/new.tripthis.eu\/en\/wp-json\/wp\/v2\/users\/20"}],"replies":[{"embeddable":true,"href":"https:\/\/new.tripthis.eu\/en\/wp-json\/wp\/v2\/comments?post=288641"}],"version-history":[{"count":0,"href":"https:\/\/new.tripthis.eu\/en\/wp-json\/wp\/v2\/posts\/288641\/revisions"}],"wp:featuredmedia":[{"embeddable":true,"href":"https:\/\/new.tripthis.eu\/en\/wp-json\/wp\/v2\/hotel\/25538"}],"wp:attachment":[{"href":"https:\/\/new.tripthis.eu\/en\/wp-json\/wp\/v2\/media?parent=288641"}],"wp:term":[{"taxonomy":"category","embeddable":true,"href":"https:\/\/new.tripthis.eu\/en\/wp-json\/wp\/v2\/categories?post=288641"},{"taxonomy":"post_tag","embeddable":true,"href":"https:\/\/new.tripthis.eu\/en\/wp-json\/wp\/v2\/tags?post=288641"},{"taxonomy":"country","embeddable":true,"href":"https:\/\/new.tripthis.eu\/en\/wp-json\/wp\/v2\/country?post=288641"}],"curies":[{"name":"wp","href":"https:\/\/api.w.org\/{rel}","templated":true}]}}