{"id":288608,"date":"2024-01-25T16:12:49","date_gmt":"2024-01-25T16:12:49","guid":{"rendered":"https:\/\/tripthis.eu\/?p=25231"},"modified":"2024-01-25T16:12:49","modified_gmt":"2024-01-25T16:12:49","slug":"lidojumi-no-rigas-uz-maljorku-sakot-no-e66-turp-atpakal-3-apartamenti-maljorka-par-e43-diennakti","status":"publish","type":"post","link":"https:\/\/new.tripthis.eu\/en\/lidojumi-no-rigas-uz-maljorku-sakot-no-e66-turp-atpakal-3-apartamenti-maljorka-par-e43-diennakti\/","title":{"rendered":"Lidojumi no R\u012bgas uz Maljorku s\u0101kot no \u20ac66 (turp-atpaka\u013c) + 3* apartamenti Maljork\u0101 par \u20ac43 diennakt\u012b!"},"content":{"rendered":"<p>Lieliska cena lidojumam no R\u012bgas uz Maljorku! Dodies uz m\u016b\u017e\u012bg\u0101s vasaras salu &#8211; Maljorku no <span style=\"font-size: 14px; text-align: justify;\"> <strong>\u20ac65<\/strong><\/span><strong>\u00a0(turp-atpaka\u013c). <\/strong>Sal\u0101 neaizmirsti apskat\u012bt Serra de Traumuntana kalnu mas\u012bvu, Maljorkas simbolu &#8211; La Seu jeb Santa Maria katedr\u0101li, Parc Natural De Mondrago nacion\u0101lo parku, k\u0101 ar\u012b gotisko m\u0101kslas darbu &#8211; Bellver pili.<\/p>\n<p>Vair\u0101k par apskates viet\u0101m Maljork\u0101 lasi m\u016bsu bloga rakst\u0101 <a href=\"https:\/\/new.tripthis.eu\/blogi\/piecas-apskates-vietas-maljorka\/\" target=\"_blank\" rel=\"noopener\">\u0161eit<\/a> &#8211; <a href=\"https:\/\/new.tripthis.eu\/blogi\/piecas-apskates-vietas-maljorka\/\" target=\"_blank\" rel=\"noopener\">https:\/\/new.tripthis.eu\/blogi\/piecas-apskates-vietas-maljorka\/<\/a><\/p>\n<h3><strong>LIDOJUMU DATUMI:<\/strong><\/h3>\n<p><strong>Lidojums turp: R\u012bga &#8211; V\u012bne &#8211; Maljorka<\/strong><strong><br \/>\nLidojums atpaka\u013c : Maljorka &#8211; V\u012bne &#8211; R\u012bga<\/strong><\/p>\n<ul style=\"list-style-type: circle;\">\n<li>20.02 &#8211; 07.03 \u20ac66 (17 dienas)<\/li>\n<li>20.02 &#8211; 04.03 \u20ac74 (14 dienas)<\/li>\n<li>20.02 &#8211; 26.02 \u20ac77 (7 dienas)<\/li>\n<li>20.02 &#8211; 02.03 \u20ac77 (12 dienas)<\/li>\n<li>27.02 &#8211; 07.03 \u20ac79 (10 dienas)<\/li>\n<li><span style=\"font-size: 14px;\">*Bi\u013ce\u0161u cenas var main\u012bties<\/span><\/li>\n<\/ul>\n<p><strong>Piem\u0113rs bi\u013ce\u0161u cen\u0101m:<\/strong><\/p>\n<p><img fetchpriority=\"high\" decoding=\"async\" class=\"alignnone size-full wp-image-25234\" src=\"https:\/\/new.tripthis.eu\/wp-content\/uploads\/2024\/01\/Screenshot-2024-01-25-180116.png\" alt=\"L\u0113tas aviobi\u013cetes uz Maljorku Sp\u0101nij\u0101\" width=\"933\" height=\"305\" \/><\/p>\n<h2 style=\"text-align: center;\">Aviobi\u013cetes mekl\u0113 Ryanair m\u0101jaslap\u0101<\/h2>\n<p>&nbsp;<\/p>\n<p><a href=\"http:\/\/www.booking.com\/hotel\/es\/apartamentos-verdemar.en.html?aid=7902493&amp;checkin_monthday=20&amp;checkin_month=2&amp;checkin_year=2024&amp;checkout_monthday=7&amp;checkout_month=3&amp;checkout_year=2024&amp;no_rooms=1&amp;group_adults=2\" target=\"_blank\" rel=\"noopener\"><img decoding=\"async\" class=\"aligncenter wp-image-25236 size-full\" src=\"https:\/\/new.tripthis.eu\/wp-content\/uploads\/2024\/01\/Screenshot-2024-01-25-180952.png\" alt=\"L\u0113tas viesn\u012bcas Maljork\u0101 Sp\u0101nij\u0101\" width=\"815\" height=\"238\" \/><\/a><\/p>\n<h2 style=\"text-align: center;\"><a href=\"https:\/\/www.booking.com\/hotel\/es\/apartamentos-verdemar.en.html?aid=7902493&amp;checkin_monthday=20&amp;checkin_month=2&amp;checkin_year=2024&amp;checkout_monthday=7&amp;checkout_month=3&amp;checkout_year=2024&amp;no_rooms=1&amp;group_adults=2\" target=\"_blank\" rel=\"noopener\">3* apartamenti Maljork\u0101 par \u20ac43 diennakt\u012b! Pied\u0101v\u0101jumu mekl\u0113 \u0161eit!<\/a><\/h2>\n<p>[INSERT_ELEMENTOR id=&#8221;23936&#8243;]<\/p>\n","protected":false},"excerpt":{"rendered":"<p>Lieliska cena lidojumam no R\u012bgas uz Maljorku! Dodies uz m\u016b\u017e\u012bg\u0101s vasaras salu &#8211; Maljorku no \u20ac65\u00a0(turp-atpaka\u013c). Sal\u0101 neaizmirsti apskat\u012bt Serra de Traumuntana kalnu mas\u012bvu, Maljorkas simbolu &#8211; La Seu jeb Santa Maria katedr\u0101li, Parc Natural De Mondrago nacion\u0101lo parku, k\u0101 ar\u012b gotisko m\u0101kslas darbu &#8211; Bellver pili. Vair\u0101k par apskates viet\u0101m Maljork\u0101 lasi m\u016bsu bloga [&hellip;]<\/p>\n","protected":false},"author":20,"featured_media":25235,"comment_status":"open","ping_status":"open","sticky":false,"template":"","format":"standard","meta":{"post_subheading":"","post_intro_title":"","post_intro_text":"","post_1_gallery":[],"post_main_content":"","post_banner_title":"","post_banner_text":"","post_source":"","post_faq":[],"post_toc":[],"post_conversion_block":"","post_ai_summary":"","footnotes":""},"categories":[383],"tags":[399,579,555,385,390],"country":[],"class_list":["post-288608","post","type-post","status-publish","format-standard","has-post-thumbnail","hentry","category-letas-aviobiletes","tag-399","tag-februaris","tag-maljorka","tag-ryanair","tag-aviobiletes-uz-spaniju"],"_links":{"self":[{"href":"https:\/\/new.tripthis.eu\/en\/wp-json\/wp\/v2\/posts\/288608","targetHints":{"allow":["GET"]}}],"collection":[{"href":"https:\/\/new.tripthis.eu\/en\/wp-json\/wp\/v2\/posts"}],"about":[{"href":"https:\/\/new.tripthis.eu\/en\/wp-json\/wp\/v2\/types\/post"}],"author":[{"embeddable":true,"href":"https:\/\/new.tripthis.eu\/en\/wp-json\/wp\/v2\/users\/20"}],"replies":[{"embeddable":true,"href":"https:\/\/new.tripthis.eu\/en\/wp-json\/wp\/v2\/comments?post=288608"}],"version-history":[{"count":0,"href":"https:\/\/new.tripthis.eu\/en\/wp-json\/wp\/v2\/posts\/288608\/revisions"}],"wp:featuredmedia":[{"embeddable":true,"href":"https:\/\/new.tripthis.eu\/en\/wp-json\/wp\/v2\/media\/25235"}],"wp:attachment":[{"href":"https:\/\/new.tripthis.eu\/en\/wp-json\/wp\/v2\/media?parent=288608"}],"wp:term":[{"taxonomy":"category","embeddable":true,"href":"https:\/\/new.tripthis.eu\/en\/wp-json\/wp\/v2\/categories?post=288608"},{"taxonomy":"post_tag","embeddable":true,"href":"https:\/\/new.tripthis.eu\/en\/wp-json\/wp\/v2\/tags?post=288608"},{"taxonomy":"country","embeddable":true,"href":"https:\/\/new.tripthis.eu\/en\/wp-json\/wp\/v2\/country?post=288608"}],"curies":[{"name":"wp","href":"https:\/\/api.w.org\/{rel}","templated":true}]}}