{"id":288582,"date":"2024-01-10T13:28:19","date_gmt":"2024-01-10T13:28:19","guid":{"rendered":"https:\/\/tripthis.eu\/?p=25025"},"modified":"2024-01-10T13:28:19","modified_gmt":"2024-01-10T13:28:19","slug":"lidojumi-no-rigas-uz-faro-portugale-sakot-no-e81-turp-atpakal-viesnica-faro-par-e40-diennakti","status":"publish","type":"post","link":"https:\/\/new.tripthis.eu\/en\/lidojumi-no-rigas-uz-faro-portugale-sakot-no-e81-turp-atpakal-viesnica-faro-par-e40-diennakti\/","title":{"rendered":"Lidojumi no R\u012bgas uz Faro (Portug\u0101le) s\u0101kot no \u20ac81 (turp-atpaka\u013c) + viesn\u012bca Faro par \u20ac40 diennakt\u012b!"},"content":{"rendered":"<p>Izdev\u012bga cena lidojumiem no R\u012bgas uz Portug\u0101les dienvidos eso\u0161o pils\u0113tu Faro s\u0101kot no<strong> \u20ac81 (turp-atpaka\u013c)<\/strong>! Pils\u0113t\u0101 noteikti vajadz\u0113tu apskat\u012bt vecpils\u0113tu, doties apskat\u012bt bazn\u012bcas un katedr\u0101les (slaven\u0101k\u0101 no t\u0101m &#8211; Se katedr\u0101le), k\u0101 ar\u012b Eife\u013ca zivju tirgu, kuru ir projekt\u0113jis Gustavs Eifels (j\u0101, Eife\u013ca tor\u0146a arhitekts). Eife\u013ca zivju tirg\u016b noteikti tiksi pie iesp\u0113jas nogar\u0161ot svaigus un gardus zivju \u0113dienus!<\/p>\n<p>Vair\u0101k par apskates viet\u0101m Faro un t\u0101s apk\u0101rtn\u0113 mekl\u0113 m\u016bsu rakst\u0101 <a href=\"https:\/\/new.tripthis.eu\/blogi\/apskates-vietas-faro-lagosa-albufeira-un-tas-apkartne\/\" target=\"_blank\" rel=\"noopener\">\u0161eit.<\/a><\/p>\n<h3><strong>LIDOJUMU DATUMI:<\/strong><\/h3>\n<p><strong>Lidojums turp: R\u012bga &#8211; Londona &#8211; Faro<\/strong><strong><br \/>\nLidojums atpaka\u013c : Faro &#8211; Londona &#8211; R\u012bga<br \/>\n<\/strong><\/p>\n<ul style=\"list-style-type: circle;\">\n<li>02.02 &#8211; 05.02 \u20ac81 (4 dienas)<\/li>\n<li>12.02 &#8211; 23.02 \u20ac82 (12 dienas)<\/li>\n<li>08.02 &#8211; 23.02 \u20ac82 (16 dienas)<\/li>\n<li>03.02 &#8211; 08.02 \u20ac85 (6 dienas)<\/li>\n<li>02.02 &#8211; 08.02 \u20ac85 (7 dienas)<\/li>\n<li><span style=\"font-size: 14px;\">*Bi\u013ce\u0161u cenas var main\u012bties<\/span><\/li>\n<\/ul>\n<p><strong>Piem\u0113rs bi\u013ce\u0161u cen\u0101m:<\/strong><\/p>\n<p><img fetchpriority=\"high\" decoding=\"async\" class=\"alignnone size-full wp-image-25026\" src=\"https:\/\/new.tripthis.eu\/wp-content\/uploads\/2024\/01\/Screenshot-2024-01-10-145508.png\" alt=\"L\u0113tas aviobi\u013cetes uz Faro Portug\u0101l\u0113\" width=\"935\" height=\"304\" \/><\/p>\n<h2 style=\"text-align: center;\">Aviobi\u013cetes mekl\u0113 Ryanair m\u0101jaslap\u0101<\/h2>\n<p>&nbsp;<\/p>\n<p><a href=\"http:\/\/www.booking.com\/hotel\/pt\/the-tiles-house.en.html?aid=7902493&amp;checkin_monthday=2&amp;checkin_month=2&amp;checkin_year=2024&amp;checkout_monthday=5&amp;checkout_month=2&amp;checkout_year=2024&amp;no_rooms=1&amp;group_adults=2\" target=\"_blank\" rel=\"noopener\"><img decoding=\"async\" class=\"aligncenter wp-image-25028 size-full\" src=\"https:\/\/new.tripthis.eu\/wp-content\/uploads\/2024\/01\/Screenshot-2024-01-10-151710.png\" alt=\"L\u0113tas aviobi\u013cetes uz Faro Portug\u0101l\u0113\" width=\"814\" height=\"235\" \/><\/a><\/p>\n<h2 style=\"text-align: center;\"><a href=\"https:\/\/www.booking.com\/hotel\/pt\/the-tiles-house.en.html?aid=7902493&amp;checkin_monthday=2&amp;checkin_month=2&amp;checkin_year=2024&amp;checkout_monthday=5&amp;checkout_month=2&amp;checkout_year=2024&amp;no_rooms=1&amp;group_adults=2\" target=\"_blank\" rel=\"noopener\">Viesn\u012bca Faro par \u20ac40 diennakt\u012b! <\/a><a href=\"http:\/\/www.booking.com\/hotel\/pt\/ti-maria.en.html?aid=7902493&amp;checkin_monthday=2&amp;checkin_month=10&amp;checkin_year=2023&amp;checkout_monthday=14&amp;checkout_month=10&amp;checkout_year=2023&amp;no_rooms=1&amp;group_adults=2\" target=\"_blank\" rel=\"noopener\">Pied\u0101v\u0101jumu mekl\u0113 \u0161eit!<\/a><\/h2>\n<p>[INSERT_ELEMENTOR id=&#8221;23936&#8243;]<\/p>\n","protected":false},"excerpt":{"rendered":"<p>Izdev\u012bga cena lidojumiem no R\u012bgas uz Portug\u0101les dienvidos eso\u0161o pils\u0113tu Faro s\u0101kot no \u20ac81 (turp-atpaka\u013c)! Pils\u0113t\u0101 noteikti vajadz\u0113tu apskat\u012bt vecpils\u0113tu, doties apskat\u012bt bazn\u012bcas un katedr\u0101les (slaven\u0101k\u0101 no t\u0101m &#8211; Se katedr\u0101le), k\u0101 ar\u012b Eife\u013ca zivju tirgu, kuru ir projekt\u0113jis Gustavs Eifels (j\u0101, Eife\u013ca tor\u0146a arhitekts). Eife\u013ca zivju tirg\u016b noteikti tiksi pie iesp\u0113jas nogar\u0161ot svaigus un [&hellip;]<\/p>\n","protected":false},"author":20,"featured_media":25027,"comment_status":"open","ping_status":"open","sticky":false,"template":"","format":"standard","meta":{"post_subheading":"","post_intro_title":"","post_intro_text":"","post_1_gallery":[],"post_main_content":"","post_banner_title":"","post_banner_text":"","post_source":"","post_faq":[],"post_toc":[],"post_conversion_block":"","post_ai_summary":"","footnotes":""},"categories":[383],"tags":[399,508,579,389,385],"country":[],"class_list":["post-288582","post","type-post","status-publish","format-standard","has-post-thumbnail","hentry","category-letas-aviobiletes","tag-399","tag-faro","tag-februaris","tag-letas-aviobiletes-uz-portugali","tag-ryanair"],"_links":{"self":[{"href":"https:\/\/new.tripthis.eu\/en\/wp-json\/wp\/v2\/posts\/288582","targetHints":{"allow":["GET"]}}],"collection":[{"href":"https:\/\/new.tripthis.eu\/en\/wp-json\/wp\/v2\/posts"}],"about":[{"href":"https:\/\/new.tripthis.eu\/en\/wp-json\/wp\/v2\/types\/post"}],"author":[{"embeddable":true,"href":"https:\/\/new.tripthis.eu\/en\/wp-json\/wp\/v2\/users\/20"}],"replies":[{"embeddable":true,"href":"https:\/\/new.tripthis.eu\/en\/wp-json\/wp\/v2\/comments?post=288582"}],"version-history":[{"count":0,"href":"https:\/\/new.tripthis.eu\/en\/wp-json\/wp\/v2\/posts\/288582\/revisions"}],"wp:featuredmedia":[{"embeddable":true,"href":"https:\/\/new.tripthis.eu\/en\/wp-json\/wp\/v2\/packages\/25027"}],"wp:attachment":[{"href":"https:\/\/new.tripthis.eu\/en\/wp-json\/wp\/v2\/media?parent=288582"}],"wp:term":[{"taxonomy":"category","embeddable":true,"href":"https:\/\/new.tripthis.eu\/en\/wp-json\/wp\/v2\/categories?post=288582"},{"taxonomy":"post_tag","embeddable":true,"href":"https:\/\/new.tripthis.eu\/en\/wp-json\/wp\/v2\/tags?post=288582"},{"taxonomy":"country","embeddable":true,"href":"https:\/\/new.tripthis.eu\/en\/wp-json\/wp\/v2\/country?post=288582"}],"curies":[{"name":"wp","href":"https:\/\/api.w.org\/{rel}","templated":true}]}}