{"id":288515,"date":"2023-12-02T16:38:32","date_gmt":"2023-12-02T16:38:32","guid":{"rendered":"https:\/\/tripthis.eu\/?p=24474"},"modified":"2023-12-02T16:38:32","modified_gmt":"2023-12-02T16:38:32","slug":"izdevigi-lidojumi-no-rigas-uz-porto-sakot-no-e79-turp-atpakal-viesnica-porto-par-e41-diennakti","status":"publish","type":"post","link":"https:\/\/new.tripthis.eu\/en\/izdevigi-lidojumi-no-rigas-uz-porto-sakot-no-e79-turp-atpakal-viesnica-porto-par-e41-diennakti\/","title":{"rendered":"Izdev\u012bgi lidojumi no R\u012bgas uz Porto s\u0101kot no \u20ac79 (turp-atpaka\u013c) + viesn\u012bca Porto par \u20ac41 diennakt\u012b!"},"content":{"rendered":"<p>Izdev\u012bgi lidojumi uz Portug\u0101les pils\u0113tu Porto, kas atrodas gleznain\u0101s Duoro upes krastos, lepojas ar iespaid\u012bgu 18. un 19.gadsimta arhitekt\u016bru, k\u0101 ar\u012b ir iek\u013cauta UNESCO mantojuma sarakst\u0101. Pils\u0113t\u0101 noteikti apmekl\u0113\u00a0Lello &amp; Irm\u00e3o gr\u0101matn\u012bcu, kuru par gr\u0101matn\u012bcas prototipu gr\u0101mat\u0101 par Hariju Poteru izmantoja rakstniece D\u017e.K.Roulinga, nogar\u0161o portug\u0101\u013co tradicion\u0101lo portv\u012bnu, iep\u0113rcies portug\u0101\u013cu gardumiem p\u0101rpilnaj\u0101\u00a0Bolh\u00e3o tirg\u016b un noteikti \u0161\u0137\u0113rso Dom Lu\u00eds I tiltu, no kura paveras fantastisks skats un romantisko Porto pils\u0113tu.<\/p>\n<h3><strong>LIDOJUMU DATUMI:<\/strong><\/h3>\n<p><strong>Lidojums turp: R\u012bga &#8211; Memmingena &#8211; Porto<\/strong><strong><br \/>\nLidojums atpaka\u013c : Porto &#8211; Londona &#8211; R\u012bga<br \/>\n<\/strong><\/p>\n<ul style=\"list-style-type: circle;\">\n<li>27.01.24 &#8211; 05.02.24 \u20ac79 (10 dienas)<\/li>\n<li>13.01.24 &#8211; 22.01.24 \u20ac86 (10 dienas)<\/li>\n<li>05.02.24 &#8211; 13.02.24 \u20ac86 (9 dienas)<\/li>\n<li>13.01.24 &#8211; 21.01.24 \u20ac86 (9 dienas)<\/li>\n<li>29.01.24 &#8211; 13.02.24 \u20ac86 (16 dienas)<\/li>\n<li><span style=\"font-size: 14px;\">*Bi\u013ce\u0161u cenas var main\u012bties<\/span><\/li>\n<\/ul>\n<p><strong>Piem\u0113rs bi\u013ce\u0161u cen\u0101m:<\/strong><\/p>\n<p><img fetchpriority=\"high\" decoding=\"async\" class=\"alignnone size-full wp-image-24476\" src=\"https:\/\/new.tripthis.eu\/wp-content\/uploads\/2023\/12\/Screenshot-2023-12-02-181825.png\" alt=\"L\u0113tas aviobi\u013cetes uz Porto Portug\u0101l\u0113\" width=\"932\" height=\"313\" \/><\/p>\n<h2 style=\"text-align: center;\">Aviobi\u013cetes mekl\u0113 Ryanair m\u0101jaslap\u0101<\/h2>\n<p><a href=\"http:\/\/www.booking.com\/hotel\/pt\/residencial-portuguesa.en.html?aid=7902493&amp;checkin_monthday=27&amp;checkin_month=1&amp;checkin_year=2024&amp;checkout_monthday=5&amp;checkout_month=2&amp;checkout_year=2024&amp;no_rooms=1&amp;group_adults=2\" target=\"_blank\" rel=\"noopener\"><img decoding=\"async\" class=\"aligncenter wp-image-24477 size-full\" src=\"https:\/\/new.tripthis.eu\/wp-content\/uploads\/2023\/12\/Screenshot-2023-12-02-183319.png\" alt=\"L\u0113tas aviobi\u013cetes uz Porto Portug\u0101l\u0113\" width=\"810\" height=\"230\" \/><\/a><\/p>\n<h2 style=\"text-align: center;\"><a href=\"https:\/\/www.booking.com\/hotel\/pt\/residencial-portuguesa.en.html?aid=7902493&amp;checkin_monthday=27&amp;checkin_month=1&amp;checkin_year=2024&amp;checkout_monthday=5&amp;checkout_month=2&amp;checkout_year=2024&amp;no_rooms=1&amp;group_adults=2\" target=\"_blank\" rel=\"noopener\">Viesn\u012bca Porto par \u20ac41 diennakt\u012b! Pied\u0101v\u0101jumu mekl\u0113 \u0161eit!<\/a><\/h2>\n<p>[INSERT_ELEMENTOR id=&#8221;23936&#8243;]<\/p>\n","protected":false},"excerpt":{"rendered":"<p>Izdev\u012bgi lidojumi uz Portug\u0101les pils\u0113tu Porto, kas atrodas gleznain\u0101s Duoro upes krastos, lepojas ar iespaid\u012bgu 18. un 19.gadsimta arhitekt\u016bru, k\u0101 ar\u012b ir iek\u013cauta UNESCO mantojuma sarakst\u0101. Pils\u0113t\u0101 noteikti apmekl\u0113\u00a0Lello &amp; Irm\u00e3o gr\u0101matn\u012bcu, kuru par gr\u0101matn\u012bcas prototipu gr\u0101mat\u0101 par Hariju Poteru izmantoja rakstniece D\u017e.K.Roulinga, nogar\u0161o portug\u0101\u013co tradicion\u0101lo portv\u012bnu, iep\u0113rcies portug\u0101\u013cu gardumiem p\u0101rpilnaj\u0101\u00a0Bolh\u00e3o tirg\u016b un noteikti \u0161\u0137\u0113rso [&hellip;]<\/p>\n","protected":false},"author":20,"featured_media":24475,"comment_status":"open","ping_status":"open","sticky":false,"template":"","format":"standard","meta":{"post_subheading":"","post_intro_title":"","post_intro_text":"","post_1_gallery":[],"post_main_content":"","post_banner_title":"","post_banner_text":"","post_source":"","post_faq":[],"post_toc":[],"post_conversion_block":"","post_ai_summary":"","footnotes":""},"categories":[383],"tags":[399,579,580,584,389,385],"country":[],"class_list":["post-288515","post","type-post","status-publish","format-standard","has-post-thumbnail","hentry","category-letas-aviobiletes","tag-399","tag-februaris","tag-janvaris","tag-porto","tag-letas-aviobiletes-uz-portugali","tag-ryanair"],"_links":{"self":[{"href":"https:\/\/new.tripthis.eu\/en\/wp-json\/wp\/v2\/posts\/288515","targetHints":{"allow":["GET"]}}],"collection":[{"href":"https:\/\/new.tripthis.eu\/en\/wp-json\/wp\/v2\/posts"}],"about":[{"href":"https:\/\/new.tripthis.eu\/en\/wp-json\/wp\/v2\/types\/post"}],"author":[{"embeddable":true,"href":"https:\/\/new.tripthis.eu\/en\/wp-json\/wp\/v2\/users\/20"}],"replies":[{"embeddable":true,"href":"https:\/\/new.tripthis.eu\/en\/wp-json\/wp\/v2\/comments?post=288515"}],"version-history":[{"count":0,"href":"https:\/\/new.tripthis.eu\/en\/wp-json\/wp\/v2\/posts\/288515\/revisions"}],"wp:featuredmedia":[{"embeddable":true,"href":"https:\/\/new.tripthis.eu\/en\/wp-json\/wp\/v2\/media\/24475"}],"wp:attachment":[{"href":"https:\/\/new.tripthis.eu\/en\/wp-json\/wp\/v2\/media?parent=288515"}],"wp:term":[{"taxonomy":"category","embeddable":true,"href":"https:\/\/new.tripthis.eu\/en\/wp-json\/wp\/v2\/categories?post=288515"},{"taxonomy":"post_tag","embeddable":true,"href":"https:\/\/new.tripthis.eu\/en\/wp-json\/wp\/v2\/tags?post=288515"},{"taxonomy":"country","embeddable":true,"href":"https:\/\/new.tripthis.eu\/en\/wp-json\/wp\/v2\/country?post=288515"}],"curies":[{"name":"wp","href":"https:\/\/api.w.org\/{rel}","templated":true}]}}