{"id":288489,"date":"2023-11-15T21:21:56","date_gmt":"2023-11-15T21:21:56","guid":{"rendered":"https:\/\/tripthis.eu\/?p=24121"},"modified":"2023-11-15T21:21:56","modified_gmt":"2023-11-15T21:21:56","slug":"valsts-svetkiem-veltiti-pasakumi-smiltenes-novada","status":"publish","type":"post","link":"https:\/\/new.tripthis.eu\/en\/valsts-svetkiem-veltiti-pasakumi-smiltenes-novada\/","title":{"rendered":"National Day events in Smiltene municipality"},"content":{"rendered":"<h3><b>Smiltene\u00a0<\/b><\/h3>\n<ol start=\"18\">\n<li><b> novembr\u012b<\/b><span style=\"font-weight: 400;\"> plkst. 15.00\u00a0Smiltenes Kult\u016bras centr\u0101 Latvijas Republikas proklam\u0113\u0161anas gadadienai velt\u012bts pas\u0101kums un Smiltenes novada apbalvojumu pasnieg\u0161ana.<\/span><\/li>\n<\/ol>\n<h3><b>Drusti<\/b><\/h3>\n<ol start=\"18\">\n<li><b> novembr\u012b<\/b><span style=\"font-weight: 400;\"> plkst. 18.00 Drustu tautas nam\u0101 koncerts &#8220;Latvijai 105&#8221;, plkst. 22.00 balle kop\u0101 ar grupu &#8220;Liepavots&#8221;.<\/span><\/li>\n<\/ol>\n<h3><b>Rauna\u00a0<\/b><\/h3>\n<ol start=\"18\">\n<li><b> novembr\u012b<\/b><span style=\"font-weight: 400;\"> plkst. 17.00 Raunas Kult\u016bras centr\u0101 Valsts sv\u0113tku koncerts \u201cEsi man blakus\u201d.<\/span><\/li>\n<\/ol>\n<h3><b>Trapene\u00a0<\/b><\/h3>\n<p><b>17.novembr\u012b\u00a0<\/b><span style=\"font-weight: 400;\">plkst.\u00a019.00\u00a0 Latvijas valsts sv\u0113tku pas\u0101kums \u2013 M\u0101rti\u0146a Vilsona dzejas izr\u0101de \u201c\u010caks. Vilsons. Iedomu spogu\u013ci.\u201d, plkst.\u00a022.00\u00a0 Sv\u0113tku balle, muzic\u0113s Vilm\u0101rs Miglavs.<\/span><\/p>\n<h3><b>Grundz\u0101le\u00a0<\/b><\/h3>\n<ol start=\"19\">\n<li><b> novembr\u012b<\/b><span style=\"font-weight: 400;\"> plkst. 19.00\u00a0 Latvijas sv\u0113tku izska\u0146\u0101 klaus\u012bt\u0101jiem tiek pied\u0101v\u0101ta dv\u0113seli veldz\u0113jo\u0161a programma ar Imanta Kalni\u0146a dziesm\u0101m, ko izdzied\u0101s br\u012bni\u0161\u0137\u012bgas balss \u012bpa\u0161niece L\u012bga Priede un virtuozi izsp\u0113l\u0113s \u0123it\u0101rists Andrejs Grimms.<\/span><span style=\"font-weight: 400;\"><br \/>\n<\/span><span style=\"font-weight: 400;\">Plkst. 22.00 grozi\u0146balle ar grupu \u201cZelta kniede\u201d<\/span><\/li>\n<\/ol>\n<h3><b>Launkalne\u00a0<\/b><\/h3>\n<ol start=\"19\">\n<li><b> novembr\u012b<\/b><span style=\"font-weight: 400;\"> plkst. 17.00\u00a0Launkalnes tautas nam\u0101 Sv\u0113tku pas\u0101kums \u201cTe ir manas m\u0101jas\u2026\u201d<\/span><\/li>\n<\/ol>\n<h3><b>Gaujiena <\/b><\/h3>\n<p><b>17.novembr\u012b<\/b><span style=\"font-weight: 400;\"> plkst. 18.00 Gaujienas tautas nam\u0101 Latvijas Republikas proklam\u0113\u0161anas 105. gadadienai velt\u012bts koncerts\u2019\u2019 Es lepojos ar Tevi, Latvija !\u2019\u2019<\/span><\/p>\n<h3><b>Vire\u0161i\u00a0<\/b><\/h3>\n<ol start=\"18\">\n<li><b> novembr\u012b<\/b><span style=\"font-weight: 400;\"> plkst. 18.00 Vire\u0161u Kult\u016bras nam\u0101 erud\u012bcijas sp\u0113le \u201cEs saj\u016btu Tevi, Latvija!\u201d<\/span><\/li>\n<\/ol>\n<h3><b>Blome<\/b><\/h3>\n<p><b><\/b><b>19. novembr\u012b plkst. 19.00<\/b><span style=\"font-weight: 400;\"> Blomes tautas nam\u0101 koncerts &#8220;Atmi\u0146u lietus&#8221;.<\/span><\/p>\n<p>&nbsp;<\/p>\n<p><b>Zane \u0112rgle- Me\u017eule<\/b><\/p>\n<p><span style=\"font-weight: 400;\">Smiltenes novada Kult\u016bras un t\u016brisma p\u0101rvaldes,\u00a0<\/span><\/p>\n<p><span style=\"font-weight: 400;\">M\u0101rketinga un komunik\u0101cijas speci\u0101liste<\/span><\/p>\n<p>&nbsp;<\/p>","protected":false},"excerpt":{"rendered":"<p>Smiltene\u00a0 novembr\u012b plkst. 15.00\u00a0Smiltenes Kult\u016bras centr\u0101 Latvijas Republikas proklam\u0113\u0161anas gadadienai velt\u012bts pas\u0101kums un Smiltenes novada apbalvojumu pasnieg\u0161ana. Drusti novembr\u012b plkst. 18.00 Drustu tautas nam\u0101 koncerts &#8220;Latvijai 105&#8221;, plkst. 22.00 balle kop\u0101 ar grupu &#8220;Liepavots&#8221;. Rauna\u00a0 novembr\u012b plkst. 17.00 Raunas Kult\u016bras centr\u0101 Valsts sv\u0113tku koncerts \u201cEsi man blakus\u201d. Trapene\u00a0 17.novembr\u012b\u00a0plkst.\u00a019.00\u00a0 Latvijas valsts sv\u0113tku pas\u0101kums \u2013 M\u0101rti\u0146a [&hellip;]<\/p>\n","protected":false},"author":20,"featured_media":24123,"comment_status":"open","ping_status":"open","sticky":false,"template":"","format":"standard","meta":{"post_subheading":"","post_intro_title":"","post_intro_text":"","post_1_gallery":[],"post_main_content":"","post_banner_title":"","post_banner_text":"","post_source":"","post_faq":[],"post_toc":[],"post_conversion_block":"","post_ai_summary":"","footnotes":""},"categories":[382],"tags":[],"country":[],"class_list":["post-288489","post","type-post","status-publish","format-standard","has-post-thumbnail","hentry","category-blogs"],"_links":{"self":[{"href":"https:\/\/new.tripthis.eu\/en\/wp-json\/wp\/v2\/posts\/288489","targetHints":{"allow":["GET"]}}],"collection":[{"href":"https:\/\/new.tripthis.eu\/en\/wp-json\/wp\/v2\/posts"}],"about":[{"href":"https:\/\/new.tripthis.eu\/en\/wp-json\/wp\/v2\/types\/post"}],"author":[{"embeddable":true,"href":"https:\/\/new.tripthis.eu\/en\/wp-json\/wp\/v2\/users\/20"}],"replies":[{"embeddable":true,"href":"https:\/\/new.tripthis.eu\/en\/wp-json\/wp\/v2\/comments?post=288489"}],"version-history":[{"count":0,"href":"https:\/\/new.tripthis.eu\/en\/wp-json\/wp\/v2\/posts\/288489\/revisions"}],"wp:featuredmedia":[{"embeddable":true,"href":"https:\/\/new.tripthis.eu\/en\/wp-json\/wp\/v2\/packages\/24123"}],"wp:attachment":[{"href":"https:\/\/new.tripthis.eu\/en\/wp-json\/wp\/v2\/media?parent=288489"}],"wp:term":[{"taxonomy":"category","embeddable":true,"href":"https:\/\/new.tripthis.eu\/en\/wp-json\/wp\/v2\/categories?post=288489"},{"taxonomy":"post_tag","embeddable":true,"href":"https:\/\/new.tripthis.eu\/en\/wp-json\/wp\/v2\/tags?post=288489"},{"taxonomy":"country","embeddable":true,"href":"https:\/\/new.tripthis.eu\/en\/wp-json\/wp\/v2\/country?post=288489"}],"curies":[{"name":"wp","href":"https:\/\/api.w.org\/{rel}","templated":true}]}}