{"id":288266,"date":"2023-06-13T12:22:47","date_gmt":"2023-06-13T12:22:47","guid":{"rendered":"https:\/\/tripthis.eu\/?p=22241"},"modified":"2023-06-13T12:22:47","modified_gmt":"2023-06-13T12:22:47","slug":"ko-darit-latvija-no-13-20-junijam","status":"publish","type":"post","link":"https:\/\/new.tripthis.eu\/en\/ko-darit-latvija-no-13-20-junijam\/","title":{"rendered":"Ko dar\u012bt Latvij\u0101 no 13.-20.j\u016bnijam?"},"content":{"rendered":"<p><span style=\"color: #000000;\">Vasara \u2013 visiem tik \u013coti m\u012b\u013cais gadalaiks! Kad viss smar\u017eo, putni dzied, saule nenoriet l\u012bdz v\u0113lai nakts stundai. Lielisk\u0101kais laiks, kad atp\u016bsties, apce\u013cot ne tikai pasauli, bet ar\u012b Latviju, un apmekl\u0113t daudzveid\u012bgos pas\u0101kumus visas vasaras garum\u0101! \u0160is ir laiks, kad pas\u0101kumi da\u017e\u0101d\u0101s Latvijas pils\u0113t\u0101s norisin\u0101s teju dienu no dienas! Tie\u0161i \u0161\u012b iemesla d\u0113\u013c, katru ned\u0113\u013cu apkoposim pas\u0101kumus katrai gaumei.<\/span><\/p>\n<h2><span style=\"color: #000000;\">R\u012bgas Operas Festiv\u0101ls<\/span><\/h2>\n<p><span style=\"color: #000000;\">S\u0101kot no <strong>9.j\u016bnija \u2013 21.j\u016bnijam<\/strong> norisin\u0101s <strong>R\u012bgas Operas Festiv\u0101ls<\/strong>, kur\u0101 gaid\u012bts ikviens kult\u016bras cien\u012bt\u0101js! \u0160ajos datumos katru dienu apmekl\u0113t\u0101jus priec\u0113s neaizmirstami un skat\u012bt\u0101ju vid\u016b iem\u012b\u013coti operas un baletu priek\u0161nesumi!<\/span><\/p>\n<p><span style=\"color: #000000;\">14.06. , plkst.\u00a0 19:00 &#8211; <strong>balets<\/strong> \u2018\u2019Seren\u0101de\u2019\u2019 un \u2018\u2019Carmina Burana\u2019\u2019<\/span><\/p>\n<p><span style=\"color: #000000;\">15.06. , plkst. 19:00 &#8211; Franca Leh\u0101ra <strong>operete<\/strong> \u2018\u2019Jautr\u0101 atraitne\u2019\u2019<\/span><\/p>\n<p><span style=\"color: #000000;\">16.06. , plkst. 19:00 &#8211;<strong> balets<\/strong> \u2018\u2019Vijs. \u0160ausmu nakts\u2019\u2019<\/span><\/p>\n<p><span style=\"color: #000000;\">18.06. , plkst. 19:00 &#8211; Fran\u010desko \u010cilea <strong>opera<\/strong> \u2018\u2019Adri\u0101na Lekuvr\u0113ra\u2019\u2019<\/span><\/p>\n<p><span style=\"color: #000000;\"><strong>Norises vieta:<\/strong> &#8221;Latvijas Nacion\u0101l\u0101 opera un balts&#8221;, Aspazijas bulv\u0101ris 3, R\u012bga<\/span><\/p>\n<p>&nbsp;<\/p>\n<h2><span style=\"color: #000000;\">Izr\u0101de \u2018\u2019Tad un Tagad\u2019\u2019<\/span><\/h2>\n<p><span style=\"color: #000000;\"><strong>14.j\u016bnij\u0101, plkst. 19:00<\/strong> te\u0101tra cien\u012bt\u0101jiem b\u016bs iesp\u0113ja baud\u012bt R\u0113zijas Kalni\u0146as re\u017eis\u0113to izr\u0101di \u2018\u2019<strong>Tad un tagad<\/strong>\u2019\u2019, kur\u0101 st\u0101sts ir par cilv\u0113ka gribu, izv\u0113l\u0113m un m\u012blest\u012bbu cauri gadiem, kas apcer jaut\u0101jumu par to, kur\u0161 galu gala ir tas, kas nosaka m\u016bsu likteni.<\/span><\/p>\n<p><span style=\"color: #000000;\"><strong>Izr\u0101des norises vieta:<\/strong> M\u016bzikas un dramas telpa \u2018\u2019OratoriO\u2019\u2019, Sporta iela 2, R\u012bga<\/span><\/p>\n<p><span style=\"color: #000000;\"><strong>Izr\u0101des ilgums:<\/strong> 2 h 10 min<\/span><\/p>\n<p>&nbsp;<\/p>\n<h2><span style=\"color: #000000;\">\u0136ekavas novada sv\u0113tki<\/span><\/h2>\n<p><span style=\"color: #000000;\"><strong>15.j\u016bnij\u0101 no plkst. 12:00 l\u012bdz 17.j\u016bnija 22:00<\/strong> b\u016bs iesp\u0113ja piedal\u012bties <strong>\u0136ekavas novada sv\u0113tkos<\/strong>, kur abu visu dienu garum\u0101 b\u016bs iesp\u0113ja baud\u012bt daudzveid\u012bgus m\u016bzikas un deju koncertus, sporta aktivit\u0101tes, atrakcijas, br\u012bvdabas kino. Darbosies ar\u012b \u0113din\u0101\u0161anas zona, sv\u0113tku tirgus un inform\u0101cijas telts. Atsevi\u0161\u0137a pas\u0101kuma programma paredz\u0113ta jaunie\u0161iem un \u0123imen\u0113m ar b\u0113rniem.<\/span><\/p>\n<p>&nbsp;<\/p>\n<h2><span style=\"color: #000000;\">Mazie \u0161l\u0101germ\u016bzikas sv\u0113tki<\/span><\/h2>\n<p><span style=\"color: #000000;\"><strong>16.j\u016bnij\u0101, plkst. 19:00 \u2013 24:00<\/strong> jau otro reizi norisin\u0101sies \u2018\u2019<strong>Mazie \u0160l\u0101germ\u016bzikas sv\u0113tki<\/strong>\u2019\u2019, kur laipni gaid\u012bts ikviens, kas v\u0113las izdejoties pie visiem\u012b\u013cot\u0101kaj\u0101m \u0161l\u0101gera dziesm\u0101m! Koncert\u0101 piedal\u012bsies pa\u0161m\u0101ju grupa \u2018\u2019Roja\u2019\u2019, \u2018\u2019Lauku muzikanti\u2019\u2019, \u2018\u2019Sest\u0101 J\u016bdze\u2019\u2019,\u00a0 \u2018\u2019Bru\u0123is\u2019\u2019, k\u0101 ar\u012b \u012bpa\u0161ais viesis latviski dziedo\u0161ais jap\u0101\u0146u m\u016bzi\u0137is Masaki Nakagawa.<\/span><\/p>\n<p><span style=\"color: #000000;\"><strong>Norises vieta<\/strong>: Rojas br\u012bvdabas estr\u0101de, J\u016bras iela 10, Roja<\/span><\/p>\n<p>&nbsp;<\/p>\n<h2><span style=\"color: #000000;\">Pas\u0101kums \u2018\u2019L\u012bgot\u0101ji, l\u012bgot\u0101ji, vairs nav t\u0101lu J\u0101\u0146u diena\u2019\u2019<\/span><\/h2>\n<p><span style=\"color: #000000;\"><strong>17.j\u016bnij\u0101<\/strong> norisin\u0101sies pirmsj\u0101\u0146u pas\u0101kums, kur\u0101 var\u0113s vair\u0101k iepaz\u012bt latvie\u0161u saulgrie\u017eu trad\u012bcijas, siet sieru, gatavot sk\u0101bputru, sadzied\u0101ties un piedal\u012bties cit\u0101s atrakt\u012bv\u0101s aktivit\u0101t\u0113s, kas saist\u012btas ar L\u012bgo un J\u0101\u0146u sv\u0113tkiem!<\/span><\/p>\n<p><span style=\"color: #000000;\"><strong>Norises vieta<\/strong>: J\u016brmalas br\u012bvdabas muzejs, T\u012bklu iela 1A, J\u016brmala<\/span><\/p>\n<p>&nbsp;<\/p>\n<h2><span style=\"color: #000000;\">Festiv\u0101ls \u2018\u2019UNREAL\u2019\u2019<\/span><\/h2>\n<p><span style=\"color: #000000;\"><strong>17.j\u016bnij\u0101, s\u0101kot no plkst. 14:00<\/strong> elektronisk\u0101s deju m\u016bzikas festiv\u0101l\u0101 \u2018\u2019<strong>UNREAL<\/strong>\u2019\u2019 b\u016bs iesp\u0113ja izbaud\u012bt intens\u012bvu 12 stundu deju m\u016bzikas pieredzi \u0101rpus \u0161\u012bs realit\u0101tes liel\u0101kaj\u0101 br\u012bvdabas skatuv\u0113 Latvij\u0101 ar iespaid\u012bg\u0101m papildin\u0101t\u0101s realit\u0101tes vizualiz\u0101cij\u0101m, 3D mode\u013ciem un m\u0101ksl\u012bg\u0101 intelekta rad\u012btu fut\u016bristisku dimensiju. Piedalies un g\u016bsti pavisam jaunas un nepiedz\u012bvotas emocijas!<\/span><\/p>\n<p><span style=\"color: #000000;\"><strong>Norises vieta:<\/strong> R\u012bgas Me\u017eaparks<\/span><\/p>\n<p>&nbsp;<\/p>\n<h2><span style=\"color: #000000;\">Balle \u2018\u2019Mirkli pirms L\u012bgo\u2019\u2019<\/span><\/h2>\n<p><span style=\"color: #000000;\"><strong>17.j\u016bnij\u0101, no plkst. 22:00 \u2013 2:00<\/strong> b\u016bs iesp\u0113ja jau iejusties L\u012bgo sv\u0113tku gar\u0101 un izpriec\u0101ties grupas grupas \u2018\u2019Z\u0113gevaldes Trio\u2019\u2019 pavad\u012bjum\u0101. Ieteicams ierasties ar L\u012bgo vainagiem un k\u0101du tradicion\u0101lo sv\u0113tku na\u0161\u0137i, lai balle b\u016btu \u012bpa\u0161i neaizmirstama!<\/span><\/p>\n<p><span style=\"color: #000000;\"><strong>Norises vieta:<\/strong> Ramatas pagasta Kult\u016bras centrs<\/span><\/p>\n<p>&nbsp;<\/p>\n<h2><span style=\"color: #000000;\">Intara Busu\u013ca solo koncerts \u2018\u2019Es Tevi redzu\u2019\u2019<\/span><\/h2>\n<p><span style=\"color: #000000;\"><strong>17. un 18. J\u016bnij\u0101<\/strong> norisin\u0101sies Intara Busu\u013ca solo concerts \u2018\u2019<strong>Es Tevi redzu<\/strong>\u2019\u2019, kas ir k\u0101 atg\u0101din\u0101jums par katra cilv\u0113ka v\u0113rt\u012bbu un noz\u012bm\u012bgumu m\u016bsu dz\u012bv\u0113s. Koncerta programm\u0101 izskan\u0113s jau paz\u012bstamas un klaus\u012bt\u0101ju iem\u012b\u013cotas dziesmas. Koncert\u0101 ar Intaru Busuli muzic\u0113s ar\u012b Abonomenta or\u0137estris.<\/span><\/p>\n<p><span style=\"color: #000000;\"><strong>Norises vieta:<\/strong> Dzintaru koncertz\u0101le, J\u016brmala<\/span><\/p>\n<p>&nbsp;<\/p>\n<h2><span style=\"color: #000000;\">Ogresgala pagasta sv\u0113tki<\/span><\/h2>\n<p><span style=\"color: #000000;\"><strong>17.j\u016bnij\u0101<\/strong> visas dienas garum\u0101 b\u016bs iesp\u0113ja atp\u016bsties un baud\u012bt kop\u0101 b\u016b\u0161anu Ogresgala pagasta sv\u0113tkos. Aktivit\u0101tes garant\u0113tas gan pieaugu\u0161ajiem, gan b\u0113rniem!<\/span><\/p>\n<p><span style=\"color: #000000;\"><strong>Plkst. 17:00<\/strong> \u2013 liel\u0101s koka sp\u0113les<\/span><\/p>\n<p><span style=\"color: #000000;\"><strong>Plkst. 18:00<\/strong> \u2013 Ogresgala Tautas nama amatierm\u0101kslas kolekt\u012bvu koncerts \u2018\u2019Vien\u0101 rakst\u0101\u2019\u2019<\/span><\/p>\n<p><span style=\"color: #000000;\"><strong>Plkst. 20:00<\/strong> \u2013 Chris Noah akustiskais koncerts<\/span><\/p>\n<p><span style=\"color: #000000;\"><strong>Plkst. 21:30<\/strong> \u2013 Za\u013cumballe, kur\u0101 koncert\u0113s \u2018\u2019D\u017eeki ar kolu\u2019\u2019<\/span><\/p>\n<p>&nbsp;<\/p>\n<p><span style=\"color: #000000;\"><strong>Norises vieta<\/strong>: Ogresgala trad\u012bciju park\u0101<\/span><\/p>\n<h2><span style=\"color: #000000;\">Popm\u016bzikas pas\u0101kums \u2018\u2019[N]akts POPul\u0101raj\u0101 F\u0101z\u0113 #1\u2019\u2019<\/span><\/h2>\n<p><span style=\"color: #000000;\"><strong>17.j\u016bnij\u0101, plkst. 15:00<\/strong> ies\u0101ksies Latvijas jaun\u0101s m\u0101kslas pas\u0101kumu cikls \u2018\u2019<strong>[N]akts F\u0101ze<\/strong>\u2019\u2019, kas \u0161aj\u0101 gad\u0101 notiks \u010detras reizes! POPul\u0101raj\u0101 F\u0101z\u0113 apvienosies pla\u0161ie popm\u016bzikas atzari \u2013 poproks, sintpops, ind\u012bpops un citi! Tas b\u016bs pamat\u012bgs ce\u013cojums cauri m\u016bzikas un m\u0101kslas daudzveid\u012bbai. Da\u017e\u0101di koncerti ar vienotu m\u0113r\u0137i \u2013 baud\u012bt atmosf\u0113ru, iegrimt m\u016bzik\u0101 un atrast sevi m\u0101ksl\u0101.<\/span><\/p>\n<p><span style=\"color: #000000;\"><strong>Norises vieta<\/strong>: \u2018\u2019Tu jau zini kur\u2019\u2019 , Tallinas iela 10, R\u012bga<\/span><\/p>\n<p>&nbsp;<\/p>\n<h2><span style=\"color: #000000;\">Grandiozais str\u016bklaku \u0161ovs \u2018\u2019The 5<sup>th<\/sup> element\u2019\u2019<\/span><\/h2>\n<p><span style=\"color: #000000;\"><strong>17.j\u016bnij\u0101, plkst. 21:00<\/strong> pirmo reizi J\u0113kabpil\u012b norisin\u0101sies grandiozs muzik\u0101lais \u016bdens str\u016bklaku, gaismu, uguns un l\u0101zeru\u00a0 uzvedums \u2018\u2019<strong>The 5<sup>th<\/sup> element<\/strong>\u2019\u2019. \u0160ovs paredz\u0113ts k\u0101 pieaugu\u0161o auditorijai, t\u0101 ar\u012b b\u0113rniem! M\u016bsdienu lieljaudas l\u0101zeri, str\u016bklaku baseins 30 metru platum\u0101, str\u016bklakas un uguns \u0161\u0101v\u0113ji, gaismu un 3D miglas projekcijas! V\u0113l nepiedz\u012bvotas saj\u016btas un emocijas garant\u0113tas!<\/span><\/p>\n<p><span style=\"color: #000000;\"><strong>Norises vieta:<\/strong> J\u0113kabpils Krustpils sali\u0146a, J\u0113kabpils<\/span><\/p>\n<h2><span style=\"color: #000000;\">\u2018\u2019Skroderdienas L\u0101\u010dos\u2019\u2019<\/span><\/h2>\n<p><span style=\"color: #000000;\"><strong>18.j\u016bnij\u0101, plkst. 18:00<\/strong> norisin\u0101sies izr\u0101de \u2018\u2019Skroderdienas Silma\u010dos\u2019\u2019, kas nu jau ik gadu tiek izpild\u012bta nu jau k\u0101 trad\u012bcija J\u0101\u0146u laik\u0101 uz da\u017e\u0101d\u0101m Latvijas br\u012bvdabas estr\u0101d\u0113m.\u00a0 Viena no latvie\u0161u tautas iecien\u012bt\u0101kaj\u0101m lug\u0101m, kas liek asar\u0101m birt no smiekliem<\/span><\/p>\n<p><span style=\"color: #000000;\"><strong>Norises vieta:<\/strong> Maizes ceptuves \u2018\u2019L\u0101\u010di\u2019\u2019 teritorij\u0101, M\u0101rupes novad\u0101<\/span><\/p>\n<h2><span style=\"color: #000000;\"><strong>20.j\u016bnijs &#8211; iel\u012bgo\u0161ana da\u017e\u0101d\u0101s Latvijas pils\u0113t\u0101s!<\/strong><\/span><\/h2>\n<ol>\n<li><span style=\"color: #000000;\">\u0160aj\u0101 dien\u0101 da\u017e\u0101d\u0101s Latvijas pils\u0113t\u0101s norisin\u0101sies pirmssv\u0113tku iel\u012bgo\u0161ana!<\/span><\/li>\n<li><span style=\"color: #000000;\"><strong>\u00a0L\u012bgo pas\u0101kumi \u0136egum\u0101<\/strong> &#8211;<strong> \u0136eguma tautas nam\u0101<\/strong> b\u016bs iesp\u0113ja piedal\u012bties vainadzi\u0146u darbn\u012bc\u0101s, k\u0101 ar\u012b vakar\u0101 branga balle!<\/span><\/li>\n<li><span style=\"color: #000000;\">Iel\u012bgo\u0161anas pas\u0101kums &#8221;<strong>J\u0101\u0146u diena lepni n\u0101ca<\/strong>&#8221;, kas norisin\u0101sies <strong>Valmier\u0101<\/strong>, <strong>R\u012bgas iel\u0101 10<\/strong><\/span><\/li>\n<li><span style=\"color: #000000;\">Iel\u012bgo\u0161anas pas\u0101kums <strong>Garkalnes pagast\u0101<\/strong>, kas atrad\u012bsies pie Ber\u0123u M\u016bzikas un M\u0101kslas pamatskolas, <strong>Upesciem\u0101<\/strong>.<\/span><\/li>\n<li><span style=\"color: #000000;\">Saulgrie\u017eu sv\u0113tki Pl\u0101teres pilskaln\u0101<\/span><\/li>\n<\/ol>\n<p>&nbsp;<\/p>\n","protected":false},"excerpt":{"rendered":"<p>Vasara \u2013 visiem tik \u013coti m\u012b\u013cais gadalaiks! Kad viss smar\u017eo, putni dzied, saule nenoriet l\u012bdz v\u0113lai nakts stundai. Lielisk\u0101kais laiks, kad atp\u016bsties, apce\u013cot ne tikai pasauli, bet ar\u012b Latviju, un apmekl\u0113t daudzveid\u012bgos pas\u0101kumus visas vasaras garum\u0101! \u0160is ir laiks, kad pas\u0101kumi da\u017e\u0101d\u0101s Latvijas pils\u0113t\u0101s norisin\u0101s teju dienu no dienas! Tie\u0161i \u0161\u012b iemesla d\u0113\u013c, katru ned\u0113\u013cu [&hellip;]<\/p>\n","protected":false},"author":20,"featured_media":22245,"comment_status":"open","ping_status":"open","sticky":false,"template":"","format":"standard","meta":{"post_subheading":"","post_intro_title":"","post_intro_text":"","post_1_gallery":[],"post_main_content":"","post_banner_title":"","post_banner_text":"","post_source":"","post_faq":[],"post_toc":[],"post_conversion_block":"","post_ai_summary":"","footnotes":""},"categories":[382],"tags":[495,496,497,498,499,500,501,502,503,504],"country":[],"class_list":["post-288266","post","type-post","status-publish","format-standard","has-post-thumbnail","hentry","category-blogs","tag-balle","tag-festivali","tag-izrades","tag-janu-diena","tag-koncerti","tag-ligo-2023","tag-pasakumi","tag-sovi","tag-svetki","tag-zalumballe"],"_links":{"self":[{"href":"https:\/\/new.tripthis.eu\/en\/wp-json\/wp\/v2\/posts\/288266","targetHints":{"allow":["GET"]}}],"collection":[{"href":"https:\/\/new.tripthis.eu\/en\/wp-json\/wp\/v2\/posts"}],"about":[{"href":"https:\/\/new.tripthis.eu\/en\/wp-json\/wp\/v2\/types\/post"}],"author":[{"embeddable":true,"href":"https:\/\/new.tripthis.eu\/en\/wp-json\/wp\/v2\/users\/20"}],"replies":[{"embeddable":true,"href":"https:\/\/new.tripthis.eu\/en\/wp-json\/wp\/v2\/comments?post=288266"}],"version-history":[{"count":0,"href":"https:\/\/new.tripthis.eu\/en\/wp-json\/wp\/v2\/posts\/288266\/revisions"}],"wp:featuredmedia":[{"embeddable":true,"href":"https:\/\/new.tripthis.eu\/en\/wp-json\/wp\/v2\/media\/22245"}],"wp:attachment":[{"href":"https:\/\/new.tripthis.eu\/en\/wp-json\/wp\/v2\/media?parent=288266"}],"wp:term":[{"taxonomy":"category","embeddable":true,"href":"https:\/\/new.tripthis.eu\/en\/wp-json\/wp\/v2\/categories?post=288266"},{"taxonomy":"post_tag","embeddable":true,"href":"https:\/\/new.tripthis.eu\/en\/wp-json\/wp\/v2\/tags?post=288266"},{"taxonomy":"country","embeddable":true,"href":"https:\/\/new.tripthis.eu\/en\/wp-json\/wp\/v2\/country?post=288266"}],"curies":[{"name":"wp","href":"https:\/\/api.w.org\/{rel}","templated":true}]}}