{"id":288169,"date":"2023-02-19T14:56:28","date_gmt":"2023-02-19T12:56:28","guid":{"rendered":"https:\/\/tripthis.eu\/?p=14315"},"modified":"2023-02-19T14:56:28","modified_gmt":"2023-02-19T12:56:28","slug":"piecas-apskates-vietas-ibiza","status":"publish","type":"post","link":"https:\/\/new.tripthis.eu\/en\/piecas-apskates-vietas-ibiza\/","title":{"rendered":"Piecas apskates vietas Ibiz\u0101"},"content":{"rendered":"<p><span style=\"font-weight: 400;\">Viena no slaven\u0101kaj\u0101m, ainavisk\u0101kaj\u0101m un popul\u0101r\u0101kaj\u0101m Bale\u0101ru sal\u0101m ir Ibiza. Lai gan sala ir sal\u012bdzino\u0161i neliela, t\u0101 ir bag\u0101ta ar apskates objektiem un dar\u0101miem darbiem.\u00a0<\/span><\/p>\n<p><span style=\"font-weight: 400;\">Ibiza ir labi paz\u012bstama ar savu nep\u0101rsp\u0113jamo naktsdz\u012bvi, ta\u010du ir daudz ko piedz\u012bvot ar\u012b dienas laik\u0101. Ibiza ir sala, kuru ir v\u0113rts apmekl\u0113t, s\u0101kot ar Ibizas pils\u0113tas v\u0113sturi un beidzot ar <\/span><i><span style=\"font-weight: 400;\">Cala Llenya<\/span><\/i><span style=\"font-weight: 400;\"> smil\u0161ainaj\u0101m pludmal\u0113m.<\/span><\/p>\n<p><span style=\"font-weight: 400;\">Ibizas ostas pils\u0113ta ir liel\u0101kais un skaist\u0101kais salas galam\u0113r\u0137is. Ibizas pils\u0113ta ar skatu uz Vidusj\u016bru var lepoties ar m\u016bra cietoksni un bru\u0123\u0113t\u0101m ieli\u0146\u0101m. Viet\u0113jie iedz\u012bvot\u0101ji \u0161o pils\u0113tu sauc par <\/span><i><span style=\"font-weight: 400;\">Eivissu<\/span><\/i><span style=\"font-weight: 400;\">.\u00a0<\/span><\/p>\n<p><span style=\"font-weight: 400;\">Ibizas pils\u0113ta ir sadal\u012bta <\/span><i><span style=\"font-weight: 400;\">Dalt Vila<\/span><\/i><span style=\"font-weight: 400;\"> and <\/span><i><span style=\"font-weight: 400;\">Eixample. Dalt Vila<\/span><\/i><span style=\"font-weight: 400;\"> jeb vecpils\u0113ta ir v\u0113sturiskais rajons, kas atrodas virs \u016bdens, ar pasaules klases restor\u0101niem un lielisku b\u0101ru izv\u0113li. Zem\u0101k ir <\/span><i><span style=\"font-weight: 400;\">Eixample<\/span><\/i><span style=\"font-weight: 400;\">, kur atrodas liel\u0101k\u0101 da\u013ca jaun\u0101ko \u0113ku.\u00a0<\/span><\/p>\n<p><span style=\"font-weight: 400;\">Atrodoties pils\u0113t\u0101, noteikti apmekl\u0113jiet katedr\u0101li, ko sauc par Sniega Dievm\u0101tes katedr\u0101li, no kuras paveras, iesp\u0113jams, vislab\u0101kais skats vis\u0101 pils\u0113t\u0101.<\/span><\/p>\n<h3 style=\"text-align: center;\"><b><i>Dalt Vila<\/i><\/b><\/h3>\n<p><i><span style=\"font-weight: 400;\">Dalt Vila<\/span><\/i><span style=\"font-weight: 400;\"> ir Ibizas pils\u0113tas v\u0113sturisk\u0101 da\u013ca. T\u0101 ir iek\u013cauta UNESCO Pasaules mantojuma sarakst\u0101, un t\u0101s sen\u0101s pasaules apskates vietas ieskauj veikali\u0146i, kuros p\u0101rdod \u017eilbino\u0161as rotaslietas, interesantas senlietas, suven\u012brus un daudz ko citu, restor\u0101ni ar kr\u0101sainu pasaku gaismi\u0146u virten\u0113m un romantiskiem balkoniem.\u00a0<\/span><\/p>\n<p><span style=\"font-weight: 400;\">\u0160auras bru\u0123\u0113tas ieli\u0146as vijas cauri dz\u012bvojamajiem rajoniem, un ir viegli iejusties viet\u0113j\u0101s dz\u012bves gaisotn\u0113, kur no balkoniem kar\u0101jas ve\u013ca un uz iel\u0101m rota\u013c\u0101jas b\u0113rni. Apmekl\u0113t\u0101ji var izstaig\u0101t vair\u0101k nek\u0101 divu t\u016bksto\u0161gadu v\u0113sturi un apmekl\u0113t da\u017e\u0101dus muzejus un v\u0113sturiskas vietas, piem\u0113ram, pili, katedr\u0101li un vecos m\u016brus. Kaln\u0101 ved st\u0101vi pak\u0101pieni, un virsotn\u0113 paveras elpu aizraujo\u0161i skati.<\/span><\/p>\n<p><span style=\"font-weight: 400;\">Pirms <\/span><i><span style=\"font-weight: 400;\">Sant Domingo<\/span><\/i><span style=\"font-weight: 400;\"> bazn\u012bcas apmekl\u0113juma un pastaigas gar lielgabalu kaujas va\u013c\u0146iem, izstaig\u0101jiet Espa\u0146as laukumu un izbaudiet skatu.\u00a0<\/span><\/p>\n<p><span style=\"font-weight: 400;\">Nepalaidiet gar\u0101m iespaid\u012bgo 14. gadsimta gotikas katedr\u0101li, kas ir viens no Ibizas spilgt\u0101kajiem pieminek\u013ciem. Virs t\u0101s pace\u013cas zvanu tornis, un katedr\u0101les iek\u0161puse ir piepild\u012bta ar reli\u0123isko m\u0101kslu un mier\u012bgu atmosf\u0113ru.\u00a0<\/span><\/p>\n<h3 style=\"text-align: center;\"><b><i>Eixample<\/i><\/b><\/h3>\n<p><i><span style=\"font-weight: 400;\">Eixample <\/span><\/i><span style=\"font-weight: 400;\">ir jaun\u0101k\u0101 un modern\u0101k\u0101 Ibizas pils\u0113tas da\u013ca. Nosaukums ang\u013cu valod\u0101 noz\u012bm\u0113 &#8220;<\/span><i><span style=\"font-weight: 400;\">Extension<\/span><\/i><span style=\"font-weight: 400;\">&#8221; (papla\u0161in\u0101jums). T\u0101 ir \u012bpa\u0161i lieliska vieta, kur iepirkties, jo \u0161eit ir pla\u0161s veikalu kl\u0101sts, kuros p\u0101rdod gandr\u012bz visu, ko vien varat v\u0113l\u0113ties, kas jums nepiecie\u0161ams vai iedom\u0101ties.\u00a0<\/span><\/p>\n<p><span style=\"font-weight: 400;\">Apmekl\u0113jiet modes jahtu ostu <\/span><i><span style=\"font-weight: 400;\">Marina Botafoch<\/span><\/i><span style=\"font-weight: 400;\">, lai izbrauktu ar laivu vai apskat\u012btu luksusa ku\u0123us, kas tur piest\u0101j. Iesp\u0113jams, j\u016bs pat ieraudz\u012bsiet k\u0101du slaven\u012bbu vai divas, kas kl\u012bst pa ostas pils\u0113tu.\u00a0<\/span><\/p>\n<p><span style=\"font-weight: 400;\">Izp\u0113tiet iepirk\u0161an\u0101s centrus un tirdzi\u0146us un apl\u016bkojiet viet\u0113jo salu modi, starptautisko dizaineru preces, suven\u012brus, <\/span><i><span style=\"font-weight: 400;\">vintage<\/span><\/i><span style=\"font-weight: 400;\"> priek\u0161metus un daudz ko citu. Pavadiet nakti, iegremd\u0113joties viet\u0113j\u0101 nakts dz\u012bv\u0113, kas bie\u017ei tiek uzskat\u012bta par oblig\u0101tu Ibizas pas\u0101kumu!<\/span><\/p>\n<h3 style=\"text-align: center;\"><b><i>Cala Llenya<\/i><\/b><\/h3>\n<p><span style=\"font-weight: 400;\">Ja cerat atrast nedaudz klus\u0101ku pludmali Ibiz\u0101, <\/span><i><span style=\"font-weight: 400;\">Cala Llenya<\/span><\/i><span style=\"font-weight: 400;\"> var\u0113tu b\u016bt \u012bst\u0101 vieta. \u0160\u012b pludmale atrodas tikai 10 min\u016b\u0161u brauciena att\u0101lum\u0101 no <\/span><i><span style=\"font-weight: 400;\">San Carlos<\/span><\/i><span style=\"font-weight: 400;\">. T\u0101 k\u0101 t\u0101 nav liela pludmale, tas noz\u012bm\u0113 ar\u012b maz\u0101k p\u016b\u013cu.\u00a0<\/span><\/p>\n<p><span style=\"font-weight: 400;\">T\u0101 viet\u0101, lai pastaig\u0101tos l\u012bdz desmitiem naktsdz\u012bves vietu, <\/span><i><span style=\"font-weight: 400;\">Cala Llenya<\/span><\/i><span style=\"font-weight: 400;\"> ieskauj sul\u012bgi za\u013cas priedes. \u0160aj\u0101 pludmal\u0113 ir popul\u0101rs pludmales volejbols, un daudzas \u0123imenes dod priek\u0161roku mier\u012bg\u0101kai atmosf\u0113rai \u0161aj\u0101 viet\u0101. Ja esat \u0161eit sv\u0113tdien\u0101, pirms do\u0161an\u0101s uz pludmali apmekl\u0113jiet <\/span><i><span style=\"font-weight: 400;\">Cala Llenya<\/span><\/i><span style=\"font-weight: 400;\"> ikned\u0113\u013cas tirgus.<\/span><\/p>\n<h3 style=\"text-align: center;\"><b><i>Es Vedras<\/i><\/b><b> sala<\/b><\/h3>\n<p><span style=\"font-weight: 400;\">Viens no visintri\u0123\u0113jo\u0161\u0101kajiem Ibizas galam\u0113r\u0137iem ir <\/span><i><span style=\"font-weight: 400;\">Es Vedra<\/span><\/i><span style=\"font-weight: 400;\"> sala. <\/span><i><span style=\"font-weight: 400;\">Es Vedra<\/span><\/i><span style=\"font-weight: 400;\"> atrodas net\u0101lu no <\/span><i><span style=\"font-weight: 400;\">Cala d&#8217;Hort<\/span><\/i><span style=\"font-weight: 400;\"> piekrastes rietumu piekrast\u0113 un ir piln\u012bgi neapdz\u012bvota. Tom\u0113r t\u0101 ir apv\u012bta ar nosl\u0113pumiem un le\u0123end\u0101m.\u00a0<\/span><\/p>\n<p><span style=\"font-weight: 400;\">Sal\u0101 atrad\u0101s ar\u012b vieta, kur Hom\u0113ra &#8220;Odisej\u0101&#8221; b\u0113d\u012bgi slaven\u0101s n\u0101ras m\u0113\u0123in\u0101ja izvilin\u0101t Odiseju no ku\u0123a. Tiek uzskat\u012bts, ka <\/span><i><span style=\"font-weight: 400;\">Es Vedra<\/span><\/i><span style=\"font-weight: 400;\"> ir neticami magn\u0113tiska sala, kas atpaliek tikai no Zieme\u013cpola un Bermudu trijst\u016bra. Ar kru\u012bza braucieniem j\u016bs var\u0113siet apskat\u012bt <\/span><i><span style=\"font-weight: 400;\">Es Vedru<\/span><\/i><span style=\"font-weight: 400;\"> no tuvuma, un no t\u0101s paveras p\u0101rsteidzo\u0161i skati uz apk\u0101rt\u0113jo ainavu.<\/span><\/p>\n<h3 style=\"text-align: center;\"><b><i>Es Canar<\/i><\/b><\/h3>\n<p><i><span style=\"font-weight: 400;\">Es Canar <\/span><\/i><span style=\"font-weight: 400;\">ir pludmales k\u016brorts salas austrumos. T\u0101 ir paz\u012bstama ar savu hipiju tirgu, ta\u010du t\u0101 pied\u0101v\u0101 daudz ko vair\u0101k. <\/span><i><span style=\"font-weight: 400;\">Es Canar<\/span><\/i><span style=\"font-weight: 400;\"> veido gan prie\u017eu me\u017ei, gan smil\u0161aina piekraste, kas noz\u012bm\u0113 lieliskus kontrastus un izcilus ainaviskus skatus.\u00a0<\/span><\/p>\n<p><span style=\"font-weight: 400;\">Tas ir ar\u012b sap\u0146u galam\u0113r\u0137is akt\u012bv\u0101s atp\u016btas cien\u012bt\u0101jiem, jo \u0161eit ir bezgal\u012bgas iesp\u0113jas, piem\u0113ram, nodarboties ar vinds\u0113rfingu un <\/span><i><span style=\"font-weight: 400;\">parasailingu<\/span><\/i><span style=\"font-weight: 400;\">. Protams, j\u016bs noteikti nev\u0113l\u0113sieties palaist gar\u0101m slaveno hipiju tirgu. Tirgus, kas notiek katru tre\u0161dienu, ir lieliska vieta, kur ieg\u0101d\u0101ties viet\u0113jos rokdarbus un da\u017e\u0101da veida suven\u012brus.<\/span><\/p>\n<p><span style=\"font-weight: 400;\">Ibiza ir viens no pievilc\u012bg\u0101kajiem galam\u0113r\u0137iem Vidusj\u016bras re\u0123ion\u0101. Jau daudzus gadu desmitus \u0161\u012b Bale\u0101ru sala ir paz\u012bstama ar savu nep\u0101rsp\u0113jamo br\u012bv\u012bbas un rado\u0161as dom\u0101\u0161anas atmosf\u0113ru.<\/span><\/p>","protected":false},"excerpt":{"rendered":"<p>Viena no slaven\u0101kaj\u0101m, ainavisk\u0101kaj\u0101m un popul\u0101r\u0101kaj\u0101m Bale\u0101ru sal\u0101m ir Ibiza. Lai gan sala ir sal\u012bdzino\u0161i neliela, t\u0101 ir bag\u0101ta ar apskates objektiem un dar\u0101miem darbiem.\u00a0<\/p>","protected":false},"author":20,"featured_media":15699,"comment_status":"open","ping_status":"open","sticky":false,"template":"","format":"standard","meta":{"post_subheading":"","post_intro_title":"","post_intro_text":"","post_1_gallery":[],"post_main_content":"","post_banner_title":"","post_banner_text":"","post_source":"","post_faq":[],"post_toc":[],"post_conversion_block":"","post_ai_summary":"","footnotes":""},"categories":[382],"tags":[390],"country":[],"class_list":["post-288169","post","type-post","status-publish","format-standard","has-post-thumbnail","hentry","category-blogs","tag-aviobiletes-uz-spaniju"],"_links":{"self":[{"href":"https:\/\/new.tripthis.eu\/en\/wp-json\/wp\/v2\/posts\/288169","targetHints":{"allow":["GET"]}}],"collection":[{"href":"https:\/\/new.tripthis.eu\/en\/wp-json\/wp\/v2\/posts"}],"about":[{"href":"https:\/\/new.tripthis.eu\/en\/wp-json\/wp\/v2\/types\/post"}],"author":[{"embeddable":true,"href":"https:\/\/new.tripthis.eu\/en\/wp-json\/wp\/v2\/users\/20"}],"replies":[{"embeddable":true,"href":"https:\/\/new.tripthis.eu\/en\/wp-json\/wp\/v2\/comments?post=288169"}],"version-history":[{"count":0,"href":"https:\/\/new.tripthis.eu\/en\/wp-json\/wp\/v2\/posts\/288169\/revisions"}],"wp:featuredmedia":[{"embeddable":true,"href":"https:\/\/new.tripthis.eu\/en\/wp-json\/wp\/v2\/media\/15699"}],"wp:attachment":[{"href":"https:\/\/new.tripthis.eu\/en\/wp-json\/wp\/v2\/media?parent=288169"}],"wp:term":[{"taxonomy":"category","embeddable":true,"href":"https:\/\/new.tripthis.eu\/en\/wp-json\/wp\/v2\/categories?post=288169"},{"taxonomy":"post_tag","embeddable":true,"href":"https:\/\/new.tripthis.eu\/en\/wp-json\/wp\/v2\/tags?post=288169"},{"taxonomy":"country","embeddable":true,"href":"https:\/\/new.tripthis.eu\/en\/wp-json\/wp\/v2\/country?post=288169"}],"curies":[{"name":"wp","href":"https:\/\/api.w.org\/{rel}","templated":true}]}}