{"id":288167,"date":"2023-02-12T14:51:49","date_gmt":"2023-02-12T12:51:49","guid":{"rendered":"https:\/\/tripthis.eu\/?p=14309"},"modified":"2023-02-12T14:51:49","modified_gmt":"2023-02-12T12:51:49","slug":"piecas-apskates-vietas-zirona","status":"publish","type":"post","link":"https:\/\/new.tripthis.eu\/en\/piecas-apskates-vietas-zirona\/","title":{"rendered":"Piecas apskates vietas \u017diron\u0101"},"content":{"rendered":"<p><span style=\"font-weight: 400;\">\u017dirona atrodas Katalonij\u0101, Sp\u0101nij\u0101, starp Barselonu un Kosta Bravu. T\u0101 ir br\u012bni\u0161\u0137\u012bga vieta, ko apmekl\u0113t, ar viduslaiku m\u016briem, \u0161aur\u0101m l\u012bkumot\u0101m pils\u0113tas ieli\u0146\u0101m un vienu no vislab\u0101k saglab\u0101tajiem ebreju kvart\u0101liem Eirop\u0101. Lai apskat\u012btu \u017dironu, jums ir nepiecie\u0161ama tikai viena diena, t\u0101p\u0113c t\u0101 ir lielisks galam\u0113r\u0137is pat vis\u0101tr\u0101kajos mar\u0161rutos pa Sp\u0101niju.<\/span><\/p>\n<h3 style=\"text-align: center;\"><b>Viduslaiku m\u016bri <\/b><b><i>(Passeig de la Muralla)<\/i><\/b><\/h3>\n<p><span style=\"font-weight: 400;\">Pastaiga pa viduslaiku m\u016briem, ko d\u0113v\u0113 ar\u012b par <\/span><i><span style=\"font-weight: 400;\">Passeig de la Muralla<\/span><\/i><span style=\"font-weight: 400;\">, ir oblig\u0101ti apmekl\u0113jama aktivit\u0101te, atrodoties \u017diron\u0101. Pils\u0113tas m\u016bri stiepjas gar \u017dironas vecpils\u0113tas austrumu robe\u017eu. No m\u016bru virsotnes paveras iespaid\u012bgs skats uz pils\u0113tu, un sienas periodiski p\u0101rtrauc tor\u0146i, no kuriem paveras v\u0113l lab\u0101ki skati.<\/span><\/p>\n<p><span style=\"font-weight: 400;\">M\u016bsdien\u0101s p\u0113c restaur\u0101cijas tie ir lab\u0101 st\u0101vokl\u012b, un j\u016bs varat doties pastaig\u0101 gar m\u016briem, apejot gandr\u012bz visu veco kvart\u0101lu. Uz lab\u0101kajiem skatu punktiem, no kurienes paveras skats uz \u017dironas panor\u0101mu, regul\u0101ri atrodas sardzes tor\u0146i ar k\u0101pn\u0113m uz aug\u0161u.<\/span><\/p>\n<p><span style=\"font-weight: 400;\">Viet\u0101m, kur g\u0101j\u0113ju celi\u0146\u0161 sa\u0161aurin\u0101s, da\u017ebr\u012bd var b\u016bt nedaudz nedro\u0161s, ta\u010du ar labiem pastaigu apaviem j\u016bs b\u016bsiet piln\u012bgi dro\u0161\u012bb\u0101, un ik pa br\u012bdim j\u016bs varat nok\u0101pt atpaka\u013c uz ielas l\u012bme\u0146a un atp\u016bsties \u0113nain\u0101 d\u0101rz\u0101.<\/span><\/p>\n<h3 style=\"text-align: center;\"><b>Eiffel tilts <\/b><b><i>(Pont de les Peixateries Velles)<\/i><\/b><\/h3>\n<p><span style=\"font-weight: 400;\">Gustavs Eifelis uzb\u016bv\u0113ja tiltu \u017diron\u0101 \u012bsi pirms Eife\u013ca tor\u0146a uzcel\u0161anas. \u0160o tiltu sauc ar\u012b par <\/span><i><span style=\"font-weight: 400;\">Pont de les Peixateries Velles<\/span><\/i><span style=\"font-weight: 400;\">, un tas stiepjas p\u0101ri Onj\u0101ras upei un ir slaven\u0101kais tilts \u017diron\u0101.<\/span><\/p>\n<p><span style=\"font-weight: 400;\">\u0160aj\u0101 augsti nov\u0113rt\u0113taj\u0101 pastaigu ekskursij\u0101 izstaig\u0101siet \u017dironas viduslaiku m\u016brus, apmekl\u0113siet \u017dironas katedr\u0101li un ebreju kvart\u0101lu, p\u0101riesiet p\u0101ri Eife\u013ca tiltam un apmekl\u0113siet &#8220;Tro\u0146u sp\u0113\u013cu&#8221; film\u0113\u0161anas vietas.<\/span><\/p>\n<h3 style=\"text-align: center;\"><b><i>Game of Thrones<\/i><\/b><b> film\u0113\u0161anas vietas<\/b><\/h3>\n<p><span style=\"font-weight: 400;\">Iesp\u0113jams, j\u016bs nezin\u0101t, bet \u017dironas pils\u0113ta bija redzama seri\u0101la &#8220;<\/span><i><span style=\"font-weight: 400;\">Game of Thrones<\/span><\/i><span style=\"font-weight: 400;\">&#8221; sestaj\u0101 sezon\u0101, un apmekl\u0113t\u0101ji pat var doties ekskursij\u0101s pa pils\u0113tu, lai apskat\u012btu da\u017eas no t\u0101s film\u0113\u0161anas viet\u0101m. Da\u017eas no \u0161\u012bm viet\u0101m ir katedr\u0101les pak\u0101pieni, <\/span><i><span style=\"font-weight: 400;\">Sant Pere de Galligants<\/span><\/i><span style=\"font-weight: 400;\"> klosteris un Ar\u0101bu pirtis.<\/span><\/p>\n<h3 style=\"text-align: center;\"><b>Ar\u0101bu pirtis<\/b><\/h3>\n<p><span style=\"font-weight: 400;\">Pils\u0113tas ar\u0101bu pirtis paties\u012bb\u0101 ir romie\u0161u pirtis, kas celtas 12. gadsimt\u0101, un to dizainu iedvesmojis gan romie\u0161u, gan ar\u0101bu dizains. Pirtis bija atv\u0113rtas l\u012bdz 14. gadsimtam, un \u0161odien apmekl\u0113t\u0101ji var izstaig\u0101t da\u017e\u0101das kompleksa telpas. Visiespaid\u012bg\u0101k\u0101 ir ieejas z\u0101le ar centr\u0101lo baseinu un slaid\u0101m grezn\u0101m rot\u0101t\u0101m kolonn\u0101m.<\/span><\/p>\n<p><span style=\"font-weight: 400;\">\u0160\u012bs pirtis atrodas net\u0101lu no katedr\u0101les un atrad\u0101s \u0101rpus pils\u0113tas m\u016briem, l\u012bdz ap t\u0101m att\u012bst\u012bj\u0101s \u017dirona. Visskaist\u0101k\u0101 da\u013ca ir <\/span><i><span style=\"font-weight: 400;\">apodyterium<\/span><\/i><span style=\"font-weight: 400;\"> jeb \u0123\u0113rbtuve ar asto\u0146st\u016brainu baseinu, ko ieskauj asto\u0146as kolonnas ar grezniem kapite\u013ciem, kas balst\u0101s uz pakavu ark\u0101m. Papildus tam ir <\/span><i><span style=\"font-weight: 400;\">frigidarium<\/span><\/i><span style=\"font-weight: 400;\"> (aukst\u0101 telpa), <\/span><i><span style=\"font-weight: 400;\">tepidarium<\/span><\/i><span style=\"font-weight: 400;\"> (silt\u0101 vanna) un <\/span><i><span style=\"font-weight: 400;\">caldarium<\/span><\/i><span style=\"font-weight: 400;\"> (tvaika pirts).\u00a0<\/span><\/p>\n<h3 style=\"text-align: center;\"><b>Ebreju kvart\u0101ls<\/b><\/h3>\n<p><span style=\"font-weight: 400;\">\u017dironas ebreju kvart\u0101ls ir viens no vislab\u0101k saglab\u0101tajiem pasaul\u0113. No 982. l\u012bdz 1492. gadam \u017diron\u0101 dz\u012bvoja ebreji. Rajons, kur\u0101 vi\u0146i dz\u012bvoja, ko sauc par <\/span><i><span style=\"font-weight: 400;\">El Call<\/span><\/i><span style=\"font-weight: 400;\">, ir \u0161auru, l\u012bkumainu, bru\u0123\u0113tu ieli\u0146u labirints, kas joproj\u0101m ir saglab\u0101jies neskarts un \u013coti l\u012bdz\u012bgs tam, k\u0101ds tas bija pirms vair\u0101k nek\u0101 500 gadiem. \u0160\u012bs \u0161aur\u0101s ieli\u0146as ir prieks iepaz\u012bt. Tie, kas v\u0113las uzzin\u0101t vair\u0101k, var apmekl\u0113t ebreju muzeju pils\u0113t\u0101.<\/span><\/p>\n<h3 style=\"text-align: center;\"><b>Onj\u0101ras upe<\/b><\/h3>\n<p><span style=\"font-weight: 400;\">Cauri \u017dironai tek Onj\u0101ras upe, kas laika gait\u0101 ir k\u013cuvusi par neat\u0146emamu pils\u0113tas sast\u0101vda\u013cu. Slaven\u0101s daudzkr\u0101sain\u0101s m\u0101ji\u0146as, kas piegu\u013c upes krastiem, ir \u013coti interesants skats. Apskates v\u0113rti ir ar\u012b da\u017e\u0101die tilti, kas \u0161\u0137\u0113rso upi, jo \u012bpa\u0161i <\/span><i><span style=\"font-weight: 400;\">Pont de Pedra<\/span><\/i><span style=\"font-weight: 400;\"> arkveida akmens tilts un <\/span><i><span style=\"font-weight: 400;\">Pont de les Peixateries Velles<\/span><\/i><span style=\"font-weight: 400;\">, ko projekt\u0113jis Gustavs Eifelis, kur\u0161 projekt\u0113jis ar\u012b slaveno Francijas Eife\u013ca torni.<\/span><\/p>\n<p><span style=\"font-weight: 400;\">Katalonijas pils\u0113ta \u017dirona noteikti ir brauciena v\u0113rta ikvienam, kas uzturas \u0161aj\u0101 re\u0123ion\u0101. Pils\u0113ta sav\u0101 v\u0113stur\u0113 ir piedz\u012bvojusi 25 aplenkumus, kas izskaidro, k\u0101p\u0113c to piln\u012bb\u0101 ieskauj augsti nocietin\u0101jumi, kas saglab\u0101ju\u0161ies l\u012bdz m\u016bsdien\u0101m.<\/span><\/p>\n<p>&nbsp;<\/p>","protected":false},"excerpt":{"rendered":"<p>\u017dirona atrodas Katalonij\u0101, Sp\u0101nij\u0101, starp Barselonu un Kosta Bravu. T\u0101 ir br\u012bni\u0161\u0137\u012bga vieta, ko apmekl\u0113t, ar viduslaiku m\u016briem, \u0161aur\u0101m l\u012bkumot\u0101m pils\u0113tas ieli\u0146\u0101m un vienu no vislab\u0101k saglab\u0101tajiem ebreju kvart\u0101liem Eirop\u0101. Lai apskat\u012btu \u017dironu, jums ir nepiecie\u0161ama tikai viena diena, t\u0101p\u0113c t\u0101 ir lielisks galam\u0113r\u0137is pat vis\u0101tr\u0101kajos mar\u0161rutos pa Sp\u0101niju.<\/p>","protected":false},"author":20,"featured_media":15696,"comment_status":"open","ping_status":"open","sticky":false,"template":"","format":"standard","meta":{"post_subheading":"","post_intro_title":"","post_intro_text":"","post_1_gallery":[],"post_main_content":"","post_banner_title":"","post_banner_text":"","post_source":"","post_faq":[],"post_toc":[],"post_conversion_block":"","post_ai_summary":"","footnotes":""},"categories":[382],"tags":[390],"country":[],"class_list":["post-288167","post","type-post","status-publish","format-standard","has-post-thumbnail","hentry","category-blogs","tag-aviobiletes-uz-spaniju"],"_links":{"self":[{"href":"https:\/\/new.tripthis.eu\/en\/wp-json\/wp\/v2\/posts\/288167","targetHints":{"allow":["GET"]}}],"collection":[{"href":"https:\/\/new.tripthis.eu\/en\/wp-json\/wp\/v2\/posts"}],"about":[{"href":"https:\/\/new.tripthis.eu\/en\/wp-json\/wp\/v2\/types\/post"}],"author":[{"embeddable":true,"href":"https:\/\/new.tripthis.eu\/en\/wp-json\/wp\/v2\/users\/20"}],"replies":[{"embeddable":true,"href":"https:\/\/new.tripthis.eu\/en\/wp-json\/wp\/v2\/comments?post=288167"}],"version-history":[{"count":0,"href":"https:\/\/new.tripthis.eu\/en\/wp-json\/wp\/v2\/posts\/288167\/revisions"}],"wp:featuredmedia":[{"embeddable":true,"href":"https:\/\/new.tripthis.eu\/en\/wp-json\/wp\/v2\/media\/15696"}],"wp:attachment":[{"href":"https:\/\/new.tripthis.eu\/en\/wp-json\/wp\/v2\/media?parent=288167"}],"wp:term":[{"taxonomy":"category","embeddable":true,"href":"https:\/\/new.tripthis.eu\/en\/wp-json\/wp\/v2\/categories?post=288167"},{"taxonomy":"post_tag","embeddable":true,"href":"https:\/\/new.tripthis.eu\/en\/wp-json\/wp\/v2\/tags?post=288167"},{"taxonomy":"country","embeddable":true,"href":"https:\/\/new.tripthis.eu\/en\/wp-json\/wp\/v2\/country?post=288167"}],"curies":[{"name":"wp","href":"https:\/\/api.w.org\/{rel}","templated":true}]}}