{"id":288158,"date":"2023-02-05T14:44:58","date_gmt":"2023-02-05T12:44:58","guid":{"rendered":"https:\/\/tripthis.eu\/?p=14301"},"modified":"2023-02-05T14:44:58","modified_gmt":"2023-02-05T12:44:58","slug":"piecas-apskates-vietas-marsela","status":"publish","type":"post","link":"https:\/\/new.tripthis.eu\/en\/piecas-apskates-vietas-marsela\/","title":{"rendered":"Piecas apskates vietas Marse\u013c\u0101"},"content":{"rendered":"<p><span style=\"font-weight: 400;\">Marse\u013ca ar ros\u012bgu ostu un dz\u012bv\u012bgu pils\u0113tas ener\u0123iju ir pievilc\u012bga apmekl\u0113t\u0101jiem, kas mekl\u0113 autentisku t\u016brisma pieredzi. \u0160\u012b dz\u012bv\u012bg\u0101 kosmopol\u012btisk\u0101 pils\u0113ta ir Francijas vec\u0101k\u0101 un otr\u0101 liel\u0101k\u0101 pils\u0113ta p\u0113c Par\u012bzes.<\/span><\/p>\n<p><span style=\"font-weight: 400;\">Pils\u0113t\u0101 valda izteikta Vidusj\u016bras atmosf\u0113ra, s\u0101kot no sarkano daksti\u0146u jumtiem kl\u0101tiem namiem l\u012bdz pat zvejas laiv\u0101m ost\u0101. Visur Marse\u013c\u0101 apmekl\u0113t\u0101ji atrodas tuvu mier\u012bgajiem zilajiem \u016bde\u0146iem &#8211; gan pastaig\u0101joties pa k\u0101du burv\u012bgu vecu ieli\u0146u ar skatu, gan saj\u016btot atsvaidzino\u0161o j\u016bras v\u0113ju.<\/span><\/p>\n<p><span style=\"font-weight: 400;\">Pils\u0113tas mantojums ar\u012b padara Marse\u013cu par aizraujo\u0161u apskates vietu. T\u0101 tiek uzskat\u012bta par tiltu starp Eiropu un Zieme\u013c\u0101friku, un taj\u0101 dz\u012bvo iev\u0113rojams skaits emigrantu no Al\u017e\u012brijas. Uzziniet vair\u0101k par galvenaj\u0101m apskates viet\u0101m un to, k\u0101 \u0161eit pavad\u012bt laiku, izlasot m\u016bsu sarakstu!\u00a0<\/span><\/p>\n<h3 style=\"text-align: center;\"><b>Bazilika <\/b><b><i>Notre-Dame de la Garde<\/i><\/b><\/h3>\n<p><span style=\"font-weight: 400;\">\u0160\u012b iespaid\u012bg\u0101 bazn\u012bca, kas atrodas kalna virsotn\u0113, ir vissvar\u012bg\u0101kais Marse\u013cas orientieris. Senatn\u0113 \u0161o vietu izmantoja k\u0101 nov\u0113ro\u0161anas punktu, bet viduslaikos t\u0101 bija sv\u0113tce\u013cnieku kapela.<\/span><\/p>\n<p><span style=\"font-weight: 400;\">M\u016bsdien\u0101s <\/span><i><span style=\"font-weight: 400;\">Notre-Dame de la Garde<\/span><\/i><span style=\"font-weight: 400;\"> ir b\u0101ka tic\u012bgajiem, un t\u0101s zvanu torni vainago milz\u012bga apzelt\u012bta Madonna. Bazn\u012bca celta 1853.-1864. gad\u0101, un t\u0101s interjers ir grezns, ar gai\u0161\u0101m un tum\u0161\u0101m marmora ark\u0101m, kas atbalsta apzelt\u012btas moza\u012bkas kupolus.\u00a0<\/span><\/p>\n<p><span style=\"font-weight: 400;\">P\u0113c interjera apskates apmekl\u0113t\u0101ji var pavad\u012bt laiku uz kr\u0101\u0161\u0146\u0101s terases. No t\u0101s paveras br\u012bni\u0161\u0137\u012bgs skats &#8211; panor\u0101ma sniedzas no Marse\u013cas \u0113ku sarkanajiem jumtiem un vec\u0101s ostas l\u012bdz pat Friulas sal\u0101m Vidusj\u016br\u0101.<\/span><\/p>\n<h3 style=\"text-align: center;\"><b><i>Le Panier<\/i><\/b><b> (vecpils\u0113ta)<\/b><\/h3>\n<p><span style=\"font-weight: 400;\">\u0160is kr\u0101sainais rajons, kas atrodas kalna nog\u0101z\u0113 virs <\/span><i><span style=\"font-weight: 400;\">Vieux Port<\/span><\/i><span style=\"font-weight: 400;\">, ir Marse\u013cas v\u0113sturiskais centrs un kult\u016bras centrs. <\/span><i><span style=\"font-weight: 400;\">Le Panier<\/span><\/i><span style=\"font-weight: 400;\"> ir Marse\u013cas vec\u0101kais kvart\u0101ls, kas apdz\u012bvots jau kop\u0161 senatnes, kad 600. gad\u0101 pirms m\u016bsu \u0113ras \u0161eit apmet\u0101s senie grie\u0137i.<\/span><\/p>\n<p><span style=\"font-weight: 400;\">\u0160is kvart\u0101ls ar sav\u0101m st\u0101vaj\u0101m, \u0161auraj\u0101m, l\u012bkumainaj\u0101m ieli\u0146\u0101m un savdab\u012bgaj\u0101m paste\u013ckr\u0101sas \u0113k\u0101m \u013cauj iepaz\u012bt Marse\u013cas burv\u012bgo person\u012bbu. K\u0101dreiz str\u0101dnieku klases rajons <\/span><i><span style=\"font-weight: 400;\">Le Panier<\/span><\/i><span style=\"font-weight: 400;\"> tagad ir dz\u012bvojamais rajons, ta\u010du tipisk\u0101s m\u0101jas ar aizv\u0113rtiem logiem un ve\u013cas rind\u0101m \u013cauj ieraudz\u012bt t\u0101 vecmod\u012bgo raksturu.<\/span><\/p>\n<p><span style=\"font-weight: 400;\">Kl\u012bstot pa \u0161o atmosf\u0113risko rajonu, var atkl\u0101t viet\u0113jos amatnieku veikali\u0146us, gard\u0113\u017eu veikalus un m\u0101kslas galerijas. \u0160eit ir ar\u012b restor\u0101ni, kuros pasniedz autentiskus al\u017e\u012brie\u0161u virtuves \u0113dienus.<\/span><\/p>\n<p><span style=\"font-weight: 400;\">Kvart\u0101l\u0101 atrodas vair\u0101ki noz\u012bm\u012bgi pieminek\u013ci, piem\u0113ram, <\/span><i><span style=\"font-weight: 400;\">H\u00f4tel de Ville<\/span><\/i><span style=\"font-weight: 400;\">, kas celts 17. gadsimta otraj\u0101 pus\u0113 p\u0113c D\u017eenovas arhitekt\u016bras parauga. Citi pieminek\u013ci ir katedr\u0101le <\/span><i><span style=\"font-weight: 400;\">Cath\u00e9drale de la Major<\/span><\/i><span style=\"font-weight: 400;\"> and <\/span><i><span style=\"font-weight: 400;\">Vieille Charit\u00e9<\/span><\/i><span style=\"font-weight: 400;\">, kur\u0101 atrodas muzejs ar interesantiem laikmet\u012bg\u0101s m\u0101kslas ekspon\u0101tiem.<\/span><\/p>\n<h3 style=\"text-align: center;\"><b><i>Vieille Charit\u00e9<\/i><\/b><\/h3>\n<p><i><span style=\"font-weight: 400;\">Vieille Charit\u00e9<\/span><\/i><span style=\"font-weight: 400;\"> atrodas <\/span><i><span style=\"font-weight: 400;\">Le Panier<\/span><\/i><span style=\"font-weight: 400;\"> augst\u0101kaj\u0101 punkt\u0101. \u0112ka tika uzcelta 1640. gad\u0101, kad Marse\u013cas pils\u0113tas dome nol\u0113ma nodro\u0161in\u0101t nabadz\u012bgajiem viet\u0113jiem iedz\u012bvot\u0101jiem pien\u0101c\u012bgu dz\u012bvesvietu saska\u0146\u0101 ar kara\u013ca &#8220;nabadz\u012bgo iesl\u0113g\u0161anas&#8221; politiku.<\/span><\/p>\n<p><span style=\"font-weight: 400;\">\u0112kai 1749. gad\u0101 pieb\u016bv\u0113ja tr\u012bs st\u0101vu valsts slimn\u012bcu ar \u010detriem sp\u0101rniem. Slimn\u012bcas kompleksa centr\u0101laj\u0101 pagalm\u0101 atrodas kapela. Kapela celta no 1679. l\u012bdz 1707. gadam, un t\u0101 ir br\u012bni\u0161\u0137\u012bgs it\u0101\u013cu baroka arhitekt\u016bras paraugs.<\/span><\/p>\n<p><i><span style=\"font-weight: 400;\">Vieille Charit\u00e9<\/span><\/i><span style=\"font-weight: 400;\"> fas\u0101de ir modern\u0101ka, dat\u0113ta ar 1863. gadu. R\u016bp\u012bgi v\u0113rojot, apmekl\u0113t\u0101ji paman\u012bs divu pelik\u0101nu att\u0113lojumu, kas baro savus mazu\u013cus, lai att\u0113lotu labdar\u012bbu.<\/span><\/p>\n<p><span style=\"font-weight: 400;\">Kop\u0161 1986. gada <\/span><i><span style=\"font-weight: 400;\">Vieille Charit\u00e9<\/span><\/i><span style=\"font-weight: 400;\"> \u0113ka tiek izmantota zin\u0101tnisku un kult\u016bras pas\u0101kumu r\u012bko\u0161anai un taj\u0101 atrodas muzejs <\/span><i><span style=\"font-weight: 400;\">Le Centre de la Vieille Charit\u00e9<\/span><\/i><span style=\"font-weight: 400;\">. \u0160aj\u0101 muzej\u0101 visa gada garum\u0101 notiek kult\u016bras pas\u0101kumi, etnogr\u0101fiskas izst\u0101des un tematiskas m\u0101kslas ekspoz\u012bcijas.<\/span><\/p>\n<h3 style=\"text-align: center;\"><b><i>Vieux Port<\/i><\/b><b> (Vec\u0101 osta)<\/b><\/h3>\n<p><i><span style=\"font-weight: 400;\">Vieux Port<\/span><\/i><span style=\"font-weight: 400;\"> ir Marse\u013cas dzim\u0161anas vieta. \u0160eit pils\u0113ta s\u0101k\u0101s k\u0101 grie\u0137u osta ap 600. gadu pirms m\u016bsu \u0113ras. Vec\u0101 osta, ko ieskauj mier\u012bgi zili \u016bde\u0146i, atrodas Marse\u013cas rietumos, net\u0101lu no Kanebj\u0113ra bulv\u0101ra.<\/span><\/p>\n<p><span style=\"font-weight: 400;\">Pastaiga pa \u0161o ros\u012bgo ostu \u013cauj apmekl\u0113t\u0101jiem iejusties plauksto\u0161as Vidusj\u016bras ostas ainav\u0101 un ska\u0146\u0101s. Krastmala ir t\u016bristu uzman\u012bbas centr\u0101, un daudzi uzskata, ka t\u0101 ir viena no lab\u0101kaj\u0101m viet\u0101m Marse\u013c\u0101, kur baud\u012bt autentiskus viet\u0113j\u0101s virtuves \u0113dienus.\u00a0<\/span><\/p>\n<p><span style=\"font-weight: 400;\">Ostas austrumu pus\u0113 <\/span><i><span style=\"font-weight: 400;\">Quai des Belges<\/span><\/i><span style=\"font-weight: 400;\"> katru r\u012btu notiek zivju tirgus. K\u0101dreiz <\/span><i><span style=\"font-weight: 400;\">Vieux Port<\/span><\/i><span style=\"font-weight: 400;\"> bija noz\u012bm\u012bga tirdzniec\u012bbas osta, bet tagad to galvenok\u0101rt izmanto zvejas ku\u0123i un sporta ku\u0123i.<\/span><\/p>\n<p><span style=\"font-weight: 400;\">No vec\u0101s ostas izbrauc ar\u012b pr\u0101mji, kas kurs\u0113 uz diviem popul\u0101riem t\u016bristu galam\u0113r\u0137iem &#8211; <\/span><i><span style=\"font-weight: 400;\">Ch\u00e2teau d&#8217;If <\/span><\/i><span style=\"font-weight: 400;\">un Kalanku sal\u0101m net\u0101lu no <\/span><i><span style=\"font-weight: 400;\">Cassis<\/span><\/i><span style=\"font-weight: 400;\">.<\/span><\/p>\n<h3 style=\"text-align: center;\"><b><i>Ch\u00e2teau d&#8217;If<\/i><\/b><\/h3>\n<p><span style=\"font-weight: 400;\">\u012asa brauciena att\u0101lum\u0101 ar pr\u0101mi no Marse\u013cas ostas, <\/span><i><span style=\"font-weight: 400;\">Ch\u00e2teau d&#8217;If<\/span><\/i><span style=\"font-weight: 400;\"> atrodas uz <\/span><i><span style=\"font-weight: 400;\">Ile d&#8217;If<\/span><\/i><span style=\"font-weight: 400;\">, kas ir dabas aizsardz\u012bbas zona, kur\u0101 ietilpst maz\u0101s <\/span><i><span style=\"font-weight: 400;\">If, Pomegas, Ratonno<\/span><\/i><span style=\"font-weight: 400;\"> and <\/span><i><span style=\"font-weight: 400;\">Tibulen<\/span><\/i><span style=\"font-weight: 400;\"> salas.<\/span><\/p>\n<p><span style=\"font-weight: 400;\">Apk\u0101rtne ir iespaid\u012bga ar aizsarg\u0101jamiem l\u012b\u010diem, tirk\u012bza kr\u0101sas \u016bde\u0146iem, neskart\u0101m pludmal\u0113m, smil\u0161ain\u0101m up\u012bt\u0113m un iespaid\u012bg\u0101m ka\u013c\u0137akmens klint\u012bm. Pateicoties Vidusj\u016bras saulei, gaisma rada iespaid\u012bgu efektu uz \u016bdens, un mikroklimats \u013cauj uzplaukt ret\u0101m ziedu sug\u0101m.<\/span><\/p>\n<p><span style=\"font-weight: 400;\">\u0160aj\u0101 skaistaj\u0101 dabas vid\u0113 atrodas <\/span><i><span style=\"font-weight: 400;\">Ch\u00e2teau d&#8217;If<\/span><\/i><span style=\"font-weight: 400;\">, ko 16. gadsimt\u0101 uzc\u0113la k\u0101 cietoksni. Dr\u012bz p\u0113c tam cietoksni p\u0101rveidoja par cietumu.\u00a0<\/span><\/p>\n<p><span style=\"font-weight: 400;\">Marse\u013cas ostas pils\u0113ta ir dz\u012bv\u012bgs, multikultur\u0101ls galam\u0113r\u0137is ar bag\u0101t\u012bgu v\u0113sturi un m\u0101kslu. Ja jums ir tikai viena diena, ko pavad\u012bt pils\u0113t\u0101, tai vajadz\u0113tu b\u016bt \u0161eit!<\/span><\/p>\n<p>&nbsp;<\/p>","protected":false},"excerpt":{"rendered":"<p>Marse\u013ca ar ros\u012bgu ostu un dz\u012bv\u012bgu pils\u0113tas ener\u0123iju ir pievilc\u012bga apmekl\u0113t\u0101jiem, kas mekl\u0113 autentisku t\u016brisma pieredzi. \u0160\u012b dz\u012bv\u012bg\u0101 kosmopol\u012btisk\u0101 pils\u0113ta ir Francijas vec\u0101k\u0101 un otr\u0101 liel\u0101k\u0101 pils\u0113ta p\u0113c Par\u012bzes.<\/p>","protected":false},"author":20,"featured_media":14302,"comment_status":"open","ping_status":"open","sticky":false,"template":"","format":"standard","meta":{"post_subheading":"","post_intro_title":"","post_intro_text":"","post_1_gallery":[],"post_main_content":"","post_banner_title":"","post_banner_text":"","post_source":"","post_faq":[],"post_toc":[],"post_conversion_block":"","post_ai_summary":"","footnotes":""},"categories":[382],"tags":[411],"country":[],"class_list":["post-288158","post","type-post","status-publish","format-standard","has-post-thumbnail","hentry","category-blogs","tag-letas-aviobiletes-uz-franciju"],"_links":{"self":[{"href":"https:\/\/new.tripthis.eu\/en\/wp-json\/wp\/v2\/posts\/288158","targetHints":{"allow":["GET"]}}],"collection":[{"href":"https:\/\/new.tripthis.eu\/en\/wp-json\/wp\/v2\/posts"}],"about":[{"href":"https:\/\/new.tripthis.eu\/en\/wp-json\/wp\/v2\/types\/post"}],"author":[{"embeddable":true,"href":"https:\/\/new.tripthis.eu\/en\/wp-json\/wp\/v2\/users\/20"}],"replies":[{"embeddable":true,"href":"https:\/\/new.tripthis.eu\/en\/wp-json\/wp\/v2\/comments?post=288158"}],"version-history":[{"count":0,"href":"https:\/\/new.tripthis.eu\/en\/wp-json\/wp\/v2\/posts\/288158\/revisions"}],"wp:featuredmedia":[{"embeddable":true,"href":"https:\/\/new.tripthis.eu\/en\/wp-json\/wp\/v2\/media\/14302"}],"wp:attachment":[{"href":"https:\/\/new.tripthis.eu\/en\/wp-json\/wp\/v2\/media?parent=288158"}],"wp:term":[{"taxonomy":"category","embeddable":true,"href":"https:\/\/new.tripthis.eu\/en\/wp-json\/wp\/v2\/categories?post=288158"},{"taxonomy":"post_tag","embeddable":true,"href":"https:\/\/new.tripthis.eu\/en\/wp-json\/wp\/v2\/tags?post=288158"},{"taxonomy":"country","embeddable":true,"href":"https:\/\/new.tripthis.eu\/en\/wp-json\/wp\/v2\/country?post=288158"}],"curies":[{"name":"wp","href":"https:\/\/api.w.org\/{rel}","templated":true}]}}