{"id":288157,"date":"2023-02-04T14:40:14","date_gmt":"2023-02-04T12:40:14","guid":{"rendered":"https:\/\/tripthis.eu\/?p=14297"},"modified":"2023-02-04T14:40:14","modified_gmt":"2023-02-04T12:40:14","slug":"piecas-apskates-vietas-tuluza","status":"publish","type":"post","link":"https:\/\/new.tripthis.eu\/en\/piecas-apskates-vietas-tuluza\/","title":{"rendered":"Piecas apskates vietas Tul\u016bz\u0101"},"content":{"rendered":"<p><span style=\"font-weight: 400;\">Garonnas upes krastos eso\u0161ajai Tul\u016bzai ir iesauka &#8220;<\/span><i><span style=\"font-weight: 400;\">La Ville Rose<\/span><\/i><span style=\"font-weight: 400;\">&#8220;. Tas t\u0101p\u0113c, ka daudzas no pils\u0113tas lieliskaj\u0101m \u0113k\u0101m ir b\u016bv\u0113tas no s\u0101rti s\u0101rtiem \u0137ie\u0123e\u013ciem, pie\u0161\u0137irot pils\u0113tas ainavai izskatu, ko nevar sal\u012bdzin\u0101t ne ar vienu citu pils\u0113tu. Liela da\u013ca \u0161\u012bs arhitekt\u016bras tika finans\u0113ta, tirgojoties ar pils\u0113tas liel\u0101ko preci &#8211; vel\u0113nu, kas bija zil\u0101 kr\u0101sviela, ko izmantoja viduslaiku un renesanses tekstilr\u016bpniec\u012bb\u0101.<\/span><\/p>\n<p><span style=\"font-weight: 400;\">Tagad Tul\u016bza ir Eiropas aeronautikas galvaspils\u0113ta, kur\u0101 atrodas liel\u0101kais kosmosa centrs Eirop\u0101 un kur\u0101 atrodas <\/span><i><span style=\"font-weight: 400;\">airbus<\/span><\/i><span style=\"font-weight: 400;\"> galvenais birojs. Tul\u016bza piesaist\u012bs zin\u0101tk\u0101ros pr\u0101tus ar saviem aizraujo\u0161ajiem muzejiem, kas p\u0113ta kosmosu, aizv\u0113sturi, seno m\u0101kslu, dabas pasauli, k\u0101 ar\u012b m\u0101kslu no gotikas perioda l\u012bdz pat impresionistiem.<\/span><\/p>\n<h3 style=\"text-align: center;\"><b><i>Place du Capitole<\/i><\/b><\/h3>\n<p><span style=\"font-weight: 400;\">Neatkar\u012bgi no t\u0101, vai j\u016bs iep\u0113rkaties vai apbr\u012bnojat pils\u0113tas apskates objektus, atp\u016btas laik\u0101 Tul\u016bz\u0101 j\u016bs vienm\u0113r grib\u0113sies atgriezties laukum\u0101 pret\u012b r\u0101tsnamam.<\/span><\/p>\n<p><span style=\"font-weight: 400;\">\u0160\u0137iet, ka pils\u0113ta gravit\u0113 uz \u0161o vietu, un majest\u0101tisk\u0101 roz\u0101 nokr\u0101sas pils, kas atrodas j\u016bsu priek\u0161\u0101, ir vec\u0101ka, nek\u0101 izskat\u0101s. Ir saglab\u0101ju\u0161ies fragmenti, kas sniedzas l\u012bdz pat 1100. gadam.\u00a0<\/span><\/p>\n<h3 style=\"text-align: center;\"><b><i>Mus\u00e9um de Toulouse<\/i><\/b><\/h3>\n<p><span style=\"font-weight: 400;\">Tas nav muzejs par Tul\u016bzu, bet gan Francijas liel\u0101k\u0101 etnolo\u0123ijas un dabas v\u0113stures iest\u0101de \u0101rpus Par\u012bzes. <\/span><i><span style=\"font-weight: 400;\">Mus\u00e9um de Toulouse<\/span><\/i><span style=\"font-weight: 400;\"> pied\u0101v\u0101 vair\u0101k nek\u0101 2,5 miljonus ekspon\u0101tu.<\/span><\/p>\n<p><span style=\"font-weight: 400;\">Ja j\u016bs aizrauj dabaszin\u0101tnes, j\u016bs var\u0113siet stund\u0101m ilgi iegrimt bot\u0101nisk\u0101s, mineralo\u0123isk\u0101s, ornitolo\u0123isk\u0101s, paleontolo\u0123isk\u0101s un daudz\u0101s cit\u0101s galerij\u0101s! Daudzas no \u0161\u012bm kolekcij\u0101m ir sav\u0101ku\u0161i 19. gadsimta zin\u0101tk\u0101r\u0101kie pr\u0101ti.<\/span><\/p>\n<h3 style=\"text-align: center;\"><b><i>Cit\u00e9 de l&#8217;Espace<\/i><\/b><\/h3>\n<p><span style=\"font-weight: 400;\">Ja k\u0101dreiz ir bijusi diena, kas var\u0113tu atjaunot j\u016bsu b\u0113rn\u012bbas br\u012bnumu saj\u016btu, tad tas ir atrakciju parks, kas velt\u012bts kosmosa izp\u0113tei.<\/span><\/p>\n<p><span style=\"font-weight: 400;\">Ja j\u016bs vai j\u016bsu mazos b\u0113rnus aizrauj kosmoss, tad j\u016bs varat velt\u012bt dienu pr\u0101tu papla\u0161ino\u0161u IMAX filmu un planet\u0101rija \u0161ovu v\u0113ro\u0161anai.<\/span><\/p>\n<p><span style=\"font-weight: 400;\">Kosmosa ce\u013cojumu entuziasti b\u016bs saj\u016bsm\u0101, kad vi\u0146i iek\u0101ps \u012bstaj\u0101 kosmosa stacij\u0101 <\/span><i><span style=\"font-weight: 400;\">Mir<\/span><\/i><span style=\"font-weight: 400;\">, kas no 1986. l\u012bdz 2001. gadam ri\u0146\u0137oja ap Zemi. Tur atrodas ar\u012b Eiropas ra\u0137etes <\/span><i><span style=\"font-weight: 400;\">Ariane 5<\/span><\/i><span style=\"font-weight: 400;\"> replika dabisk\u0101 izm\u0113r\u0101, kas kop\u0161 2003. gada ir veikusi vair\u0101k nek\u0101 70 veiksm\u012bgus lidojumus.<\/span><\/p>\n<h3 style=\"text-align: center;\"><b>Jap\u0101\u0146u d\u0101rzs <\/b><b><i>Jardin Japonais<\/i><\/b><\/h3>\n<p><span style=\"font-weight: 400;\">Nedaudz uz zieme\u013ciem no centra, atrodas parks, kas klasific\u0113ts k\u0101 fran\u010du &#8220;<\/span><i><span style=\"font-weight: 400;\">jardin remarquable<\/span><\/i><span style=\"font-weight: 400;\">&#8220;. Tas ir jap\u0101\u0146u d\u0101rzs, kas ir diezgan neparasti, \u0146emot v\u0113r\u0101 Tul\u016bzas dienvidu platuma gr\u0101du, un tas ir iedvesmojies no 14.-16. gadsimta Kioto d\u0101rziem.<\/span><\/p>\n<p><span style=\"font-weight: 400;\">D\u0101rzs ir pilns simbolisma, un tas ir \u013coti piem\u0113rots medit\u0101cijai un atp\u016btai, ta\u010du to var\u0113siet dar\u012bt, ja apmekl\u0113siet d\u0101rzu agri, kad apk\u0101rt ir maz\u0101k cilv\u0113ku. \u0160\u0137\u0113rsojiet tilti\u0146u p\u0101ri d\u012b\u0137im uz salu, kas simboliz\u0113 parad\u012bzi, un paskatieties uz bru\u0146urupu\u010diem., kr\u016b\u0161ut\u0113ls.<\/span><\/p>\n<h3 style=\"text-align: center;\"><b>Midi kan\u0101ls (<\/b><b><i>Canal du Midi<\/i><\/b><b>)<\/b><\/h3>\n<p><span style=\"font-weight: 400;\">V\u0113l viens UNESCO objekts &#8211; Midi kan\u0101ls nav tikai v\u0113l viens \u016bdensce\u013c\u0161, bet gan apbr\u012bnojams 17. gadsimta in\u017eeniertehniskais darbs, kas ir da\u013ca no 430 kilometrus gar\u0101 kan\u0101la <\/span><i><span style=\"font-weight: 400;\">Canal des Deux Mers<\/span><\/i><span style=\"font-weight: 400;\">, kas savienoja Vidusj\u016bru ar Atlantijas oke\u0101nu.<\/span><\/p>\n<p><span style=\"font-weight: 400;\">Kan\u0101ls ir 240 kilometrus gar\u0161 \u016bdensce\u013c\u0161, kas s\u0101kas Tul\u016bz\u0101 un stiepjas l\u012bdz <\/span><i><span style=\"font-weight: 400;\">\u00c9tang de Thau<\/span><\/i><span style=\"font-weight: 400;\"> pie S\u0113tas piekrastes pils\u0113tas. To pas\u016bt\u012bja Ludviks XIV, un to izveidoja \u0123\u0113nijs Pj\u0113rs Pols-Rik\u0113, un t\u0101 pabeig\u0161ana aiz\u0146\u0113ma 15 gadus.<\/span><\/p>\n<p><span style=\"font-weight: 400;\">Lai gan Tul\u016bza ir liela r\u016bpniec\u012bbas pils\u0113ta, t\u0101 ir viena no pat\u012bkam\u0101kaj\u0101m Francijas pils\u0113t\u0101m, kur\u0101 valda nepiespiesta atmosf\u0113ra. \u0160aj\u0101 valsts da\u013c\u0101 cilv\u0113ki run\u0101 l\u0113ni, ar izstieptiem patska\u0146iem, t\u0101pat k\u0101 vi\u0146i kav\u0113jas pie kafijas \u0101ra kafejn\u012bc\u0101s un kav\u0113jas pils\u0113tas laukumos. T\u016bristiem, kas apg\u016bst fran\u010du valodu, \u0161\u012b ir lieliska vieta, kur vingrin\u0101ties.<\/span><\/p>","protected":false},"excerpt":{"rendered":"<p>Garonnas upes krastos eso\u0161ajai Tul\u016bzai ir iesauka &#8220;La Ville Rose&#8221;. Tas t\u0101p\u0113c, ka daudzas no pils\u0113tas lieliskaj\u0101m \u0113k\u0101m ir b\u016bv\u0113tas no s\u0101rti s\u0101rtiem \u0137ie\u0123e\u013ciem, pie\u0161\u0137irot pils\u0113tas ainavai izskatu, ko nevar sal\u012bdzin\u0101t ne ar vienu citu pils\u0113tu. Liela da\u013ca \u0161\u012bs arhitekt\u016bras tika finans\u0113ta, tirgojoties ar pils\u0113tas liel\u0101ko preci &#8211; vel\u0113nu, kas bija zil\u0101 kr\u0101sviela, ko izmantoja viduslaiku un renesanses tekstilr\u016bpniec\u012bb\u0101.<\/p>","protected":false},"author":20,"featured_media":15694,"comment_status":"open","ping_status":"open","sticky":false,"template":"","format":"standard","meta":{"post_subheading":"","post_intro_title":"","post_intro_text":"","post_1_gallery":[],"post_main_content":"","post_banner_title":"","post_banner_text":"","post_source":"","post_faq":[],"post_toc":[],"post_conversion_block":"","post_ai_summary":"","footnotes":""},"categories":[382],"tags":[411],"country":[],"class_list":["post-288157","post","type-post","status-publish","format-standard","has-post-thumbnail","hentry","category-blogs","tag-letas-aviobiletes-uz-franciju"],"_links":{"self":[{"href":"https:\/\/new.tripthis.eu\/en\/wp-json\/wp\/v2\/posts\/288157","targetHints":{"allow":["GET"]}}],"collection":[{"href":"https:\/\/new.tripthis.eu\/en\/wp-json\/wp\/v2\/posts"}],"about":[{"href":"https:\/\/new.tripthis.eu\/en\/wp-json\/wp\/v2\/types\/post"}],"author":[{"embeddable":true,"href":"https:\/\/new.tripthis.eu\/en\/wp-json\/wp\/v2\/users\/20"}],"replies":[{"embeddable":true,"href":"https:\/\/new.tripthis.eu\/en\/wp-json\/wp\/v2\/comments?post=288157"}],"version-history":[{"count":0,"href":"https:\/\/new.tripthis.eu\/en\/wp-json\/wp\/v2\/posts\/288157\/revisions"}],"wp:featuredmedia":[{"embeddable":true,"href":"https:\/\/new.tripthis.eu\/en\/wp-json\/wp\/v2\/media\/15694"}],"wp:attachment":[{"href":"https:\/\/new.tripthis.eu\/en\/wp-json\/wp\/v2\/media?parent=288157"}],"wp:term":[{"taxonomy":"category","embeddable":true,"href":"https:\/\/new.tripthis.eu\/en\/wp-json\/wp\/v2\/categories?post=288157"},{"taxonomy":"post_tag","embeddable":true,"href":"https:\/\/new.tripthis.eu\/en\/wp-json\/wp\/v2\/tags?post=288157"},{"taxonomy":"country","embeddable":true,"href":"https:\/\/new.tripthis.eu\/en\/wp-json\/wp\/v2\/country?post=288157"}],"curies":[{"name":"wp","href":"https:\/\/api.w.org\/{rel}","templated":true}]}}