{"id":288108,"date":"2022-12-10T11:49:49","date_gmt":"2022-12-10T09:49:49","guid":{"rendered":"https:\/\/tripthis.eu\/?p=13973"},"modified":"2022-12-10T11:49:49","modified_gmt":"2022-12-10T09:49:49","slug":"piecas-apskates-vietas-saragosa","status":"publish","type":"post","link":"https:\/\/new.tripthis.eu\/en\/piecas-apskates-vietas-saragosa\/","title":{"rendered":"Piecas apskates vietas Saragos\u0101"},"content":{"rendered":"<p><span style=\"font-weight: 400;\">Viens no visvair\u0101k nenov\u0113rt\u0113tajiem galam\u0113r\u0137iem Sp\u0101nij\u0101 ir Saragosa.\u00a0 Saragos\u0101 ir daudz ko dar\u012bt, s\u0101kot ar v\u0113sturisku vietu apmekl\u0113jumu un beidzot ar Sp\u0101nijas gard\u0101k\u0101s virtuves baud\u012b\u0161anu.\u00a0<\/span><\/p>\n<p><span style=\"font-weight: 400;\">Saragosa atrodas Sp\u0101nijas zieme\u013caustrumos, apm\u0113ram pusce\u013c\u0101 starp Barselonu un Madridi. T\u0101 ir Aragonas re\u0123iona galvaspils\u0113ta un piekt\u0101 liel\u0101k\u0101 pils\u0113ta Sp\u0101nij\u0101.<\/span><\/p>\n<p><span style=\"font-weight: 400;\">L\u016bk, m\u016bsu izlase ar 5 apskates objektiem, kurus noteikti j\u0101apmekl\u0113 Saragos\u0101!<\/span><\/p>\n<h3 style=\"text-align: center;\"><b>Aljaferijas pils<\/b><b><i> (Palacio de la Aljafer\u00eda)<\/i><\/b><\/h3>\n<p><img fetchpriority=\"high\" decoding=\"async\" class=\"aligncenter wp-image-14026 size-full\" src=\"https:\/\/new.tripthis.eu\/wp-content\/uploads\/2023\/02\/111.png\" alt=\"Aljaferijas pils\" width=\"837\" height=\"558\" \/><\/p>\n<p><span style=\"font-weight: 400;\">Viens no slaven\u0101kajiem Saragosas apskates objektiem ir Aljaferijas pils, kas ir nocietin\u0101ta isl\u0101ma pils un viens no lab\u0101kajiem sp\u0101\u0146u-musulma\u0146u arhitekt\u016bras paraugiem Sp\u0101nij\u0101.\u00a0<\/span><\/p>\n<p><span style=\"font-weight: 400;\">T\u0101 celta 11. gadsimt\u0101 un ir rot\u0101ta ar elegant\u0101m ar\u0101bu ark\u0101m un sare\u017e\u0123\u012btiem kokgriezumiem. Gadu gait\u0101 t\u0101 tika izmantota ar\u012b k\u0101 kato\u013cu kara\u013cu pils, bet p\u0113c tam k\u0101 karasp\u0113ka kazarmas. \u0160odien taj\u0101 atrodas Aragonas autonom\u0101 re\u0123iona parlamenta m\u012btne, un to var apmekl\u0113t ekskursij\u0101 gida pavad\u012bb\u0101.<\/span><\/p>\n<h3 style=\"text-align: center;\"><b>Aragonas Laikmet\u012bg\u0101s m\u0101kslas un kult\u016bras instit\u016bts<\/b><b><i> (IAACC Pablo Serrano)<\/i><\/b><\/h3>\n<p><img decoding=\"async\" class=\"aligncenter size-full wp-image-14024\" src=\"https:\/\/new.tripthis.eu\/wp-content\/uploads\/2023\/02\/113.png\" alt=\"Aragonas Laikmet\u012bg\u0101s m\u0101kslas un kult\u016bras instit\u016bts\" width=\"837\" height=\"558\" \/><\/p>\n<p><span style=\"font-weight: 400;\">Fut\u016bristiskais Aragonas Laikmet\u012bg\u0101s m\u0101kslas un kult\u016bras instit\u016bts (IAACC) ir modern\u0101s un laikmet\u012bg\u0101s m\u0101kslas centrs, kur\u0101 apskat\u0101ma pla\u0161a Aragonas t\u0113lnieka <\/span><i><span style=\"font-weight: 400;\">Pablo Serrano<\/span><\/i><span style=\"font-weight: 400;\"> (1908-1985) darbu kolekcija.\u00a0<\/span><\/p>\n<p><span style=\"font-weight: 400;\">\u0112ku, kur\u0101 tas atrodas, 20. gadsimta s\u0101kum\u0101 projekt\u0113ja <\/span><i><span style=\"font-weight: 400;\">Julio Bravo<\/span><\/i><span style=\"font-weight: 400;\">, ta\u010du kop\u0161 t\u0101 laika t\u0101 ir vair\u0101kk\u0101rt p\u0101rveidota. M\u016bsdien\u0101s eso\u0161ais muzejs tika atkl\u0101ts 2005. gad\u0101, un taj\u0101 apskat\u0101mi ar\u012b citu m\u0101kslinieku darbi, tostarp <\/span><i><span style=\"font-weight: 400;\">Pablo Pikaso<\/span><\/i><span style=\"font-weight: 400;\">, Aleksandra Kaldera un Endija Vorhola darbi.<\/span><\/p>\n<h3 style=\"text-align: center;\"><b>Akmens klosteris<\/b><b><i> (Monasterio de Piedra<\/i><\/b><b>)<\/b><\/h3>\n<p><img decoding=\"async\" class=\"aligncenter size-full wp-image-14023\" src=\"https:\/\/new.tripthis.eu\/wp-content\/uploads\/2023\/02\/114.png\" alt=\"Akmens klosteris\" width=\"837\" height=\"558\" \/><\/p>\n<p><span style=\"font-weight: 400;\">\u0160is galam\u0113r\u0137is, kas atrodas net\u0101lu no pils\u0113tas, apvieno lab\u0101ko no vis\u0101m pasaul\u0113m &#8211; v\u0113sturi, \u0113dienu un dabas skatus.\u00a0<\/span><\/p>\n<p><span style=\"font-weight: 400;\">Apskatiet skaisto kanjonu un \u016bdenskritumu no vienas no vair\u0101k\u0101m skatu platform\u0101m un apmekl\u0113jiet muzeju, kas st\u0101sta par klostera v\u0113sturi un v\u012bna ra\u017eo\u0161anu.<\/span><\/p>\n<p><span style=\"font-weight: 400;\">Neaizmirstiet no apmekl\u0113juma m\u0101j\u0101s atvest da\u017eus suven\u012brus. Ikvienam atrad\u012bsies kaut kas, jo kloster\u012b ra\u017eo slaveno Aragonas re\u0123iona v\u012bnu un \u0161okol\u0101di!<\/span><\/p>\n<h3 style=\"text-align: center;\"><b>Bazilikas tornis<\/b><\/h3>\n<p><img loading=\"lazy\" decoding=\"async\" class=\"aligncenter size-full wp-image-14022\" src=\"https:\/\/new.tripthis.eu\/wp-content\/uploads\/2023\/02\/115.png\" alt=\"Bazilikas tornis\" width=\"837\" height=\"558\" \/><\/p>\n<p><span style=\"font-weight: 400;\">Ja v\u0113laties baud\u012bt skaistu skatu uz pils\u0113tu un baziliku, ieteicams uzk\u0101pt 90 metrus augstaj\u0101 torn\u012b. Ar liftu j\u016bs pacelsieties 60 metru augstum\u0101, no kurienes paveras fantastisks skats.\u00a0<\/span><\/p>\n<p><span style=\"font-weight: 400;\">No \u0161\u012bs vietas j\u016bs varat pak\u0101pties v\u0113l nedaudz augst\u0101k, l\u012bdz sasniegsiet augst\u0101ko punktu 80 metru augstum\u0101. \u0160eit j\u016bs st\u0101v\u0113siet uz \u0161auras plakankalnes, no kuras pav\u0113rsies satrieco\u0161s skats!<\/span><\/p>\n<p><span style=\"font-weight: 400;\">\u0145emiet v\u0113r\u0101, ka ieeja torn\u012b nav pie galven\u0101s ieejas, t\u0101 atrodas upes krast\u0101. Iesp\u0113jams, jums b\u016bs nepiecie\u0161ams rezerv\u0113t bi\u013ceti, ta\u010du v\u0113l viena iesp\u0113ja ir apmekl\u0113t t\u016brisma biroju, kas atrodas pret\u012b bazilikai, vi\u0146i ar\u012b var pal\u012bdz\u0113t jums rezerv\u0113t laika interv\u0101lu j\u016bsu apmekl\u0113jumam. Bi\u013cetes maks\u0101 3 eiro vienai personai.<\/span><\/p>\n<h3 style=\"text-align: center;\"><b>Saragosas vecpils\u0113ta<\/b><\/h3>\n<p><img loading=\"lazy\" decoding=\"async\" class=\"aligncenter size-full wp-image-14021\" src=\"https:\/\/new.tripthis.eu\/wp-content\/uploads\/2023\/02\/116.png\" alt=\"\" width=\"837\" height=\"558\" \/><\/p>\n<p><span style=\"font-weight: 400;\">Saragosas vecpils\u0113ta b\u016bt\u012bb\u0101 ir vieta, kur j\u016bs s\u0101ksiet iepaz\u012bt pils\u0113tu un kur atrad\u012bsiet romie\u0161u pils\u0113tb\u016bvniec\u012bbas paliekas un vecas viduslaiku \u0113kas. Mar\u0161rutu pa rajona ieli\u0146\u0101m var s\u0101kt aiz <\/span><i><span style=\"font-weight: 400;\">San Juan de Los Panetes<\/span><\/i><span style=\"font-weight: 400;\"> bazn\u012bcas, lai apskat\u012btu veco romie\u0161u m\u016bri un <\/span><i><span style=\"font-weight: 400;\">Torre\u00f3n de la Zuda<\/span><\/i><span style=\"font-weight: 400;\">, veco musulma\u0146u cietok\u0161\u0146a torni, k\u0101 ar\u012b pa\u0161reiz\u0113jo T\u016brisma biroju.<\/span><\/p>\n<p><span style=\"font-weight: 400;\">P\u0113c tam varat doties pa <\/span><i><span style=\"font-weight: 400;\">Calle Alfonso <\/span><\/i><span style=\"font-weight: 400;\">\u00a0l\u012bdz non\u0101ksiet <\/span><i><span style=\"font-weight: 400;\">San Felipe<\/span><\/i><span style=\"font-weight: 400;\"> laukum\u0101, ko ieskauj vair\u0101kas renesanses laika pilis un <\/span><i><span style=\"font-weight: 400;\">San Felipe<\/span><\/i><span style=\"font-weight: 400;\"> bazn\u012bca.\u00a0<\/span><\/p>\n<p><span style=\"font-weight: 400;\">Lai gan Saragosa neb\u016bt nav Sp\u0101nijas slaven\u0101kais apskates galam\u0113r\u0137is, tas nenoz\u012bm\u0113, ka to vajadz\u0113tu atst\u0101t nov\u0101rt\u0101. Dodieties piedz\u012bvojum\u0101, kas neap\u0161aub\u0101mi b\u016bs neaizmirstams un pat\u012bkams!<\/span><\/p>","protected":false},"excerpt":{"rendered":"<p>Viens no visvair\u0101k nenov\u0113rt\u0113tajiem galam\u0113r\u0137iem Sp\u0101nij\u0101 ir Saragosa.\u00a0 Saragos\u0101 ir daudz ko dar\u012bt, s\u0101kot ar v\u0113sturisku vietu apmekl\u0113jumu un beidzot ar Sp\u0101nijas gard\u0101k\u0101s virtuves baud\u012b\u0161anu.\u00a0<\/p>","protected":false},"author":20,"featured_media":14025,"comment_status":"open","ping_status":"open","sticky":false,"template":"","format":"standard","meta":{"post_subheading":"","post_intro_title":"","post_intro_text":"","post_1_gallery":[],"post_main_content":"","post_banner_title":"","post_banner_text":"","post_source":"","post_faq":[],"post_toc":[],"post_conversion_block":"","post_ai_summary":"","footnotes":""},"categories":[382],"tags":[390],"country":[],"class_list":["post-288108","post","type-post","status-publish","format-standard","has-post-thumbnail","hentry","category-blogs","tag-aviobiletes-uz-spaniju"],"_links":{"self":[{"href":"https:\/\/new.tripthis.eu\/en\/wp-json\/wp\/v2\/posts\/288108","targetHints":{"allow":["GET"]}}],"collection":[{"href":"https:\/\/new.tripthis.eu\/en\/wp-json\/wp\/v2\/posts"}],"about":[{"href":"https:\/\/new.tripthis.eu\/en\/wp-json\/wp\/v2\/types\/post"}],"author":[{"embeddable":true,"href":"https:\/\/new.tripthis.eu\/en\/wp-json\/wp\/v2\/users\/20"}],"replies":[{"embeddable":true,"href":"https:\/\/new.tripthis.eu\/en\/wp-json\/wp\/v2\/comments?post=288108"}],"version-history":[{"count":0,"href":"https:\/\/new.tripthis.eu\/en\/wp-json\/wp\/v2\/posts\/288108\/revisions"}],"wp:featuredmedia":[{"embeddable":true,"href":"https:\/\/new.tripthis.eu\/en\/wp-json\/wp\/v2\/media\/14025"}],"wp:attachment":[{"href":"https:\/\/new.tripthis.eu\/en\/wp-json\/wp\/v2\/media?parent=288108"}],"wp:term":[{"taxonomy":"category","embeddable":true,"href":"https:\/\/new.tripthis.eu\/en\/wp-json\/wp\/v2\/categories?post=288108"},{"taxonomy":"post_tag","embeddable":true,"href":"https:\/\/new.tripthis.eu\/en\/wp-json\/wp\/v2\/tags?post=288108"},{"taxonomy":"country","embeddable":true,"href":"https:\/\/new.tripthis.eu\/en\/wp-json\/wp\/v2\/country?post=288108"}],"curies":[{"name":"wp","href":"https:\/\/api.w.org\/{rel}","templated":true}]}}