{"id":288107,"date":"2022-12-03T12:01:59","date_gmt":"2022-12-03T10:01:59","guid":{"rendered":"https:\/\/tripthis.eu\/?p=13971"},"modified":"2022-12-03T12:01:59","modified_gmt":"2022-12-03T10:01:59","slug":"piecas-apskates-vietas-bilbao","status":"publish","type":"post","link":"https:\/\/new.tripthis.eu\/en\/piecas-apskates-vietas-bilbao\/","title":{"rendered":"Piecas apskates vietas Bilbao"},"content":{"rendered":"<p><span style=\"font-weight: 400;\">Basku pils\u0113ta Bilbao pied\u0101v\u0101 neskait\u0101mas vietas, ko apl\u016bkot un dar\u012bt, &#8211; no pasaules l\u012bme\u0146a m\u0101kslas muzejiem l\u012bdz izsmalcin\u0101tiem restor\u0101niem, stil\u012bgiem un moderniem rajoniem, p\u0101rtikas tirgiem un daudz avangarda laikmet\u012bg\u0101s arhitekt\u016bras. L\u016bk, apskates objekti, kas noteikti j\u0101apmekl\u0113 Bilbao!<\/span><\/p>\n<h3 style=\"text-align: center;\"><b>Gugenheima muzejs<\/b><\/h3>\n<p><img fetchpriority=\"high\" decoding=\"async\" class=\"aligncenter size-full wp-image-13996\" src=\"https:\/\/new.tripthis.eu\/wp-content\/uploads\/2023\/02\/103.png\" alt=\"Gugenheima muzejs\" width=\"837\" height=\"558\" \/><\/p>\n<p><span style=\"font-weight: 400;\">Liel\u0101k\u0101 da\u013ca t\u016bristu, kas apmekl\u0113 Bilbao, dodas uz Gugenheima muzeju, kas ir galvenais pils\u0113tas apskates objekts. Pati \u0113ka ir iespaid\u012bgs m\u0101kslas darbs, novatorisks 20. gadsimta arhitekt\u016bras paraugs, ko projekt\u0113jis slavenais arhitekts Frenks Gehrijs.<\/span><\/p>\n<p><span style=\"font-weight: 400;\">Muzejs ir atz\u012bts par vienu no noz\u012bm\u012bg\u0101kajiem sava laika arhitekt\u016bras darbiem. T\u0101s vi\u013c\u0146otaj\u0101s un atstarojo\u0161aj\u0101s sien\u0101s Nervionas upes krast\u0101 j\u016bs atrad\u012bsiet m\u0101kslas br\u012bnumzemi, kas ietver gan modern\u0101s, gan laikmet\u012bg\u0101s m\u0101kslas darbus.<\/span><\/p>\n<h3 style=\"text-align: center;\"><b>Kuc\u0113ns <\/b><b><i>(Puppy)<\/i><\/b><\/h3>\n<p><img decoding=\"async\" class=\"aligncenter size-full wp-image-13997\" src=\"https:\/\/new.tripthis.eu\/wp-content\/uploads\/2023\/02\/104.png\" alt=\"Kuc\u0113ns (Puppy)\" width=\"837\" height=\"558\" \/><\/p>\n<p><span style=\"font-weight: 400;\">\u0160is kuc\u0113ns ir viens no slaven\u0101kajiem su\u0146iem pasaul\u0113, un tas ir daudzu Bilbao t\u016bristu fotogr\u0101fiju fons. Pie ieejas Gugenheima muzej\u0101 Bilbao past\u0101v\u012bgi zied kr\u0101sains ziedu kuc\u0113ns. Amerik\u0101\u0146u m\u0101kslinieka D\u017eefa K\u016bnsa (<\/span><i><span style=\"font-weight: 400;\">Jeff Koons<\/span><\/i><span style=\"font-weight: 400;\">) 13 metrus augst\u0101 skulpt\u016bra, ko d\u0113v\u0113 vienk\u0101r\u0161i par kuc\u0113nu jeb \u201c<\/span><i><span style=\"font-weight: 400;\">puppy<\/span><\/i><span style=\"font-weight: 400;\">\u201d, satur vair\u0101k nek\u0101 70 000 dz\u012bvu ziedu.\u00a0<\/span><\/p>\n<h3 style=\"text-align: center;\"><b>Bilbao v\u0113sturiskais kvart\u0101ls<\/b><\/h3>\n<p><img decoding=\"async\" class=\"aligncenter size-full wp-image-13998\" src=\"https:\/\/new.tripthis.eu\/wp-content\/uploads\/2023\/02\/105.png\" alt=\"\" width=\"837\" height=\"558\" \/><\/p>\n<p><span style=\"font-weight: 400;\">Bilbao v\u0113sturiskais kvart\u0101ls, kas paz\u012bstams ar\u012b k\u0101 <\/span><i><span style=\"font-weight: 400;\">Siete Calles<\/span><\/i><span style=\"font-weight: 400;\"> jeb &#8220;Septi\u0146as ielas&#8221;, ir sare\u017e\u0123\u012bts ielu t\u012bkls, kas veido pils\u0113tas vec\u0101ko un, iesp\u0113jams, dz\u012bv\u012bg\u0101ko rajonu.\u00a0<\/span><\/p>\n<p><span style=\"font-weight: 400;\">Tas atrodas net\u0101lu no upes gr\u012bvas, un taj\u0101 ir izvietoti da\u017ei no svar\u012bg\u0101kajiem pils\u0113tas v\u0113stures pieminek\u013ciem, tostarp Santjago katedr\u0101le un Sanantonio bazn\u012bca. \u0160\u0101 iemesla d\u0113\u013c \u0161is rajons 1972. gad\u0101 tika pasludin\u0101ts par v\u0113stures un m\u0101kslas pieminekli. T\u0101 ir ar\u012b popul\u0101ra vieta tiem, kas m\u012bl nobaud\u012bt v\u012bna gl\u0101zi un basku stila tapas, paz\u012bstamas k\u0101 &#8220;<\/span><i><span style=\"font-weight: 400;\">pintxos<\/span><\/i><span style=\"font-weight: 400;\">&#8220;.<\/span><\/p>\n<h3 style=\"text-align: center;\"><b>Bilbao Santjago katedr\u0101le<\/b><\/h3>\n<p><img loading=\"lazy\" decoding=\"async\" class=\"aligncenter size-full wp-image-13999\" src=\"https:\/\/new.tripthis.eu\/wp-content\/uploads\/2023\/02\/106.png\" alt=\"Bilbao Santjago katedr\u0101le\" width=\"837\" height=\"558\" \/><\/p>\n<p><span style=\"font-weight: 400;\">Tas ir izcil\u0101kais gotikas piemineklis Basku zem\u0113. Santjago katedr\u0101le tika uzcelta pirms vair\u0101k nek\u0101 600 gadiem, bet par katedr\u0101li t\u0101 atz\u012bta tikai kop\u0161 1955. gada.\u00a0<\/span><\/p>\n<p><span style=\"font-weight: 400;\">Lai gan t\u0101s celtniec\u012bba ilga vair\u0101k nek\u0101 gadsimtu, b\u016bvniec\u012bb\u0101 nav biju\u0161i p\u0101rtraukumi, t\u0101p\u0113c t\u0101s arhitekt\u016bras stils ir piln\u012bgi viendab\u012bgs. Tai ir tr\u012bs ieejas, un interesanti, ka sv\u0113tdien\u0101s taj\u0101 notiek bilingv\u0101li dievkalpojumi sp\u0101\u0146u un basku valod\u0101.<\/span><\/p>\n<h3 style=\"text-align: center;\"><b>Bizkaia tilts<\/b><\/h3>\n<p><img loading=\"lazy\" decoding=\"async\" class=\"aligncenter size-full wp-image-14000\" src=\"https:\/\/new.tripthis.eu\/wp-content\/uploads\/2023\/02\/107.png\" alt=\"Bizkaia tilts\" width=\"837\" height=\"558\" \/><\/p>\n<p><span style=\"font-weight: 400;\">Paz\u012bstams ar\u012b k\u0101 <\/span><i><span style=\"font-weight: 400;\">Puente Colgante<\/span><\/i><span style=\"font-weight: 400;\"> jeb &#8221; Piekaramais tilts&#8221;, tika uzb\u016bv\u0113ts laik\u0101 no 1887. l\u012bdz 1893. gadam, lai savienotu Bilbao upes gr\u012bvas krastus.\u00a0<\/span><\/p>\n<p><span style=\"font-weight: 400;\">Tas bija pirmais \u0161\u0101da veida tilts, un ir viens no tikai asto\u0146iem, kas joproj\u0101m past\u0101v, t\u0101d\u0113j\u0101di tas ir vec\u0101kais funkcion\u0113jo\u0161ais transporta tilts pasaul\u0113.\u00a0<\/span><\/p>\n<p><span style=\"font-weight: 400;\">\u0160is izcilais UNESCO Pasaules mantojuma objekts savieno <\/span><i><span style=\"font-weight: 400;\">Portugates<\/span><\/i><span style=\"font-weight: 400;\"> and <\/span><i><span style=\"font-weight: 400;\">Getso<\/span><\/i><span style=\"font-weight: 400;\"> pils\u0113tas un darbojas kop\u0161 t\u0101 atkl\u0101\u0161anas 1893. gad\u0101.\u00a0<\/span><\/p>\n<p><span style=\"font-weight: 400;\">Ja tas jums atg\u0101dina Eife\u013ca torni, tas ir t\u0101p\u0113c, ka t\u0101 dizainers, Biskaj\u0101 dzimu\u0161ais arhitekts <\/span><i><span style=\"font-weight: 400;\">Alberto de Palacio<\/span><\/i><span style=\"font-weight: 400;\">, str\u0101d\u0101ja kop\u0101 ar Gustavu Eifeli pie \u0161\u012b tilta izveides.\u00a0<\/span><\/p>\n<p><span style=\"font-weight: 400;\">Bilbao ir moderna pils\u0113ta, ko ieskauj za\u013ci kalni un debesskr\u0101pji, kas padara to par vienu no lab\u0101kaj\u0101m viet\u0101m, ko apmekl\u0113t Sp\u0101nij\u0101. \u0160\u012b kosmopol\u012btisk\u0101 pils\u0113ta Basku zemes centr\u0101 ir patiesi izsmalcin\u0101ta un dz\u012bv\u012bga!<\/span><\/p>","protected":false},"excerpt":{"rendered":"<p>Basku pils\u0113ta Bilbao pied\u0101v\u0101 neskait\u0101mas vietas, ko apl\u016bkot un dar\u012bt, &#8211; no pasaules l\u012bme\u0146a m\u0101kslas muzejiem l\u012bdz izsmalcin\u0101tiem restor\u0101niem, stil\u012bgiem un moderniem rajoniem, p\u0101rtikas tirgiem un daudz avangarda laikmet\u012bg\u0101s arhitekt\u016bras. L\u016bk, apskates objekti, kas noteikti j\u0101apmekl\u0113 Bilbao!<\/p>","protected":false},"author":20,"featured_media":13995,"comment_status":"open","ping_status":"open","sticky":false,"template":"","format":"standard","meta":{"post_subheading":"","post_intro_title":"","post_intro_text":"","post_1_gallery":[],"post_main_content":"","post_banner_title":"","post_banner_text":"","post_source":"","post_faq":[],"post_toc":[],"post_conversion_block":"","post_ai_summary":"","footnotes":""},"categories":[382],"tags":[390],"country":[],"class_list":["post-288107","post","type-post","status-publish","format-standard","has-post-thumbnail","hentry","category-blogs","tag-aviobiletes-uz-spaniju"],"_links":{"self":[{"href":"https:\/\/new.tripthis.eu\/en\/wp-json\/wp\/v2\/posts\/288107","targetHints":{"allow":["GET"]}}],"collection":[{"href":"https:\/\/new.tripthis.eu\/en\/wp-json\/wp\/v2\/posts"}],"about":[{"href":"https:\/\/new.tripthis.eu\/en\/wp-json\/wp\/v2\/types\/post"}],"author":[{"embeddable":true,"href":"https:\/\/new.tripthis.eu\/en\/wp-json\/wp\/v2\/users\/20"}],"replies":[{"embeddable":true,"href":"https:\/\/new.tripthis.eu\/en\/wp-json\/wp\/v2\/comments?post=288107"}],"version-history":[{"count":0,"href":"https:\/\/new.tripthis.eu\/en\/wp-json\/wp\/v2\/posts\/288107\/revisions"}],"wp:featuredmedia":[{"embeddable":true,"href":"https:\/\/new.tripthis.eu\/en\/wp-json\/wp\/v2\/media\/13995"}],"wp:attachment":[{"href":"https:\/\/new.tripthis.eu\/en\/wp-json\/wp\/v2\/media?parent=288107"}],"wp:term":[{"taxonomy":"category","embeddable":true,"href":"https:\/\/new.tripthis.eu\/en\/wp-json\/wp\/v2\/categories?post=288107"},{"taxonomy":"post_tag","embeddable":true,"href":"https:\/\/new.tripthis.eu\/en\/wp-json\/wp\/v2\/tags?post=288107"},{"taxonomy":"country","embeddable":true,"href":"https:\/\/new.tripthis.eu\/en\/wp-json\/wp\/v2\/country?post=288107"}],"curies":[{"name":"wp","href":"https:\/\/api.w.org\/{rel}","templated":true}]}}