{"id":288077,"date":"2022-10-12T08:12:06","date_gmt":"2022-10-12T05:12:06","guid":{"rendered":"https:\/\/tripthis.eu\/?p=13712"},"modified":"2022-10-12T08:12:06","modified_gmt":"2022-10-12T05:12:06","slug":"piecas-apskates-vietas-andora","status":"publish","type":"post","link":"https:\/\/new.tripthis.eu\/en\/piecas-apskates-vietas-andora\/","title":{"rendered":"Piecas apskates vietas Andor\u0101"},"content":{"rendered":"<p><span style=\"font-weight: 400;\">Andora, kas atrodas starp Franciju un Sp\u0101niju un ir ieskauta Pireneju kalnu sniegotaj\u0101s virsotn\u0113s, ir neliela, ta\u010du t\u0101 noteikti ir apmekl\u0113juma v\u0113rta tiem, kas mekl\u0113 augstas kvalit\u0101tes sl\u0113po\u0161anas apvidus, p\u0101rg\u0101jienu iesp\u0113jas un kr\u0101\u0161\u0146as ainavas.\u00a0<\/span><\/p>\n<p><span style=\"font-weight: 400;\">Galvaspils\u0113t\u0101 <\/span><i><span style=\"font-weight: 400;\">Andorra la Vella<\/span><\/i><span style=\"font-weight: 400;\"> ir pla\u0161a m\u0101kslas un \u0113din\u0101\u0161anas dz\u012bve, k\u0101 ar\u012b liel\u0101kais SPA komplekss Eirop\u0101. Liel\u0101ko da\u013cu p\u0101r\u0113j\u0101s Andoras teritorijas veido gleznaini ciemati un pils\u0113ti\u0146as, kas izvietoju\u0161\u0101s iespaid\u012bgu ainavu fon\u0101.\u00a0<\/span><\/p>\n<p><span style=\"font-weight: 400;\">Ar\u012b arhitekt\u016bras cien\u012bt\u0101ji \u0161aj\u0101 lok\u0101cij\u0101 nejut\u012bsies neviet\u0101, jo \u0161eit ir daudz viduslaiku un rom\u0101nikas \u0113ku, daudzas no t\u0101m atrodas uz iespaid\u012bg\u0101m kalnu virsotn\u0113m vai pasl\u0113ptas kalnu ieli\u0146u galos. Ide\u0101li piem\u0113rotas apskatei br\u012bvaj\u0101 laik\u0101, lai atkl\u0101tu p\u0113c iesp\u0113jas vair\u0101k apsl\u0113pto d\u0101rgakme\u0146u. Apskat\u012bsim lab\u0101k\u0101s vietas, ko apmekl\u0113t Andor\u0101!<\/span><\/p>\n<h3 style=\"text-align: center;\"><b><i>Pas de la Casa<\/i><\/b><\/h3>\n<p><img fetchpriority=\"high\" decoding=\"async\" class=\"aligncenter size-full wp-image-13718\" src=\"https:\/\/new.tripthis.eu\/wp-content\/uploads\/2023\/02\/93.png\" alt=\"Pas de la Casa\" width=\"837\" height=\"558\" \/><\/p>\n<p><i><span style=\"font-weight: 400;\">Pas de la Casa<\/span><\/i><span style=\"font-weight: 400;\"> ir viens no Andoras lab\u0101kajiem sl\u0113po\u0161anas k\u016brortiem, kas atrodas uz robe\u017eas ar Franciju, un tagad taj\u0101 ir 31 pac\u0113l\u0101js, kas \u013cauj apmekl\u0113t\u0101jiem nok\u013c\u016bt visos apvidos zem <\/span><i><span style=\"font-weight: 400;\">Pic d&#8217;Envalira<\/span><\/i><span style=\"font-weight: 400;\"> kalna.\u00a0<\/span><\/p>\n<p><span style=\"font-weight: 400;\">At\u0161\u0137ir\u012bb\u0101 no da\u017eiem citiem Andoras sl\u0113po\u0161anas k\u016brortiem <\/span><i><span style=\"font-weight: 400;\">Pas de la Casa<\/span><\/i><span style=\"font-weight: 400;\"> lab\u0101k kalpo vid\u0113ji pieredz\u0113ju\u0161iem vai pieredz\u0113ju\u0161iem sl\u0113pot\u0101jiem, jo apk\u0101rt\u0113j\u0101 apvid\u016b ir vair\u0101kas sarkan\u0101s trases.\u00a0<\/span><\/p>\n<p><span style=\"font-weight: 400;\">\u0160aj\u0101 k\u016brort\u0101 liela uzman\u012bba tiek piev\u0113rsta ar\u012b nakts dz\u012bvei, t\u0101p\u0113c <\/span><i><span style=\"font-weight: 400;\">Pas de la Casa<\/span><\/i><span style=\"font-weight: 400;\"> ir iecien\u012bju\u0161i jaun\u0101ki ce\u013cot\u0101ji, kas mekl\u0113 dz\u012bv\u012bgas vietas, kur atp\u016bsties p\u0113c garas sl\u0113po\u0161anas dienas.<\/span><\/p>\n<h3 style=\"text-align: center;\"><b>Centrs <\/b><b><i>Termol\u00fadic Caldea<\/i><\/b><\/h3>\n<p><img decoding=\"async\" class=\"aligncenter size-full wp-image-13717\" src=\"https:\/\/new.tripthis.eu\/wp-content\/uploads\/2023\/02\/94.png\" alt=\"Centrs Termol\u00fadic Caldea\" width=\"837\" height=\"558\" \/><\/p>\n<p><span style=\"font-weight: 400;\">Kad apmekl\u0113siet <\/span><i><span style=\"font-weight: 400;\">Andorra la Vellu<\/span><\/i><span style=\"font-weight: 400;\">, jums neb\u016bs nepiecie\u0161ams daudz laika, lai atrastu <\/span><i><span style=\"font-weight: 400;\">Centre Termol\u00fadic Caldea<\/span><\/i><span style=\"font-weight: 400;\"> &#8211; no stikla veidotu augstu piram\u012bdu, kas caururbj pils\u0113tas panor\u0101mu.\u00a0<\/span><\/p>\n<p><span style=\"font-weight: 400;\">Centrs ir iev\u0113rojams ar\u012b ar to, ka tas ir liel\u0101kais SPA komplekss vis\u0101 Eirop\u0101, un t\u0101 plat\u012bba ir vair\u0101k nek\u0101 6000 kvadr\u0101tmetru, lai viesiem b\u016btu pietiekami daudz vietas izbaud\u012bt visu t\u0101 pied\u0101v\u0101jumu.\u00a0<\/span><\/p>\n<p><span style=\"font-weight: 400;\">\u0160eit ir gan iek\u0161telpu, gan \u0101ra lag\u016bnas, kur\u0101s viesi var peld\u0113ties, k\u0101 ar\u012b saunas, burbu\u013cvannas un da\u017e\u0101das iek\u0161\u0113j\u0101s proced\u016bras, kas nodro\u0161ina unik\u0101lu pieredzi ikvienam. Da\u017eas no t\u0101m ietver mini \u016bdenskritumus, kas mas\u0113 noguru\u0161os musku\u013cus, marmora proced\u016bru telpas, kur\u0101m esot \u0101rstnieciskas \u012bpa\u0161\u012bbas, un romie\u0161u stila vannas. SPA \u016bdens ir pilns ar miner\u0101lviel\u0101m un n\u0101k no term\u0101l\u0101 avota, kas atrodas zem pils\u0113tas.<\/span><\/p>\n<h3 style=\"text-align: center;\"><b><i>La Casa de la Vall<\/i><\/b><\/h3>\n<p><img decoding=\"async\" class=\"aligncenter size-full wp-image-13716\" src=\"https:\/\/new.tripthis.eu\/wp-content\/uploads\/2023\/02\/95.png\" alt=\"La Casa de la Vall\" width=\"837\" height=\"558\" \/><\/p>\n<p><i><span style=\"font-weight: 400;\">La Casa de la Vall<\/span><\/i><span style=\"font-weight: 400;\"> ir viens no popul\u0101r\u0101kajiem apskates objektiem Andor\u0101. T\u0101 ir 1580. gad\u0101 celta \u0113ka, kas tagad ir vald\u012bbas m\u012btne un izce\u013cas ar greznu valsts \u0123erboni un cit\u0101m v\u0113sturisk\u0101m valsts biju\u0161o valdnieku embl\u0113m\u0101m.<\/span><\/p>\n<p><span style=\"font-weight: 400;\">Apm\u0113ram, 30 min\u016b\u0161u garaj\u0101 ekskursij\u0101 gida pavad\u012bb\u0101 var apskat\u012bt Uz\u0146em\u0161anas z\u0101li ar 16. gadsimta sienu gleznojumiem un Padomes s\u0113\u017eu z\u0101li. \u0160eit atrad\u012bsiet v\u0113sturisko Septi\u0146u atsl\u0113gu kabinetu, kur\u0101 katrai no septi\u0146\u0101m valsts kom\u016bn\u0101m ir pa atsl\u0113gai. Taj\u0101 glab\u0101jas valsts arh\u012bvi, tostarp dokumenti, kas dat\u0113jami ar K\u0101r\u013ca Liel\u0101 laikiem.<\/span><\/p>\n<h3 style=\"text-align: center;\"><b><i>La Cortinada<\/i><\/b><b> and <\/b><b><i>Sant Mart\u00ed<\/i><\/b><b> bazn\u012bca<\/b><\/h3>\n<p><img loading=\"lazy\" decoding=\"async\" class=\"aligncenter size-full wp-image-13715\" src=\"https:\/\/new.tripthis.eu\/wp-content\/uploads\/2023\/02\/96.png\" alt=\"La Cortinada un Sant Mart\u00ed bazn\u012bca\" width=\"837\" height=\"558\" \/><\/p>\n<p><i><span style=\"font-weight: 400;\">La Cortinada<\/span><\/i><span style=\"font-weight: 400;\"> ciemats ir viena no pievilc\u012bg\u0101kaj\u0101m mazaj\u0101m kopien\u0101m Andor\u0101. Ciemat\u0101, ko ieskauj p\u013cavas un nel\u012bdzeni kalni, atrodas skaista 12. gadsimta <\/span><i><span style=\"font-weight: 400;\">Sant Mart\u00ed de la Cortinada<\/span><\/i><span style=\"font-weight: 400;\"> bazn\u012bca.\u00a0<\/span><\/p>\n<p><span style=\"font-weight: 400;\">V\u0113l\u0101kie 17. un 18. gadsimta papildin\u0101jumi ietver uz vietas izgatavotas smalkas kaltas dzelzs margas, ko\u0161i apgleznotu koka alt\u0101rgleznu, daudzas smalkas, izsmalcin\u0101tas m\u0113beles un konfesiju.<\/span><\/p>\n<h3 style=\"text-align: center;\"><b><i>Les Escaldes<\/i><\/b><b> pils\u0113ta<\/b><\/h3>\n<p><img loading=\"lazy\" decoding=\"async\" class=\"aligncenter size-full wp-image-13714\" src=\"https:\/\/new.tripthis.eu\/wp-content\/uploads\/2023\/02\/97.png\" alt=\"\" width=\"837\" height=\"558\" \/><\/p>\n<p><span style=\"font-weight: 400;\">Andoras pils\u0113ti\u0146a <\/span><i><span style=\"font-weight: 400;\">Les Escaldes<\/span><\/i><span style=\"font-weight: 400;\">, kas atrodas tikai da\u017eu min\u016b\u0161u brauciena att\u0101lum\u0101 no Andoras, savu nosaukumu ieguvusi no daudzajiem karstajiem avotiem, kas izvietoti ap to. Pils\u0113ti\u0146as \u016bde\u0146i ir paz\u012bstami ar augstu s\u0113ra un sl\u0101pek\u013ca saturu, un jau romie\u0161u laikos tie bija zin\u0101mi ar sav\u0101m \u0101rstnieciskaj\u0101m \u012bpa\u0161\u012bb\u0101m.<\/span><\/p>\n<p><span style=\"font-weight: 400;\">Citas iev\u0113rojamas vietas ir <\/span><i><span style=\"font-weight: 400;\">Viladomat <\/span><\/i><span style=\"font-weight: 400;\">muzejs, kur\u0101 apskat\u0101mi t\u0113lnieka Josepa Viladomata darbi, un vec\u0101 cietok\u0161\u0146a <\/span><i><span style=\"font-weight: 400;\">Capilla Sant Rom<\/span><\/i><span style=\"font-weight: 400;\"> drupas. Noteikti iek\u013caujiet sav\u0101 mar\u0161rut\u0101 ar\u012b v\u0113sturisko tiltu <\/span><i><span style=\"font-weight: 400;\">Pont dels Escalls<\/span><\/i><span style=\"font-weight: 400;\">, no kura paveras lielisks skats uz vecpils\u0113tu.<\/span><\/p>\n<p><span style=\"font-weight: 400;\">Apmekl\u0113juma v\u0113rts ir ar\u012b <\/span><i><span style=\"font-weight: 400;\">Thyssen <\/span><\/i><span style=\"font-weight: 400;\">muzejs &#8211; m\u0101kslas galerija, kuras centr\u0101 ir pla\u0161a priv\u0101ta kolekcija, tostarp 19. un 20. gadsimta meistaru, piem\u0113ram, Mon\u0113, Matisa un Gog\u0113na, darbi. Muzejs ir valsts jaun\u0101kais liel\u0101kais apskates objekts.<\/span><\/p>\n<p><span style=\"font-weight: 400;\">V\u0113l viens ar m\u0101kslu saist\u012bts apskates objekts ir <\/span><i><span style=\"font-weight: 400;\">Centre d&#8217;Art d&#8217;Escaldes-Engordany<\/span><\/i><span style=\"font-weight: 400;\">. \u0160aj\u0101 interesantaj\u0101 galerij\u0101, kas atrodas v\u0113sturisk\u0101 kult\u016brv\u0113sturisk\u0101 \u0113k\u0101, ir izvietota iespaid\u012bga skulpt\u016bru un m\u0101kslas darbu kolekcija.<\/span><\/p>\n<p><span style=\"font-weight: 400;\">Atp\u016btas ce\u013cojums pa Andoras skaistaj\u0101m pils\u0113t\u0101m un t\u0101s majest\u0101tiskajiem skatiem var pavisam noteikti gar\u012bgi iedvesmot cilv\u0113ku. \u0160\u012b vieta ir k\u013cuvusi popul\u0101ra t\u0101s apmekl\u0113t\u0101ju vid\u016b, jo ir apvelt\u012bta ar eksotiskiem dabas skatiem un da\u017e\u0101d\u0101m \u013coti burv\u012bg\u0101m viet\u0101m.<\/span><\/p>","protected":false},"excerpt":{"rendered":"<p>Andora, kas atrodas starp Franciju un Sp\u0101niju un ir ieskauta Pireneju kalnu sniegotaj\u0101s virsotn\u0113s, ir neliela, ta\u010du t\u0101 noteikti ir apmekl\u0113juma v\u0113rta tiem, kas mekl\u0113 augstas kvalit\u0101tes sl\u0113po\u0161anas apvidus, p\u0101rg\u0101jienu iesp\u0113jas un kr\u0101\u0161\u0146as ainavas.\u00a0<\/p>","protected":false},"author":20,"featured_media":13719,"comment_status":"open","ping_status":"open","sticky":false,"template":"","format":"standard","meta":{"post_subheading":"","post_intro_title":"","post_intro_text":"","post_1_gallery":[],"post_main_content":"","post_banner_title":"","post_banner_text":"","post_source":"","post_faq":[],"post_toc":[],"post_conversion_block":"","post_ai_summary":"","footnotes":""},"categories":[382],"tags":[462],"country":[],"class_list":["post-288077","post","type-post","status-publish","format-standard","has-post-thumbnail","hentry","category-blogs","tag-andora"],"_links":{"self":[{"href":"https:\/\/new.tripthis.eu\/en\/wp-json\/wp\/v2\/posts\/288077","targetHints":{"allow":["GET"]}}],"collection":[{"href":"https:\/\/new.tripthis.eu\/en\/wp-json\/wp\/v2\/posts"}],"about":[{"href":"https:\/\/new.tripthis.eu\/en\/wp-json\/wp\/v2\/types\/post"}],"author":[{"embeddable":true,"href":"https:\/\/new.tripthis.eu\/en\/wp-json\/wp\/v2\/users\/20"}],"replies":[{"embeddable":true,"href":"https:\/\/new.tripthis.eu\/en\/wp-json\/wp\/v2\/comments?post=288077"}],"version-history":[{"count":0,"href":"https:\/\/new.tripthis.eu\/en\/wp-json\/wp\/v2\/posts\/288077\/revisions"}],"wp:featuredmedia":[{"embeddable":true,"href":"https:\/\/new.tripthis.eu\/en\/wp-json\/wp\/v2\/media\/13719"}],"wp:attachment":[{"href":"https:\/\/new.tripthis.eu\/en\/wp-json\/wp\/v2\/media?parent=288077"}],"wp:term":[{"taxonomy":"category","embeddable":true,"href":"https:\/\/new.tripthis.eu\/en\/wp-json\/wp\/v2\/categories?post=288077"},{"taxonomy":"post_tag","embeddable":true,"href":"https:\/\/new.tripthis.eu\/en\/wp-json\/wp\/v2\/tags?post=288077"},{"taxonomy":"country","embeddable":true,"href":"https:\/\/new.tripthis.eu\/en\/wp-json\/wp\/v2\/country?post=288077"}],"curies":[{"name":"wp","href":"https:\/\/api.w.org\/{rel}","templated":true}]}}