{"id":288018,"date":"2022-07-23T14:51:46","date_gmt":"2022-07-23T11:51:46","guid":{"rendered":"https:\/\/tripthis.eu\/?p=12963"},"modified":"2022-07-23T14:51:46","modified_gmt":"2022-07-23T11:51:46","slug":"piecas-apskates-vietas-madeira","status":"publish","type":"post","link":"https:\/\/new.tripthis.eu\/en\/piecas-apskates-vietas-madeira\/","title":{"rendered":"Piecas apskates vietas Madeir\u0101"},"content":{"rendered":"<p><span style=\"font-weight: 400;\">\u0160is nenov\u0113rt\u0113tais ce\u013cojumu galam\u0113r\u0137is ir da\u013ca no Portug\u0101lei piedero\u0161o salu kopas, kas atrodas Atlantijas oke\u0101na vid\u016b. Vulk\u0101niskas izcelsmes sala ar nel\u012bdzen\u0101m iek\u0161ien\u0113m, ko kl\u0101j sul\u012bga ve\u0123et\u0101cija un eksotiskas pu\u0137es. Madeira patie\u0161\u0101m ir Atlantijas oke\u0101na p\u0113rle. \u0160\u012b vec\u0101 vulk\u0101nisk\u0101 zeme dabas zi\u0146\u0101 ir hipnotiz\u0113jo\u0161a. J\u016bs patie\u0161\u0101m apst\u0101sieties, ieelposiet un atjaunosiet saikni ar Zemi.<\/span><\/p>\n<p><span style=\"font-weight: 400;\">L\u016bk, saraksts ar lab\u0101kaj\u0101m un skaist\u0101kaj\u0101m viet\u0101m, ko apmekl\u0113t Madeir\u0101.<\/span><\/p>\n<h3 style=\"text-align: center;\"><b>Monte Palace Tropiskais d\u0101rzs<\/b><\/h3>\n<p><img fetchpriority=\"high\" decoding=\"async\" class=\"aligncenter size-full wp-image-12965\" src=\"https:\/\/new.tripthis.eu\/wp-content\/uploads\/2023\/02\/14.png\" alt=\"Monte Palace Tropiskais d\u0101rzs\" width=\"837\" height=\"558\" \/><\/p>\n<p><span style=\"font-weight: 400;\">Viens no Madeiras liel\u0101kajiem apskates objektiem ir Monte Palace Tropiskais d\u0101rzs, kas atrodas kalnos augstu virs Fun\u0161alas. D\u0101rzos ir t\u016bksto\u0161iem eksotisku augu un daudz savva\u013cas dz\u012bvnieku. \u017doz\u0113 Berardo (Jos\u00e9 Berardo) d\u0101rzus izveidoja 20. gadsimta 90. gadu s\u0101kum\u0101, un vi\u0146a aizrau\u0161an\u0101s ar m\u0101kslu un dabu ir redzama visur &#8211; s\u0101kot no d\u0101rziem l\u012bdz \u016bdenskritumiem un dekorat\u012bvaj\u0101m skulpt\u016br\u0101m.<\/span><\/p>\n<p><span style=\"font-weight: 400;\">Lai izvair\u012btos no cilv\u0113ku p\u016b\u013ciem, no Fun\u0161alas agri no r\u012bta izk\u0101piet ar tro\u0161u vagoni\u0146u un no kalniem lejup brauciet ar ragavi\u0146\u0101m, lai dienas nosl\u0113gum\u0101 izbaud\u012btu aizraujo\u0161u atp\u016btu.<\/span><\/p>\n<h3 style=\"text-align: center;\"><b>Rocha do Navio<\/b><\/h3>\n<p><img decoding=\"async\" class=\"aligncenter size-full wp-image-12966\" src=\"https:\/\/new.tripthis.eu\/wp-content\/uploads\/2023\/02\/15.png\" alt=\"Rocha do Navio\" width=\"837\" height=\"558\" \/><\/p>\n<p><span style=\"font-weight: 400;\">Rocha do Navio tro\u0161u ce\u013c\u0161 atrodas salas zieme\u013cu piekrast\u0113 Santanas pa\u0161vald\u012bb\u0101 un pied\u0101v\u0101 apmekl\u0113t\u0101jiem braucienu ar satrieco\u0161u panor\u0101mas skatu uz j\u016bru un tur eso\u0161aj\u0101m lauksaimniec\u012bbas zem\u0113m &#8211; &#8220;Faj\u00e3s&#8221;.<\/span><\/p>\n<p><span style=\"font-weight: 400;\">\u0160is transporta l\u012bdzeklis tika uzb\u016bv\u0113ts, lai pal\u012bdz\u0113tu viet\u0113jiem lauksaimniekiem piek\u013c\u016bt sav\u0101m lauksaimniec\u012bbas zem\u0113m \u0101tri un efekt\u012bvi, t\u0101 k\u0101 brauciens ilgst ne vair\u0101k k\u0101 5 min\u016btes.<\/span><\/p>\n<p><span style=\"font-weight: 400;\">Rocha do Navio tro\u0161u ce\u013c\u0161 \u013cauj apmekl\u0113t\u0101jiem piek\u013c\u016bt dabas rezerv\u0101tam ar t\u0101du pa\u0161u nosaukumu, kas ir tikai j\u016bras rezerv\u0101ts, kuram var piek\u013c\u016bt ar\u012b pa klint\u012b izcirstu taku. Rocha do Navio nosaukums ir saist\u012bts ar 19. gadsimt\u0101 tur notiku\u0161o holandie\u0161u ku\u0123a katastrofu.<\/span><\/p>\n<h3 style=\"text-align: center;\"><b>Risco \u016bdenskritums\u00a0<\/b><\/h3>\n<p><img decoding=\"async\" class=\"aligncenter size-full wp-image-12968\" src=\"https:\/\/new.tripthis.eu\/wp-content\/uploads\/2023\/02\/17.png\" alt=\"Risco \u016bdenskritums\u00a0\" width=\"837\" height=\"558\" \/><\/p>\n<p><span style=\"font-weight: 400;\">Tas ir diezgan labi zin\u0101ms un var b\u016bt aiz\u0146emts. Taka l\u012bdz \u016bdenskritumam viet\u0101m nav vispla\u0161\u0101k\u0101, t\u0101p\u0113c dodieties ce\u013c\u0101 agri.<\/span><\/p>\n<p><span style=\"font-weight: 400;\">Ja to izdar\u012bsiet, j\u016bs tiksiet atalgoti ar \u0161auru kask\u0101des \u016bdenskritumu ar miglainu smidzin\u0101jumu, bl\u012bvu me\u017eu un m\u0101ko\u0146u vainagu. Br\u012bva stila \u010d\u012bbas atst\u0101jiet istab\u0101, jo ce\u013c\u0161 br\u012b\u017eiem ir st\u0101vs un, iesp\u0113jams, viet\u0101m nedaudz slidens, t\u0101p\u0113c ieteicams \u0146emt l\u012bdzi stingrus apavus un pudeli \u016bdens, jo k\u0101piens var k\u013c\u016bt nogurdino\u0161s.\u00a0<\/span><\/p>\n<h3 style=\"text-align: center;\"><b>Miradouro da Ponta do Rosto<\/b><\/h3>\n<p><img loading=\"lazy\" decoding=\"async\" class=\"aligncenter size-full wp-image-12969\" src=\"https:\/\/new.tripthis.eu\/wp-content\/uploads\/2023\/02\/18.png\" alt=\"Miradouro da Ponta do Rosto\" width=\"837\" height=\"558\" \/><\/p>\n<p><span style=\"font-weight: 400;\">Izt\u0113lojieties vietu, kur\u0101 Skotijas augstienes ainava sajaucas ar Kar\u012bbu j\u016bras zilo kr\u0101su \u2013 \u0161is skats ir tas, kas jums rodas rezult\u0101t\u0101. Lai nok\u013c\u016btu l\u012bdz \u0161im br\u012bnumam, ir nepiecie\u0161amas, apm\u0113ram, 2 stundas. Aptuveni, tre\u0161da\u013c\u0101 ce\u013ca j\u016bs varat izv\u0113l\u0113ties, kuru mar\u0161rutu v\u0113laties iet.<\/span><\/p>\n<p><span style=\"font-weight: 400;\">Apak\u0161\u0113jais mar\u0161ruts iet gar\u0101m vietai, kur varat atp\u016btin\u0101t savas noguru\u0161\u0101s k\u0101jas un apbr\u012bnot skatu no j\u016bras, braucot ar laivu, vai vienk\u0101r\u0161i apst\u0101ties maz\u0101 kafejn\u012bc\u0101, lai iedzertu kafiju un atp\u016bstos.<\/span><\/p>\n<p><span style=\"font-weight: 400;\">Augst\u0101kais ce\u013c\u0161 ir paredz\u0113ts entuziastiem, kuri labpr\u0101t\u0101k grib\u0113tu tikt apbalvoti ar vienu no lab\u0101kajiem Madeiras skatiem. T\u0101 k\u0101 neatkar\u012bgi no izv\u0113l\u0113t\u0101 mar\u0161ruta j\u016bs galu gal\u0101 non\u0101ksiet atpaka\u013c taj\u0101 pa\u0161\u0101 viet\u0101, j\u016bs faktiski varat veikt abus mar\u0161rutus. Lidma\u0161\u012bnu v\u0113rot\u0101jiem \u0161is ir ide\u0101ls skatu punkts, no kura v\u0113rot lidma\u0161\u012bnas, kas m\u0113\u0123ina nos\u0113sties Fun\u0161alas lidost\u0101.<\/span><\/p>\n<h3 style=\"text-align: center;\"><b>Pico Ruivo<\/b><\/h3>\n<p><img loading=\"lazy\" decoding=\"async\" class=\"aligncenter size-full wp-image-12970\" src=\"https:\/\/new.tripthis.eu\/wp-content\/uploads\/2023\/02\/19.png\" alt=\"Pico Ruivo\" width=\"837\" height=\"558\" \/><\/p>\n<p><span style=\"font-weight: 400;\">Pico Ruivo ir Madeiras augst\u0101k\u0101 virsotne &#8211; vair\u0101k nek\u0101 1,8 kilometru augstum\u0101 &#8211; un ir iecien\u012bta atp\u016btas vieta tiem, kas v\u0113las izdz\u012bvot nelielu piedz\u012bvojumu. No Achada da Teixeira ir 5,6 kilometrus gar\u0161 p\u0101rg\u0101jiens, kas aiz\u0146em aptuveni pusotru stundu katr\u0101 virzien\u0101, bet iztur\u012bgos atalgos ar neticamiem skatiem.<\/span><\/p>\n<p><span style=\"font-weight: 400;\">Pirms uzman\u012bgi nok\u0101pjat lej\u0101, uz br\u012bdi apst\u0101jieties, lai paskat\u012btos uz m\u0101ko\u0146iem zem kalna. Piev\u0113rsiet uzman\u012bbu ar\u012b pastaig\u0101m ar gidu &#8211; kalnu gidi var sniegt daudz inform\u0101cijas, un bie\u017ei vien taj\u0101s ir iek\u013cauts ar\u012b transf\u0113rs uz viesn\u012bcu.<\/span><\/p>\n<p><span style=\"font-weight: 400;\">Ja mekl\u0113jat kalnus ar satrieco\u0161iem skatu punktiem, pastaigu mar\u0161rutus, kas \u013caus jums pieskarties m\u0101ko\u0146iem, vai apbr\u012bnot skaistu saulrietu, ziniet, ka Madeiras sala ir k\u0101 rad\u012bta tie\u0161i jums. Papildus \u0161\u012bs salas neticamajam skaistumam j\u016bs var\u0113siet iepaz\u012bt ar\u012b t\u0101s v\u012bnu, gastronomiju, trad\u012bcijas un daudz ko citu!<\/span><\/p>\n<p>&nbsp;<\/p>","protected":false},"excerpt":{"rendered":"<p>\u0160is nenov\u0113rt\u0113tais ce\u013cojumu galam\u0113r\u0137is ir da\u013ca no Portug\u0101lei piedero\u0161o salu kopas, kas atrodas Atlantijas oke\u0101na vid\u016b. Vulk\u0101niskas izcelsmes sala ar nel\u012bdzen\u0101m iek\u0161ien\u0113m, ko kl\u0101j sul\u012bga ve\u0123et\u0101cija un eksotiskas pu\u0137es. Madeira patie\u0161\u0101m ir Atlantijas oke\u0101na p\u0113rle. \u0160\u012b vec\u0101 vulk\u0101nisk\u0101 zeme dabas zi\u0146\u0101 ir hipnotiz\u0113jo\u0161a. J\u016bs patie\u0161\u0101m apst\u0101sieties, ieelposiet un atjaunosiet saikni ar Zemi.<\/p>","protected":false},"author":20,"featured_media":12972,"comment_status":"open","ping_status":"open","sticky":false,"template":"","format":"standard","meta":{"post_subheading":"","post_intro_title":"","post_intro_text":"","post_1_gallery":[],"post_main_content":"","post_banner_title":"","post_banner_text":"","post_source":"","post_faq":[],"post_toc":[],"post_conversion_block":"","post_ai_summary":"","footnotes":""},"categories":[382],"tags":[389],"country":[],"class_list":["post-288018","post","type-post","status-publish","format-standard","has-post-thumbnail","hentry","category-blogs","tag-letas-aviobiletes-uz-portugali"],"_links":{"self":[{"href":"https:\/\/new.tripthis.eu\/en\/wp-json\/wp\/v2\/posts\/288018","targetHints":{"allow":["GET"]}}],"collection":[{"href":"https:\/\/new.tripthis.eu\/en\/wp-json\/wp\/v2\/posts"}],"about":[{"href":"https:\/\/new.tripthis.eu\/en\/wp-json\/wp\/v2\/types\/post"}],"author":[{"embeddable":true,"href":"https:\/\/new.tripthis.eu\/en\/wp-json\/wp\/v2\/users\/20"}],"replies":[{"embeddable":true,"href":"https:\/\/new.tripthis.eu\/en\/wp-json\/wp\/v2\/comments?post=288018"}],"version-history":[{"count":0,"href":"https:\/\/new.tripthis.eu\/en\/wp-json\/wp\/v2\/posts\/288018\/revisions"}],"wp:featuredmedia":[{"embeddable":true,"href":"https:\/\/new.tripthis.eu\/en\/wp-json\/wp\/v2\/media\/12972"}],"wp:attachment":[{"href":"https:\/\/new.tripthis.eu\/en\/wp-json\/wp\/v2\/media?parent=288018"}],"wp:term":[{"taxonomy":"category","embeddable":true,"href":"https:\/\/new.tripthis.eu\/en\/wp-json\/wp\/v2\/categories?post=288018"},{"taxonomy":"post_tag","embeddable":true,"href":"https:\/\/new.tripthis.eu\/en\/wp-json\/wp\/v2\/tags?post=288018"},{"taxonomy":"country","embeddable":true,"href":"https:\/\/new.tripthis.eu\/en\/wp-json\/wp\/v2\/country?post=288018"}],"curies":[{"name":"wp","href":"https:\/\/api.w.org\/{rel}","templated":true}]}}