{"id":288006,"date":"2022-07-03T12:15:43","date_gmt":"2022-07-03T09:15:43","guid":{"rendered":"https:\/\/tripthis.eu\/?p=12459"},"modified":"2022-07-03T12:15:43","modified_gmt":"2022-07-03T09:15:43","slug":"piecas-apskates-vietas-barselona","status":"publish","type":"post","link":"https:\/\/new.tripthis.eu\/en\/piecas-apskates-vietas-barselona\/","title":{"rendered":"Piecas apskates vietas Barselon\u0101"},"content":{"rendered":"<p><span style=\"font-weight: 400;\">Barselona ir satrieco\u0161a piej\u016bras pils\u0113ta, kas lepojas ar savu skaistumu un saulainu dz\u012bvesveidu. Kr\u0101\u0161\u0146\u0101s ainavas, elpu aizraujo\u0161a arhitekt\u016bra un lieliski kult\u016bras objekti ir vilino\u0161s galam\u0113r\u0137is. Protams, burv\u012bbu pie\u0161\u0137ir ar\u012b maigais Vidusj\u016bras klimats.<\/span><\/p>\n<p><span style=\"font-weight: 400;\">Apmekl\u0113t\u0101jiem patiks pastaigas pa La Rambla, kur atp\u016b\u0161as viet\u0113jie iedz\u012bvot\u0101ji, sau\u013co\u0161an\u0101s smil\u0161ainaj\u0101s pludmal\u0113s net\u0101lu no ostas un nesteidz\u012bga malt\u012b\u0161u baud\u012b\u0161ana uz \u0101ra teras\u0113m.<\/span><\/p>\n<p><span style=\"font-weight: 400;\">Viens no lab\u0101kajiem veidiem, k\u0101 iepaz\u012bt Barselonu, ir bezm\u0113r\u0137\u012bgi kl\u012bstot un uztriecoties uz apsl\u0113pt\u0101m s\u0101nu ieli\u0146\u0101m ar neliel\u0101m kafejn\u012bc\u0101m vai apst\u0101joties atp\u016bsties mier\u012bgos pils\u0113tas laukumos, kur ielu muzikanti atska\u0146o melodijas. Ik uz so\u013ca j\u016bs sagaida p\u0101rsteigumi!<\/span><\/p>\n<h3 style=\"text-align: center;\"><b>Sv\u0113t\u0101s \u0122imenes bazn\u012bca (Bas\u00edlica de la Sagrada Familia)<\/b><\/h3>\n<p><img fetchpriority=\"high\" decoding=\"async\" class=\"aligncenter size-large wp-image-12778\" src=\"https:\/\/new.tripthis.eu\/wp-content\/uploads\/2023\/02\/miltiadis-fragkidis-N33IiecP_2E-unsplash-1200x675.jpg\" alt=\"sv\u0113t\u0101s \u0123imenes katedr\u0101le\" width=\"837\" height=\"471\" \/><\/p>\n<p><span style=\"font-weight: 400;\">Sagrada Familia bazn\u012bca atrodas pils\u0113tas zieme\u013cu da\u013c\u0101 un domin\u0113 apk\u0101rtn\u0113 ar saviem 18 tor\u0146iem, kas pace\u013cas augstu virs vis\u0101m p\u0101r\u0113j\u0101m \u0113k\u0101m. \u0160\u012b apbr\u012bnojam\u0101 bazn\u012bca, kas ir viena no Eiropas netradicion\u0101l\u0101kaj\u0101m bazn\u012bc\u0101m, ir iek\u013cauta UNESCO Pasaules mantojuma sarakst\u0101.<\/span><\/p>\n<p><span style=\"font-weight: 400;\">Slavenais arhitekts Anton\u012b Gaudi 1883. gad\u0101 sa\u0146\u0113ma pas\u016bt\u012bjumu projekt\u0113t \u0161o celtni k\u0101 neogotikas bazn\u012bcu. Ta\u010du t\u0101 viet\u0101, lai iev\u0113rotu pl\u0101nus, vi\u0146\u0161 rad\u012bja savu slaven\u0101 sirre\u0101listisk\u0101 j\u016bgendstila arhitekt\u016bras paraugu. Vi\u0146am nebija stingru ideju, vi\u0146\u0161 labpr\u0101t\u0101k main\u012bja un papildin\u0101ja pl\u0101nus darba gait\u0101.<\/span><\/p>\n<p><span style=\"font-weight: 400;\">Lai gan Gaudi s\u0101kotn\u0113ji bija paredz\u0113jis 10 l\u012bdz 15 gadus bazn\u012bcas pabeig\u0161anai, vi\u0146a dz\u012bves laik\u0101 t\u0101 netika pabeigta. Kop\u0161 1926. gada, pamatojoties uz Gaudi pl\u0101niem, darbu pie bazn\u012bcas turpina vair\u0101ki citi arhitekti. Lai gan celtniec\u012bba joproj\u0101m turpin\u0101s, to paredz\u0113ts pabeigt l\u012bdz 2026. gadam.<\/span><\/p>\n<p><span style=\"font-weight: 400;\">Apmekl\u0113t\u0101jus vispirms p\u0101rsteidz izteiksm\u012bg\u0101 Kristus dzim\u0161anas fas\u0101de, kur\u0101 att\u0113lota J\u0113zus piedzim\u0161ana, un izteiksm\u012bg\u0101 Pasijas fas\u0101de, kas att\u0113lo J\u0113zus cie\u0161anas, n\u0101vi un aug\u0161\u0101mcel\u0161anos.<\/span><\/p>\n<p><span style=\"font-weight: 400;\">Lai gan bazn\u012bca nav pabeigta, t\u016bristi var apmekl\u0113t t\u0101s iek\u0161pusi, lai apbr\u012bnotu sakr\u0101lo telpu un t\u0101s \u017eilbino\u0161os m\u0101kslas darbus.\u00a0<\/span><\/p>\n<h3 style=\"text-align: center;\"><b>Casa Mil\u00e0 (La Pedrera)<\/b><\/h3>\n<p><img decoding=\"async\" class=\"aligncenter size-large wp-image-12780\" src=\"https:\/\/new.tripthis.eu\/wp-content\/uploads\/2023\/02\/pengfei-ying-eX9c6PQIJAk-unsplash-1200x675.jpg\" alt=\"casa mila\" width=\"837\" height=\"471\" \/><\/p>\n<p><span style=\"font-weight: 400;\">Eik\u0161\u0101mples rajon\u0101, net\u0101lu no elegant\u0101 Passeig de Gracia bulv\u0101ra, atrodas UNESCO sarakst\u0101 iek\u013caut\u0101 Casa Mil\u00e0, kas ir slaven\u0101k\u0101 Antonija Gaudi laic\u012bg\u0101 celtne. Casa Mil\u00e0 tiek m\u012b\u013ci d\u0113v\u0113ta ar\u012b par &#8220;La Pedrera&#8221;, kas tulkojum\u0101 noz\u012bm\u0113 &#8220;Akme\u0146u karjers&#8221;, jo \u0113ka atg\u0101dina atv\u0113rtu karjeru.<\/span><\/p>\n<p><span style=\"font-weight: 400;\">\u0160is kr\u0101\u0161\u0146ais m\u0101joklis, kas celts laik\u0101 no 1906. l\u012bdz 1912. gadam, vair\u0101k atg\u0101dina skulpt\u016bru nek\u0101 funkcion\u0101lu \u0113ku. Katra dab\u012bg\u0101 akmens fas\u0101des l\u012bnija ir izliekta, ar noapa\u013cotiem logiem un met\u0101la balkonu marg\u0101m, kas savijas augiem l\u012bdz\u012bg\u0101s form\u0101s. Pat jumtam ir vi\u013c\u0146ota forma, ko papildina dekorat\u012bvie skurste\u0146i. \u0112ku balsta rievotas arkas, kas bija paredz\u0113tas neso\u0161\u0101m vajadz\u012bb\u0101m, un \u0161\u012b iez\u012bme atkl\u0101j Gaudi k\u0101 b\u016bvin\u017eeniera \u0123enialit\u0101ti.<\/span><\/p>\n<p><span style=\"font-weight: 400;\">Apmekl\u0113t\u0101ji var izstaig\u0101t jumta terasi, lai tuvum\u0101 apl\u016bkotu d\u012bvainas formas rot\u0101tos skurste\u0146us. No jumta zonas apmekl\u0113t\u0101ji var v\u0113rot ar\u012b satrieco\u0161u skatu uz pils\u0113tu, no kura t\u0101lum\u0101 paveras skats uz Sagrada Familia bazn\u012bcu.<\/span><\/p>\n<p><span style=\"font-weight: 400;\">Casa Mil\u00e0 atrodas Katalonijas kult\u016bras centrs Fundaci\u00f3 Catalunya, kas visu gadu r\u012bko pas\u0101kumus, piem\u0113ram, lekcijas, deju izr\u0101des un m\u0101kslas izst\u0101des. Piemineklis ir atv\u0113rts sabiedr\u012bbai katru dienu, un to var apmekl\u0113t ar gida pal\u012bdz\u012bbu, k\u0101 ar\u012b ir pieejami audiogidi. Ekskursijas gida pavad\u012bb\u0101 ir pieejamas par da\u017e\u0101d\u0101m t\u0113m\u0101m, tostarp nakts ekskursijas ar gaismas \u0161ovu, m\u016bziku un atspirdzin\u0101jumiem.<\/span><\/p>\n<p><span style=\"font-weight: 400;\">Casa Mil\u00e0 ir labi iek\u0101rtota t\u016bristu uz\u0146em\u0161anai, taj\u0101 ir veikali\u0146i un restor\u0101ns Caf\u00e8 de la Pedrera, kas pusdien\u0101s un vakari\u0146\u0101s pied\u0101v\u0101 izsmalcin\u0101tus viet\u0113j\u0101s virtuves \u0113dienus.\u00a0<\/span><\/p>\n<h3 style=\"text-align: center;\"><b>Palau de la M\u00fasica Catalana (Katalonijas m\u016bzikas pils)<\/b><\/h3>\n<p><img decoding=\"async\" class=\"aligncenter size-large wp-image-12781\" src=\"https:\/\/new.tripthis.eu\/wp-content\/uploads\/2023\/02\/the-palau-de-la-musica-catalana-4403098_1920-1200x800.jpg\" alt=\"Palau de la M\u00fasica Catalana\" width=\"837\" height=\"558\" \/><\/p>\n<p><span style=\"font-weight: 400;\">Palau de la M\u00fasica Catalana, kas tika uzcelta 1905.-1908. gad\u0101 ir UNESCO sarakst\u0101 iek\u013caut\u0101 \u0113ka, un t\u0101 ir grezna j\u016bgendstila dekorat\u012bv\u0101 stila paraugs. Fas\u0101de ir p\u0101rbag\u0101ta ar sare\u017e\u0123\u012bt\u0101m moza\u012bk\u0101m, skulptur\u0101liem elementiem un izsmalcin\u0101tiem dzelzs darbiem.<\/span><\/p>\n<p><span style=\"font-weight: 400;\">Tikpat kr\u0101sains un kr\u0101\u0161\u0146s ir ar\u012b koncertz\u0101les iek\u0161telpu dekors. Ar j\u016bgendstila ziedu rakstiem un aug\u013cu mot\u012bviem izrot\u0101t\u0101, burv\u012bg\u0101 z\u0101le ir br\u012bni\u0161\u0137\u012bga vide muzik\u0101liem priek\u0161nesumiem. Koncertz\u0101le, kur\u0101 ir aptuveni 2200 s\u0113dvietu, ir vien\u012bg\u0101 auditorija Eirop\u0101, kas dienas gai\u0161aj\u0101 laik\u0101 ir piln\u012bb\u0101 izgaismota ar dabisko gaismu.<\/span><\/p>\n<p><span style=\"font-weight: 400;\">Ik kvadr\u0101tcentimetru koncertz\u0101les sienu un griestu kl\u0101j pievilc\u012bgi m\u0101kslas darbi. Griestu da\u013c\u0101 ir milz\u012bgs Antonija Rigalta veidots vitr\u0101\u017eas jumta logs, kura centr\u0101lais elements ir kupols zelta to\u0146os, kas ieskauj zilu kr\u0101su, kas atg\u0101dina sauli un debesis. Koncerta skatuvi rot\u0101 izsmalcin\u0101tas m\u016bzu skulpt\u016bras.<\/span><\/p>\n<p><span style=\"font-weight: 400;\">Palau de la M\u00fasica Catalana iek\u0161telpas ir iesp\u0113jams apskat\u012bt ar\u012b \u0101rpus koncertu izr\u0101d\u0113m, apmekl\u0113jot ekskursiju gida pavad\u012bb\u0101.<\/span><\/p>\n<h3 style=\"text-align: center;\"><b>Park G\u00fcell: Gaudi sirre\u0101listiskais parks<\/b><\/h3>\n<p><img loading=\"lazy\" decoding=\"async\" class=\"aligncenter size-large wp-image-12783\" src=\"https:\/\/new.tripthis.eu\/wp-content\/uploads\/2023\/02\/dorian-d1-aX5NLrKgRBc-unsplash-1200x927.jpg\" alt=\"park guell\" width=\"837\" height=\"647\" \/><\/p>\n<p><span style=\"font-weight: 400;\">Kr\u0101sainais un dz\u012bvespriec\u012bgais 19 hekt\u0101ru lielais kalna nog\u0101zes parks ar\u012b ir iek\u013cauts UNESCO Pasaules mantojuma sarakst\u0101. No 1900. l\u012bdz 1914. gadam izveidotaj\u0101 park\u0101 ir 12 hekt\u0101ru ainaviski veidoti d\u0101rzi ar Antonija Gaudi rad\u012btiem sirre\u0101listiskiem arhitekt\u016bras elementiem un 8 hekt\u0101ri neskartu me\u017eu.<\/span><\/p>\n<p><span style=\"font-weight: 400;\">D\u0101rza teritorij\u0101 izvietotas kr\u0101\u0161\u0146as str\u016bklakas, kolon\u0101des z\u0101le, l\u012bkumotas k\u0101pnes un da\u013c\u0113ji sl\u0113gtas atp\u016btas vietas. \u0160\u012bs rado\u0161\u0101s strukt\u016bras rot\u0101 ko\u0161as moza\u012bkas, kas veidotas no keramikas fragmentiem.<\/span><\/p>\n<p><span style=\"font-weight: 400;\">D\u0101rz\u0101 ir piknika vietas un iespaid\u012bga terase, no kuras paveras panor\u0101mas skats uz pils\u0113tu un j\u016bru. Gaudi pats m\u012bl\u0113ja \u0161o pils\u0113tas rajonu, t\u0101p\u0113c \u0161eit atrad\u0101s vi\u0146a m\u0101ja.<\/span><\/p>\n<p><span style=\"font-weight: 400;\">Gaudi m\u0101ja \u0161obr\u012bd kalpo k\u0101 muzejs (Casa Museu Gaudi), kur\u0101 Gaudi dz\u012bvoja gandr\u012bz divas desmitgades. Muzej\u0101 apmekl\u0113t\u0101ji var uzzin\u0101t par Gaudi dz\u012bvi un arhitekt\u016bras darbiem. Muzeja kolekcij\u0101 ir Gaudi projekt\u0113tie dekorat\u012bvie priek\u0161meti un m\u0113beles.<\/span><\/p>\n<p><span style=\"font-weight: 400;\">Lai apmekl\u0113tu parku, ir nepiecie\u0161amas ieejas bi\u013cetes. T\u0101 k\u0101 \u0161is ir viens no popul\u0101r\u0101kajiem t\u016brisma objektiem Barselon\u0101, ieteicams ierasties lok\u0101cij\u0101 laic\u012bgi, lai izvair\u012btos no p\u016b\u013ciem.<\/span><\/p>\n<h3 style=\"text-align: center;\"><b>Parc de Montju\u00efc\u00a0<\/b><\/h3>\n<p><img loading=\"lazy\" decoding=\"async\" class=\"aligncenter size-large wp-image-12784\" src=\"https:\/\/new.tripthis.eu\/wp-content\/uploads\/2023\/02\/kristijan-arsov-1ONaCadiOqY-unsplash-1200x734.jpg\" alt=\"Parc de Montju\u00efc\u00a0\" width=\"837\" height=\"512\" \/><\/p>\n<p><span style=\"font-weight: 400;\">\u0160is kalna virsotn\u0113 eso\u0161ais rajons atrodas vec\u0101s ebreju kaps\u0113tas viet\u0101, kas izskaidro t\u0101 nosaukumu &#8220;Mont Juic&#8221;, kas tulkojum\u0101 noz\u012bm\u0113 &#8220;Ebreju kalns&#8221;. Kalna nog\u0101ze atrodas 213 metrus virs j\u016bras, un t\u0101s virsotn\u0113 atrodas cietoksnis (Castell de Montjuic). \u0160o ainavisko apvidu vainago parks &#8211; Parc de Montju\u00efc.<\/span><\/p>\n<p><span style=\"font-weight: 400;\">Viena no galvenaj\u0101m Montju\u00efc apskates viet\u0101m ir Katalonijas Nacion\u0101lais m\u0101kslas muzejs (Museu Nacional d&#8217;Art de Catalunya). Muzejs atrodas Palau Nacional, un taj\u0101 dz\u012bvo izcil\u0101 Katalonijas m\u0101kslas kolekcija no 10. l\u012bdz 20. gadsimtam, kas ietver skulpt\u016bras, gleznas, z\u012bm\u0113jumus un fotogr\u0101fijas. Muzej\u0101 apskat\u0101ma ar\u012b Eiropas renesanses un baroka m\u0101ksla, k\u0101 ar\u012b modern\u0101s m\u0101kslas kolekcija, kur\u0101 iek\u013cauti avangarda darbi, kas tapu\u0161i p\u0113c Otr\u0101 pasaules kara.<\/span><\/p>\n<p><span style=\"font-weight: 400;\">Barselona ir viena no nedaudzaj\u0101m pils\u0113t\u0101m, kuru noteikti j\u0101apmekl\u0113 un kurai ir sava identit\u0101te. Barselon\u0101 ikviens atrad\u012bs, ko apl\u016bkot un par ko priec\u0101ties. Pils\u0113ta noteikti nav garlaic\u012bga.\u00a0\u00a0<\/span><\/p>","protected":false},"excerpt":{"rendered":"<p>Barselona ir satrieco\u0161a piej\u016bras pils\u0113ta, kas lepojas ar savu skaistumu un saulainu dz\u012bvesveidu. Kr\u0101\u0161\u0146\u0101s ainavas, elpu aizraujo\u0161a arhitekt\u016bra un lieliski kult\u016bras objekti ir vilino\u0161s galam\u0113r\u0137is. Protams, burv\u012bbu pie\u0161\u0137ir ar\u012b maigais Vidusj\u016bras klimats.<\/p>","protected":false},"author":20,"featured_media":12785,"comment_status":"open","ping_status":"open","sticky":false,"template":"","format":"standard","meta":{"post_subheading":"","post_intro_title":"","post_intro_text":"","post_1_gallery":[],"post_main_content":"","post_banner_title":"","post_banner_text":"","post_source":"","post_faq":[],"post_toc":[],"post_conversion_block":"","post_ai_summary":"","footnotes":""},"categories":[382],"tags":[390],"country":[],"class_list":["post-288006","post","type-post","status-publish","format-standard","has-post-thumbnail","hentry","category-blogs","tag-aviobiletes-uz-spaniju"],"_links":{"self":[{"href":"https:\/\/new.tripthis.eu\/en\/wp-json\/wp\/v2\/posts\/288006","targetHints":{"allow":["GET"]}}],"collection":[{"href":"https:\/\/new.tripthis.eu\/en\/wp-json\/wp\/v2\/posts"}],"about":[{"href":"https:\/\/new.tripthis.eu\/en\/wp-json\/wp\/v2\/types\/post"}],"author":[{"embeddable":true,"href":"https:\/\/new.tripthis.eu\/en\/wp-json\/wp\/v2\/users\/20"}],"replies":[{"embeddable":true,"href":"https:\/\/new.tripthis.eu\/en\/wp-json\/wp\/v2\/comments?post=288006"}],"version-history":[{"count":0,"href":"https:\/\/new.tripthis.eu\/en\/wp-json\/wp\/v2\/posts\/288006\/revisions"}],"wp:featuredmedia":[{"embeddable":true,"href":"https:\/\/new.tripthis.eu\/en\/wp-json\/wp\/v2\/media\/12785"}],"wp:attachment":[{"href":"https:\/\/new.tripthis.eu\/en\/wp-json\/wp\/v2\/media?parent=288006"}],"wp:term":[{"taxonomy":"category","embeddable":true,"href":"https:\/\/new.tripthis.eu\/en\/wp-json\/wp\/v2\/categories?post=288006"},{"taxonomy":"post_tag","embeddable":true,"href":"https:\/\/new.tripthis.eu\/en\/wp-json\/wp\/v2\/tags?post=288006"},{"taxonomy":"country","embeddable":true,"href":"https:\/\/new.tripthis.eu\/en\/wp-json\/wp\/v2\/country?post=288006"}],"curies":[{"name":"wp","href":"https:\/\/api.w.org\/{rel}","templated":true}]}}