{"id":287971,"date":"2022-05-15T07:10:45","date_gmt":"2022-05-15T04:10:45","guid":{"rendered":"https:\/\/tripthis.eu\/?p=12455"},"modified":"2022-05-15T07:10:45","modified_gmt":"2022-05-15T04:10:45","slug":"piecas-apskates-vietas-sevila","status":"publish","type":"post","link":"https:\/\/new.tripthis.eu\/en\/piecas-apskates-vietas-sevila\/","title":{"rendered":"Piecas apskates vietas Sevi\u013c\u0101"},"content":{"rendered":"<p><span style=\"font-weight: 400;\">Dodoties ce\u013cojum\u0101 uz Sevi\u013cu, j\u016bs var\u0113siet apskat\u012bt da\u017e\u0101dus iev\u0113rojamus t\u016brisma objektus un apskates vietas. Sevi\u013ca apbur apmekl\u0113t\u0101jus jau no br\u012b\u017ea, kad tiek sperti pirmie so\u013ci pa savdab\u012bgajiem bru\u0123a celi\u0146iem un palm\u0101m kl\u0101taj\u0101m promen\u0101d\u0113m. Elegant\u0101s celtnes, vecmod\u012bg\u0101s ielu lampas un zirgu paj\u016bgi rada burv\u012bgu atmosf\u0113ru.<\/span><\/p>\n<p><span style=\"font-weight: 400;\">Sevi\u013ca, kas p\u0101rpilna ar kult\u016bras objektiem, ir Sp\u0101nijas dienvidu Andal\u016bzijas re\u0123iona p\u0113rle. Atrodiet ieteikumus viet\u0101m, ko apmekl\u0113t, izmantojot m\u016bsu sarakstu!<\/span><\/p>\n<h3 style=\"text-align: center;\"><b>Sevi\u013cas katedr\u0101le (Catedral de Sevilla)<\/b><\/h3>\n<p><img fetchpriority=\"high\" decoding=\"async\" class=\"aligncenter size-large wp-image-12495\" src=\"https:\/\/new.tripthis.eu\/wp-content\/uploads\/2023\/02\/henrique-ferreira-62QRdDoe44M-unsplash-min-1200x800.jpg\" alt=\"Sevi\u013cas katedr\u0101le\" width=\"837\" height=\"558\" \/><\/p>\n<p><span style=\"font-weight: 400;\">Sevi\u013cas katedr\u0101le (Catedral de Sevilla) apmekl\u0113t\u0101jiem atst\u0101j neaizmirstamu iespaidu. T\u0101 ir pasaul\u0113 liel\u0101k\u0101 gotisk\u0101 katedr\u0101le, un \u0161is piemineklis ir nep\u0101rsp\u0113jams ar savu iespaid\u012bgo m\u0113rogu un m\u0101kslas d\u0101rgumu p\u0101rpiln\u012bbu. \u0160\u012b kr\u0101\u0161\u0146\u0101 kulta vieta, kas iek\u013cauta UNESCO Pasaules mantojuma sarakst\u0101, tika uzcelta laik\u0101 no 1402. l\u012bdz 1506. gadam pils\u0113tas galven\u0101s mo\u0161ejas viet\u0101.<\/span><\/p>\n<p><span style=\"font-weight: 400;\">Katedr\u0101les 93 metrus augstais zvanu tornis La Giralda ir Sevi\u013cas embl\u0113ma. Ieejot katedr\u0101l\u0113, apmekl\u0113t\u0101jus p\u0101rsteidz t\u0101s grandioz\u0101s proporcijas. \u0160\u012b milz\u012bg\u0101 telpa ir iespaid\u012bg\u0101kais gotikas interjers Sp\u0101nij\u0101.<\/span><\/p>\n<p><span style=\"font-weight: 400;\">Sevi\u013cas katedr\u0101li vislab\u0101k var\u0113siet apskat\u012bt, dodoties ekskursij\u0101 &#8220;Cathedral &amp; Alc\u00e1zar Skip-the-Line Tour&#8221;. \u0160aj\u0101 tr\u012bs stundu apmekl\u0113jum\u0101 neliel\u0101 grup\u0101 gida pavad\u012bb\u0101 j\u016bs ne tikai ietaup\u012bsiet laiku, izvairoties no rind\u0101m, bet ar\u012b uzzin\u0101siet vair\u0101k par Sevi\u013cas v\u0113sturi un UNESCO Pasaules mantojuma sarakst\u0101 iek\u013cautajiem pieminek\u013ciem.<\/span><\/p>\n<p><span style=\"font-weight: 400;\">Lai p\u0113c katedr\u0101les apmekl\u0113juma atp\u016bstos no apskates, dodieties uz Calle Sierpes, kas atrodas uz zieme\u013ciem no Plaza Nueva. \u0160\u012b \u0161aur\u0101 g\u0101j\u0113ju ieli\u0146a ir galven\u0101 Sevi\u013cas iepirk\u0161an\u0101s iela, kur\u0101 izvietoti veikali\u0146i, kafejn\u012bcas un restor\u0101ni.<\/span><\/p>\n<h3><b>Real Maestranza de Caballer\u00eda de Sevilla<\/b><\/h3>\n<p><span style=\"font-weight: 400;\">Real Maestranza de Caballer\u00eda de Sevilla ir viena no lab\u0101kaj\u0101m v\u0113r\u0161u ar\u0113n\u0101m Sp\u0101nij\u0101, un ar aptuveni 12 500 skat\u012bt\u0101ju viet\u0101m t\u0101 ir ar\u012b viena no liel\u0101kaj\u0101m.<\/span><\/p>\n<p><span style=\"font-weight: 400;\">T\u0101 ir 1761. gad\u0101 uzb\u016bv\u0113ta karalisk\u0101 v\u0113r\u0161u ar\u0113na, kas ir simbolisks Sevi\u013cas piemineklis. T\u0101s dizains ir izteikti baroka stil\u0101, ar ov\u0101las formas ri\u0146\u0137i, kas to padara patiesi unik\u0101lu. Ar\u0113nas gracioz\u0101s ark\u0101des ar s\u0113dviet\u0101m nodro\u0161ina pat\u012bkamu \u0113nu saulain\u0101s dien\u0101s. Sp\u0101nijas karalisk\u0101s \u0123imenes locek\u013ciem ir atv\u0113l\u0113ta \u012bpa\u0161a lo\u017ea &#8211; Palco del Pr\u00edncipe.<\/span><\/p>\n<p><span style=\"font-weight: 400;\">Karaliskaj\u0101 v\u0113r\u0161u ar\u0113n\u0101 atrodas muzejs ar tradicion\u0101lo matadoru t\u0113rpu kolekciju, k\u0101 ar\u012b fotogr\u0101fijas un gleznas, kas saist\u012btas ar dramatisko v\u0113r\u0161u c\u012b\u0146u m\u0101kslu. Izceltas ir Fransisko de Goijas grafikas un Ei\u017eenio Lukasa Velaskesa glezna &#8220;Cogida de Muerte de Pepe Hillo&#8221;. Muzeja apmekl\u0113jums sniedz ieskatu aizraujo\u0161aj\u0101 v\u0113r\u0161u c\u012b\u0146u mantojum\u0101.<\/span><\/p>\n<h3 style=\"text-align: center;\"><b>Metropol g\u0101j\u0113ju celi\u0146\u0161\u00a0<\/b><\/h3>\n<p><img decoding=\"async\" class=\"aligncenter size-large wp-image-12494\" src=\"https:\/\/new.tripthis.eu\/wp-content\/uploads\/2023\/02\/tom-podmore-4ZN5Ewa_OYQ-unsplash-min-1200x800.jpg\" alt=\"metropol g\u0101j\u0113ju ce\u013c\u0161\" width=\"837\" height=\"558\" \/><\/p>\n<p><span style=\"font-weight: 400;\">Lai apskat\u012btu Sevi\u013cas ainavu, dodieties uz Metropol Parasol g\u0101j\u0113ju celi\u0146u un skatu punktu. \u0160\u012b unik\u0101l\u0101 b\u016bve, ko izveidojis v\u0101cu arhitekts Jirgens Maijers un kas tika atkl\u0101ta 2011. gad\u0101, ir paz\u012bstama k\u0101 &#8220;Las Setas&#8221; (&#8220;S\u0113nes&#8221;), jo t\u0101s forma atg\u0101dina se\u0161as lielas s\u0113nes.<\/span><\/p>\n<p><span style=\"font-weight: 400;\">Pastaigu celi\u0146\u0161 un skatu punkts atrodas b\u016bves aug\u0161da\u013c\u0101 26 metru augstum\u0101 virs zemes, no kurienes paveras br\u012bni\u0161\u0137\u012bgs skats uz pils\u0113tas jumtiem un iev\u0113rojam\u0101m viet\u0101m. Zem\u0101k\u0101 l\u012bmen\u012b nek\u0101 pastaigu celi\u0146\u0161 atrodas tapu restor\u0101ns.<\/span><\/p>\n<h3><b>Casa de Pilatos<\/b><\/h3>\n<p><span style=\"font-weight: 400;\">Casa de Pilatos ir atz\u012bta par nacion\u0101lo pieminekli. \u0160\u012b izsmalcin\u0101t\u0101 pils savulaik bija aristokr\u0101tisk\u0101s Enrikesu de Riberu dzimtas priv\u0101t\u0101 rezidence.<\/span><\/p>\n<p><span style=\"font-weight: 400;\">\u0112kai ir Andal\u016bzijas arhitekt\u016brai rakstur\u012bgs centr\u0101lais pagalms, ko rot\u0101 kr\u0101sainas keramikas fl\u012bzes un ant\u012bkas skulpt\u016bras. Iev\u0113r\u012bbas cien\u012bgas ir ar\u012b galven\u0101s k\u0101pnes un priv\u0101t\u0101 kapela. Vis\u0101 m\u0101j\u0101 ir izvietota seno romie\u0161u skulpt\u016bru kolekcija.<\/span><\/p>\n<p><span style=\"font-weight: 400;\">T\u016bristiem ir pieejama iesp\u0113ja doties ekskursij\u0101 pa Casa de Pilatos. Ieejas cen\u0101 ir iek\u013cauts audiogids.<\/span><\/p>\n<h3><b>Barrio de Triana<\/b><\/h3>\n<p><span style=\"font-weight: 400;\">\u0160im Sevi\u013cas v\u0113sturiskajam kvart\u0101lam ir savs at\u0161\u0137ir\u012bgs raksturs un identit\u0101te. Pret\u012b upei, p\u0101ri Sevi\u013cas galvenaj\u0101m t\u016brisma apskates viet\u0101m, valda atmosf\u0113ra, kas atg\u0101dina pavisam citu, no\u0161\u0137irtu pasauli.<\/span><\/p>\n<p><span style=\"font-weight: 400;\">Tri\u0101nas kvart\u0101ls ir \u0161auru bru\u0123\u0113tu ieli\u0146u un aleju labirints, kas ved uz laukumiem, kuriem piem\u012bt sava \u012bpa\u0161\u0101 atmosf\u0113ra. Gadsimtiem ilgi \u0161\u012b kvart\u0101la iedz\u012bvot\u0101ji ir izmantoju\u0161i Gvadalkiviras upes krastos ieg\u016bto m\u0101lu, lai rad\u012btu autentisku Andal\u016bzijas keramiku.<\/span><\/p>\n<p><span style=\"font-weight: 400;\">Barrio de Triana keramikas darbn\u012bcas un veikali\u0146i, kas liel\u0101koties atrodas Calle Callao, Calle Antillano Campos un Calle Alfarer\u00eda, ir \u012bpa\u0161i slaveni ar keramikas fl\u012bz\u0113m, kuras rot\u0101 kr\u0101saini \u0123eometriskie raksti.<\/span><\/p>\n<p><span style=\"font-weight: 400;\">\u0160\u012b kvart\u0101la veikali\u0146os p\u0101rdod ar\u012b skaistus dekorat\u012bvus keramikas \u0161\u0137\u012bvjus, kr\u016bz\u012btes, serv\u012bzes un citus priek\u0161metus m\u0101jai. P\u0113c mazo veikali\u0146u apskates noteikti b\u016bsiet gatavi ietur\u0113t malt\u012bti k\u0101d\u0101 no apkaimes restor\u0101niem upes krast\u0101. Daudzos no tiem ir \u0101ra terases ar skatu uz Sevi\u013cas pieminek\u013ciem.<\/span><\/p>\n<p><span style=\"font-weight: 400;\">Pils\u0113ta ir atz\u012bta par vienu no Sp\u0101nijas burv\u012bg\u0101kaj\u0101m pils\u0113t\u0101m, t\u0101 ir paz\u012bstama vis\u0101 pasaul\u0113 ar savu kult\u016bru, pieminek\u013ciem un m\u0101kslas mantojumu, un t\u0101 ir slavena k\u0101 flamenko dzimtene, k\u0101 ar\u012b tiek uzskat\u012bta par slaveno Sp\u0101nijas tapas \u0113dienu izcelsmes vietu.<\/span><\/p>\n<p><span style=\"font-weight: 400;\">Sevi\u013ca ir \u013coti viegli pieejama pils\u0113ta. T\u0101s lidosta pied\u0101v\u0101 pla\u0161u starptautisko lidojumu kl\u0101stu, un ar \u0101trgaitas vilcieniem t\u0101 ir savienota ar daudz\u0101m pils\u0113t\u0101m vis\u0101 Eirop\u0101.\u00a0 Sevi\u013cas apmekl\u0113jums ir pieredze, ko nekad neaizmirs\u012bsiet!<\/span><\/p>\n<p>&nbsp;<\/p>","protected":false},"excerpt":{"rendered":"<p>Dodoties ce\u013cojum\u0101 uz Sevi\u013cu, j\u016bs var\u0113siet apskat\u012bt da\u017e\u0101dus iev\u0113rojamus t\u016brisma objektus un apskates vietas. Sevi\u013ca apbur apmekl\u0113t\u0101jus jau no br\u012b\u017ea, kad tiek sperti pirmie so\u013ci pa savdab\u012bgajiem bru\u0123a celi\u0146iem un palm\u0101m kl\u0101taj\u0101m promen\u0101d\u0113m. Elegant\u0101s celtnes, vecmod\u012bg\u0101s ielu lampas un zirgu paj\u016bgi rada burv\u012bgu atmosf\u0113ru.<\/p>","protected":false},"author":20,"featured_media":12493,"comment_status":"open","ping_status":"open","sticky":false,"template":"","format":"standard","meta":{"post_subheading":"","post_intro_title":"","post_intro_text":"","post_1_gallery":[],"post_main_content":"","post_banner_title":"","post_banner_text":"","post_source":"","post_faq":[],"post_toc":[],"post_conversion_block":"","post_ai_summary":"","footnotes":""},"categories":[382],"tags":[390],"country":[],"class_list":["post-287971","post","type-post","status-publish","format-standard","has-post-thumbnail","hentry","category-blogs","tag-aviobiletes-uz-spaniju"],"_links":{"self":[{"href":"https:\/\/new.tripthis.eu\/en\/wp-json\/wp\/v2\/posts\/287971","targetHints":{"allow":["GET"]}}],"collection":[{"href":"https:\/\/new.tripthis.eu\/en\/wp-json\/wp\/v2\/posts"}],"about":[{"href":"https:\/\/new.tripthis.eu\/en\/wp-json\/wp\/v2\/types\/post"}],"author":[{"embeddable":true,"href":"https:\/\/new.tripthis.eu\/en\/wp-json\/wp\/v2\/users\/20"}],"replies":[{"embeddable":true,"href":"https:\/\/new.tripthis.eu\/en\/wp-json\/wp\/v2\/comments?post=287971"}],"version-history":[{"count":0,"href":"https:\/\/new.tripthis.eu\/en\/wp-json\/wp\/v2\/posts\/287971\/revisions"}],"wp:featuredmedia":[{"embeddable":true,"href":"https:\/\/new.tripthis.eu\/en\/wp-json\/wp\/v2\/media\/12493"}],"wp:attachment":[{"href":"https:\/\/new.tripthis.eu\/en\/wp-json\/wp\/v2\/media?parent=287971"}],"wp:term":[{"taxonomy":"category","embeddable":true,"href":"https:\/\/new.tripthis.eu\/en\/wp-json\/wp\/v2\/categories?post=287971"},{"taxonomy":"post_tag","embeddable":true,"href":"https:\/\/new.tripthis.eu\/en\/wp-json\/wp\/v2\/tags?post=287971"},{"taxonomy":"country","embeddable":true,"href":"https:\/\/new.tripthis.eu\/en\/wp-json\/wp\/v2\/country?post=287971"}],"curies":[{"name":"wp","href":"https:\/\/api.w.org\/{rel}","templated":true}]}}