{"id":287940,"date":"2022-02-04T08:27:33","date_gmt":"2022-02-04T06:27:33","guid":{"rendered":"https:\/\/tripthis.eu\/?p=12058"},"modified":"2022-02-04T08:27:33","modified_gmt":"2022-02-04T06:27:33","slug":"wow-lidojumi-no-rigas-uz-sevilu-sakot-no-e51-turp-atpakal","status":"publish","type":"post","link":"https:\/\/new.tripthis.eu\/en\/wow-lidojumi-no-rigas-uz-sevilu-sakot-no-e51-turp-atpakal\/","title":{"rendered":"WOW! Lidojumi no R\u012bgas uz Sevi\u013cu s\u0101kot no \u20ac51 (turp-atpaka\u013c)"},"content":{"rendered":"<p style=\"text-align: justify;\">Izdev\u012bgi lidojumi no R\u012agas uz Sp\u0101nijas dienvidu pils\u0113tu Sevilju &#8211; s\u0101kot no <strong>\u20ac51 <\/strong>(turp-atpaka\u013c)!\u00a0Sevilja jeb Sevi\u013ca ir pils\u0113ta Sp\u0101nijas dienvidos, Gvadalkiviras upes krastos. Sp\u0101nijas dienvidu kult\u016bras, m\u0101kslas un finan\u0161u centrs. Andal\u016bzijas un Seviljas provinces galvaspils\u0113ta.\u00a0Sevilja slavena ar flamenko m\u016bziku, saldumiem un Sv\u0113t\u0101s ned\u0113\u013cas sv\u0113tku procesij\u0101m. Ce\u013cojuma laik\u0101 starp p\u0101r\u0113jiem apskates objektiem noteikti vajadz\u0113tu iek\u013caut Seviljas pili un t\u0101s kr\u0101\u0161\u0146o d\u0101rzu, Seviljas katedr\u0101li, Sp\u0101nijas laukumu un slaveno pulkste\u0146a torni &#8220;Giralda&#8221;.<\/p>\n<h3><strong>LIDOJUMU DATUMI:<\/strong><\/h3>\n<p><strong>Lidojums turp: R\u012bga &#8211;\u00a0 Eindhovena &#8211; Sevi\u013ca<\/strong><strong><br \/>\nLidojums atpaka\u013c : Sevi\u013ca &#8211; Londona &#8211; R\u012bga<br \/>\n<\/strong><\/p>\n<ul>\n<li><strong>07.03-15.03 \u20ac51 ar WIZZ Discount club karti, bez WDC \u20ac71 <\/strong>(9 dienas)<\/li>\n<li><strong>07.02-15.02 \u20ac52 ar WIZZ Discount club karti, bez WDC \u20ac72 <\/strong>(9 dienas)<\/li>\n<li><strong>07.02-22.02 \u20ac53 ar WIZZ Discount club karti, bez WDC \u20ac73 <\/strong>(16 dienas)<\/li>\n<li><strong>14.02-01.03 \u20ac54 ar WIZZ Discount club karti, bez WDC \u20ac74 <\/strong>(16 dienas)<\/li>\n<li><strong>14.02-22.02 \u20ac55 ar WIZZ Discount club karti, bez WDC \u20ac75 <\/strong>(9 dienas)<\/li>\n<li><span style=\"font-size: 14px;\">*Bi\u013ce\u0161u cenas var main\u012bties<\/span><\/li>\n<\/ul>\n<p style=\"text-align: left;\"><strong>Piem\u0113rs lidojumu cen\u0101m:<\/strong><\/p>\n<p><img fetchpriority=\"high\" decoding=\"async\" class=\"aligncenter size-full wp-image-12059\" src=\"https:\/\/new.tripthis.eu\/wp-content\/uploads\/2023\/02\/tiinkgfs.png\" alt=\"lidojumi uz sevi\u013cu\" width=\"917\" height=\"239\" \/><\/p>\n<h2 style=\"text-align: center;\"><strong>AVIOBI\u013bETES no R\u012bgas uz <\/strong><strong>eindhovenu un no londonas uz r\u012bgu<\/strong><strong> MEKL\u0112 <a href=\"http:\/\/wizzair.com\" target=\"_blank\" rel=\"noopener\">WIZZAIR M\u0100JASLAP\u0100<\/a><br \/>\nP\u0100r\u0113j\u0101s aviobi\u013cetes mekl\u0113 <a href=\"http:\/\/ryanair.com\" target=\"_blank\" rel=\"noopener\">RYANAIR M\u0100JASLAP\u0100<\/a><\/strong><\/h2>\n<h3><\/h3>\n<h3><strong>AUTO NOMAS PIED\u0100V\u0100JUMUS sevi\u013c\u0101 MEKL\u0112 \u0160EIT:<\/strong><\/h3>\n<p><script id=\"rc-connect\" src=\"http:\/\/www.rentalcars.com\/partners\/integrations\/connect\/connect.js\" data-container=\"rc-connect-container\" data-preflang=\"lv\" data-template=\"universal\" data-enable-return-checkbox=\"true\" data-primary=\"04819E\" data-affiliate-code=\"tripthis\" data-primary-text=\"000000\" data-hero-image=\"01\" data-form-bg=\"33CEc3\"><\/script><\/p>","protected":false},"excerpt":{"rendered":"<p>Izdev\u012bgi lidojumi no R\u012agas uz Sp\u0101nijas dienvidu pils\u0113tu Sevilju &#8211; s\u0101kot no \u20ac51 (turp-atpaka\u013c)!\u00a0Sevilja jeb Sevi\u013ca ir pils\u0113ta Sp\u0101nijas dienvidos, Gvadalkiviras upes krastos. Sp\u0101nijas dienvidu kult\u016bras, m\u0101kslas un finan\u0161u centrs. Andal\u016bzijas un Seviljas provinces galvaspils\u0113ta.\u00a0Sevilja slavena ar flamenko m\u016bziku, saldumiem un Sv\u0113t\u0101s ned\u0113\u013cas sv\u0113tku procesij\u0101m. Ce\u013cojuma laik\u0101 starp p\u0101r\u0113jiem apskates objektiem noteikti vajadz\u0113tu iek\u013caut Seviljas pili un t\u0101s kr\u0101\u0161\u0146o d\u0101rzu, Seviljas katedr\u0101li, Sp\u0101nijas laukumu un slaveno pulkste\u0146a torni &#8220;Giralda&#8221;.<\/p>","protected":false},"author":20,"featured_media":12060,"comment_status":"open","ping_status":"open","sticky":false,"template":"","format":"standard","meta":{"post_subheading":"","post_intro_title":"","post_intro_text":"","post_1_gallery":[],"post_main_content":"","post_banner_title":"","post_banner_text":"","post_source":"","post_faq":[],"post_toc":[],"post_conversion_block":"","post_ai_summary":"","footnotes":""},"categories":[383],"tags":[385,390,388],"country":[],"class_list":["post-287940","post","type-post","status-publish","format-standard","has-post-thumbnail","hentry","category-letas-aviobiletes","tag-ryanair","tag-aviobiletes-uz-spaniju","tag-wizzair-lidojumi"],"_links":{"self":[{"href":"https:\/\/new.tripthis.eu\/en\/wp-json\/wp\/v2\/posts\/287940","targetHints":{"allow":["GET"]}}],"collection":[{"href":"https:\/\/new.tripthis.eu\/en\/wp-json\/wp\/v2\/posts"}],"about":[{"href":"https:\/\/new.tripthis.eu\/en\/wp-json\/wp\/v2\/types\/post"}],"author":[{"embeddable":true,"href":"https:\/\/new.tripthis.eu\/en\/wp-json\/wp\/v2\/users\/20"}],"replies":[{"embeddable":true,"href":"https:\/\/new.tripthis.eu\/en\/wp-json\/wp\/v2\/comments?post=287940"}],"version-history":[{"count":0,"href":"https:\/\/new.tripthis.eu\/en\/wp-json\/wp\/v2\/posts\/287940\/revisions"}],"wp:featuredmedia":[{"embeddable":true,"href":"https:\/\/new.tripthis.eu\/en\/wp-json\/wp\/v2\/packages\/12060"}],"wp:attachment":[{"href":"https:\/\/new.tripthis.eu\/en\/wp-json\/wp\/v2\/media?parent=287940"}],"wp:term":[{"taxonomy":"category","embeddable":true,"href":"https:\/\/new.tripthis.eu\/en\/wp-json\/wp\/v2\/categories?post=287940"},{"taxonomy":"post_tag","embeddable":true,"href":"https:\/\/new.tripthis.eu\/en\/wp-json\/wp\/v2\/tags?post=287940"},{"taxonomy":"country","embeddable":true,"href":"https:\/\/new.tripthis.eu\/en\/wp-json\/wp\/v2\/country?post=287940"}],"curies":[{"name":"wp","href":"https:\/\/api.w.org\/{rel}","templated":true}]}}