{"id":287922,"date":"2022-01-15T17:00:18","date_gmt":"2022-01-15T15:00:18","guid":{"rendered":"https:\/\/tripthis.eu\/?p=11887"},"modified":"2022-01-15T17:00:18","modified_gmt":"2022-01-15T15:00:18","slug":"tiesie-lidojumi-no-rigas-uz-barselonu-sakot-no-e39-turp-atpakal","status":"publish","type":"post","link":"https:\/\/new.tripthis.eu\/en\/tiesie-lidojumi-no-rigas-uz-barselonu-sakot-no-e39-turp-atpakal\/","title":{"rendered":"Tie\u0161ie lidojumi no R\u012bgas uz Barselonu s\u0101kot no \u20ac39 (turp-atpaka\u013c)"},"content":{"rendered":"<p>Dodies uz vienu no Eiropas kr\u0101\u0161\u0146\u0101kaj\u0101m pils\u0113t\u0101m \u2013 Barselonu! Barselona\u00a0neatst\u0101s vienaldz\u012bgus Antonio Gaudi darbu cien\u012bt\u0101jus \u2013 \u00a0noteikti apmekl\u0113 Sv\u0113t\u0101s \u0122imenes (Sagrada Familia) bazn\u012bcu, kas tiek celta jau no 19.gadsimta 80.gadiem, bet v\u0113l arvien nav pabeigta, pasaku gr\u0101matu cien\u012bgo Gaudi parku (Parc Guell) un popul\u0101r\u0101s \u0113kas Casa Mila un Casa Batllo, savuk\u0101rt futbola cien\u012bt\u0101jiem \u012bpa\u0161i aizraujo\u0161s b\u016bs FC Barselona m\u0101jvietas \u2013 futbola stadiona Camp Nou apmekl\u0113jums.<\/p>\n<h3><strong>LIDOJUMU DATUMI:<\/strong><\/h3>\n<p><strong>Lidojums turp: R\u012bga \u2013 Barselona<\/strong><strong><br \/>\nLidojums atpaka\u013c : Barselona \u2013 R\u012bga<br \/>\n<\/strong><\/p>\n<ul style=\"list-style-type: circle;\">\n<li>07.02-21.02 \u20ac39 (15 dienas)<\/li>\n<li>07.02-14.02 \u20ac41 (8 dienas)<\/li>\n<li>04.02-14.02 \u20ac41 (11 dienas)<\/li>\n<li>28.01-31.01 \u20ac41 (4 dienas)<\/li>\n<li>17.01-24.01 \u20ac43 (8 dienas)<\/li>\n<li>*Bi\u013ce\u0161u cenas var main\u012bties<\/li>\n<\/ul>\n<p><strong>Piem\u0113rs bi\u013ce\u0161u cen\u0101m:<\/strong><\/p>\n<p><img fetchpriority=\"high\" decoding=\"async\" class=\"aligncenter size-large wp-image-11888\" src=\"https:\/\/new.tripthis.eu\/wp-content\/uploads\/2023\/02\/eelsfkldsf-1200x258.png\" alt=\"lidojumi uz barselonu\" width=\"837\" height=\"180\" \/><\/p>\n<p>&nbsp;<\/p>\n<p>&nbsp;<\/p>\n<h2 style=\"text-align: center;\">AVIOBI\u013bETES NO R\u012aGAS UZ barselonu MEKL\u0112 <a href=\"http:\/\/ryanair.com\" target=\"_blank\" rel=\"noopener\">RYANAIR M\u0100JASLAP\u0100<\/a><\/h2>\n<h3 style=\"text-align: center;\"><\/h3>\n<h3><strong>AUTO NOMAS PIED\u0100V\u0100JUMUS Barselon\u0100 MEKL\u0112 \u0160EIT:<\/strong><\/h3>\n<p><script id='rc-connect' src='http:\/\/www.rentalcars.com\/partners\/integrations\/connect\/connect.js' data-container='rc-connect-container' data-preflang='lv' data-template='universal' data-enable-return-checkbox='true' data-primary='04819E' data-affiliate-code='tripthis' data-primary-text='000000' data-hero-image='01' data-form-bg='33CEc3'><\/script><\/p>","protected":false},"excerpt":{"rendered":"<p>Dodies uz vienu no Eiropas kr\u0101\u0161\u0146\u0101kaj\u0101m pils\u0113t\u0101m \u2013 Barselonu! Barselona\u00a0neatst\u0101s vienaldz\u012bgus Antonio Gaudi darbu cien\u012bt\u0101jus \u2013 \u00a0noteikti apmekl\u0113 Sv\u0113t\u0101s \u0122imenes (Sagrada Familia) bazn\u012bcu, kas tiek celta jau no 19.gadsimta 80.gadiem, bet v\u0113l arvien nav pabeigta, pasaku gr\u0101matu cien\u012bgo Gaudi parku (Parc Guell) un popul\u0101r\u0101s \u0113kas Casa Mila un Casa Batllo, savuk\u0101rt futbola cien\u012bt\u0101jiem \u012bpa\u0161i aizraujo\u0161s b\u016bs FC Barselona m\u0101jvietas \u2013 futbola stadiona Camp Nou apmekl\u0113jums.<\/p>","protected":false},"author":20,"featured_media":10386,"comment_status":"open","ping_status":"open","sticky":false,"template":"","format":"standard","meta":{"post_subheading":"","post_intro_title":"","post_intro_text":"","post_1_gallery":[],"post_main_content":"","post_banner_title":"","post_banner_text":"","post_source":"","post_faq":[],"post_toc":[],"post_conversion_block":"","post_ai_summary":"","footnotes":""},"categories":[383],"tags":[385,390],"country":[],"class_list":["post-287922","post","type-post","status-publish","format-standard","has-post-thumbnail","hentry","category-letas-aviobiletes","tag-ryanair","tag-aviobiletes-uz-spaniju"],"_links":{"self":[{"href":"https:\/\/new.tripthis.eu\/en\/wp-json\/wp\/v2\/posts\/287922","targetHints":{"allow":["GET"]}}],"collection":[{"href":"https:\/\/new.tripthis.eu\/en\/wp-json\/wp\/v2\/posts"}],"about":[{"href":"https:\/\/new.tripthis.eu\/en\/wp-json\/wp\/v2\/types\/post"}],"author":[{"embeddable":true,"href":"https:\/\/new.tripthis.eu\/en\/wp-json\/wp\/v2\/users\/20"}],"replies":[{"embeddable":true,"href":"https:\/\/new.tripthis.eu\/en\/wp-json\/wp\/v2\/comments?post=287922"}],"version-history":[{"count":0,"href":"https:\/\/new.tripthis.eu\/en\/wp-json\/wp\/v2\/posts\/287922\/revisions"}],"wp:featuredmedia":[{"embeddable":true,"href":"https:\/\/new.tripthis.eu\/en\/wp-json\/wp\/v2\/hotel\/10386"}],"wp:attachment":[{"href":"https:\/\/new.tripthis.eu\/en\/wp-json\/wp\/v2\/media?parent=287922"}],"wp:term":[{"taxonomy":"category","embeddable":true,"href":"https:\/\/new.tripthis.eu\/en\/wp-json\/wp\/v2\/categories?post=287922"},{"taxonomy":"post_tag","embeddable":true,"href":"https:\/\/new.tripthis.eu\/en\/wp-json\/wp\/v2\/tags?post=287922"},{"taxonomy":"country","embeddable":true,"href":"https:\/\/new.tripthis.eu\/en\/wp-json\/wp\/v2\/country?post=287922"}],"curies":[{"name":"wp","href":"https:\/\/api.w.org\/{rel}","templated":true}]}}