{"id":287897,"date":"2021-12-05T12:25:24","date_gmt":"2021-12-05T10:25:24","guid":{"rendered":"https:\/\/tripthis.eu\/?p=11730"},"modified":"2021-12-05T12:25:24","modified_gmt":"2021-12-05T10:25:24","slug":"wow-lidojumi-no-rigas-uz-faro-sakot-no-e32-turp-atpakal","status":"publish","type":"post","link":"https:\/\/new.tripthis.eu\/en\/wow-lidojumi-no-rigas-uz-faro-sakot-no-e32-turp-atpakal\/","title":{"rendered":"WOW! Lidojumi no R\u012bgas uz Faro s\u0101kot no \u20ac32 (turp-atpaka\u013c)"},"content":{"rendered":"<p style=\"text-align: justify;\">Neticami izdev\u012bga cena lidojumiem no R\u012bgas uz Portug\u0101les dienvidos eso\u0161o pils\u0113tu Faro s\u0101kot no \u20ac32! Pils\u0113t\u0101 noteikti vajadz\u0113tu apskat\u012bt vecpils\u0113tu, doties apskat\u012bt bazn\u012bcas un katedr\u0101les (slaven\u0101k\u0101 no t\u0101m &#8211; Se katedr\u0101le), k\u0101 ar\u012b Eife\u013ca zivju tirgu, kuru ir projekt\u0113jis Gustavs Eifels (j\u0101, Eife\u013ca tor\u0146a arhitekts). Eife\u013ca zivju tirg\u016b noteikti tiksi pie iesp\u0113jas nogar\u0161ot svaigus un gardus zivju \u0113dienus!<\/p>\n<h3><strong>LIDOJUMU DATUMI:<\/strong><\/h3>\n<p><strong>Lidojums turp: R\u012bga &#8211;\u00a0 Londona &#8211; Faro<\/strong><strong><br \/>\nLidojums atpaka\u013c : Faro &#8211; Dublina &#8211; R\u012bga<br \/>\n<\/strong><\/p>\n<ul>\n<li><strong>08.12-14.12 \u20ac32 <\/strong>(7 dienas)<\/li>\n<li><strong>08.12-13.12 \u20ac32 <\/strong>(6 dienas)<\/li>\n<li><strong>07.12-14.12 \u20ac46 <\/strong>(8 dienas)<\/li>\n<li><strong>07.12-13.12 \u20ac46 <\/strong>(7 dienas)<\/li>\n<li><span style=\"font-size: 14px;\">*Bi\u013ce\u0161u cenas var main\u012bties<\/span><\/li>\n<\/ul>\n<p style=\"text-align: left;\"><strong>Piem\u0113rs lidojumu cen\u0101m:<\/strong><\/p>\n<p><img fetchpriority=\"high\" decoding=\"async\" class=\"aligncenter size-large wp-image-11732\" src=\"https:\/\/new.tripthis.eu\/wp-content\/uploads\/2023\/02\/jjhhjhjjkj-1200x319.png\" alt=\"lidojumi uz faro\" width=\"837\" height=\"223\" \/><\/p>\n<h2 style=\"text-align: center;\"><a href=\"http:\/\/ryanair.com\" target=\"_blank\" rel=\"noopener\"><strong>AVIOBI\u013bETES no R\u012bgas uz faro MEKL\u0112 ryanair m\u0101jaslap\u0101<\/strong><\/a><\/h2>\n<h3><\/h3>\n<h3><strong>AUTO NOMAS PIED\u0100V\u0100JUMUS faro MEKL\u0112 \u0160EIT:<\/strong><\/h3>\n<p><script id='rc-connect' src='http:\/\/www.rentalcars.com\/partners\/integrations\/connect\/connect.js' data-container='rc-connect-container' data-preflang='lv' data-template='universal' data-enable-return-checkbox='true' data-primary='04819E' data-affiliate-code='tripthis' data-primary-text='000000' data-hero-image='01' data-form-bg='33CEc3'><\/script><\/p>","protected":false},"excerpt":{"rendered":"<p>Neticami izdev\u012bga cena lidojumiem no R\u012bgas uz Portug\u0101les dienvidos eso\u0161o pils\u0113tu Faro s\u0101kot no \u20ac32! Pils\u0113t\u0101 noteikti vajadz\u0113tu apskat\u012bt vecpils\u0113tu, doties apskat\u012bt bazn\u012bcas un katedr\u0101les (slaven\u0101k\u0101 no t\u0101m &#8211; Se katedr\u0101le), k\u0101 ar\u012b Eife\u013ca zivju tirgu, kuru ir projekt\u0113jis Gustavs Eifels (j\u0101, Eife\u013ca tor\u0146a arhitekts). Eife\u013ca zivju tirg\u016b noteikti tiksi pie iesp\u0113jas nogar\u0161ot svaigus un gardus zivju \u0113dienus!<\/p>","protected":false},"author":20,"featured_media":11734,"comment_status":"open","ping_status":"open","sticky":false,"template":"","format":"standard","meta":{"post_subheading":"","post_intro_title":"","post_intro_text":"","post_1_gallery":[],"post_main_content":"","post_banner_title":"","post_banner_text":"","post_source":"","post_faq":[],"post_toc":[],"post_conversion_block":"","post_ai_summary":"","footnotes":""},"categories":[383],"tags":[389,385],"country":[],"class_list":["post-287897","post","type-post","status-publish","format-standard","has-post-thumbnail","hentry","category-letas-aviobiletes","tag-letas-aviobiletes-uz-portugali","tag-ryanair"],"_links":{"self":[{"href":"https:\/\/new.tripthis.eu\/en\/wp-json\/wp\/v2\/posts\/287897","targetHints":{"allow":["GET"]}}],"collection":[{"href":"https:\/\/new.tripthis.eu\/en\/wp-json\/wp\/v2\/posts"}],"about":[{"href":"https:\/\/new.tripthis.eu\/en\/wp-json\/wp\/v2\/types\/post"}],"author":[{"embeddable":true,"href":"https:\/\/new.tripthis.eu\/en\/wp-json\/wp\/v2\/users\/20"}],"replies":[{"embeddable":true,"href":"https:\/\/new.tripthis.eu\/en\/wp-json\/wp\/v2\/comments?post=287897"}],"version-history":[{"count":0,"href":"https:\/\/new.tripthis.eu\/en\/wp-json\/wp\/v2\/posts\/287897\/revisions"}],"wp:featuredmedia":[{"embeddable":true,"href":"https:\/\/new.tripthis.eu\/en\/wp-json\/wp\/v2\/media\/11734"}],"wp:attachment":[{"href":"https:\/\/new.tripthis.eu\/en\/wp-json\/wp\/v2\/media?parent=287897"}],"wp:term":[{"taxonomy":"category","embeddable":true,"href":"https:\/\/new.tripthis.eu\/en\/wp-json\/wp\/v2\/categories?post=287897"},{"taxonomy":"post_tag","embeddable":true,"href":"https:\/\/new.tripthis.eu\/en\/wp-json\/wp\/v2\/tags?post=287897"},{"taxonomy":"country","embeddable":true,"href":"https:\/\/new.tripthis.eu\/en\/wp-json\/wp\/v2\/country?post=287897"}],"curies":[{"name":"wp","href":"https:\/\/api.w.org\/{rel}","templated":true}]}}