{"id":287831,"date":"2021-09-15T21:16:19","date_gmt":"2021-09-15T18:16:19","guid":{"rendered":"https:\/\/tripthis.eu\/?p=11289"},"modified":"2021-09-15T21:16:19","modified_gmt":"2021-09-15T18:16:19","slug":"wow-tiesie-lidojumi-no-rigas-uz-briseli-sakot-no-e51-turp-atpakal","status":"publish","type":"post","link":"https:\/\/new.tripthis.eu\/en\/wow-tiesie-lidojumi-no-rigas-uz-briseli-sakot-no-e51-turp-atpakal\/","title":{"rendered":"WOW! Tie\u0161ie lidojumi no R\u012bgas uz Briseli s\u0101kot no \u20ac51 (turp-atpaka\u013c)"},"content":{"rendered":"<p>Izdev\u012bgi tie\u0161ie lidojumi no R\u012bgas uz Briseli s\u0101kot no \u20ac51 (turp-atpaka\u013c). Brisele ir pils\u0113ta Be\u013c\u0123ijas centr\u0101laj\u0101 da\u013c\u0101 un t\u0101 ir vienlaic\u012bgi gan liel\u0101k\u0101 pils\u0113ta, gan ar\u012b valsts galvaspils\u0113ta. Brisele tiek uzskat\u012bta ar\u012b par Eiropas Savien\u012bbas galvaspils\u0113tu, jo taj\u0101 atrodas divas no trim ES instit\u016bcij\u0101m &#8211; Eiropas Komisija un Eiropas Savien\u012bbas Padome. Starp pils\u0113tas iev\u0113rojam\u0101kajiem apskates objektiem Atomium 103 metrus augsta dzelzs atoma strukt\u016bras statuja, Dievm\u0101tes bazn\u012bca un Dievm\u0101tes kapella, k\u0101 ar\u012b pasaulslaven\u0101 statuja ar &#8220;mazo puis\u012bti&#8221;.<\/p>\n<h3><strong>LIDOJUMU DATUMI:<\/strong><\/h3>\n<p><strong>Lidojums turp: R\u012bga \u2013 Brisele<\/strong><strong><br \/>\nLidojums atpaka\u013c : Brisele \u2013 R\u012bga<br \/>\n<\/strong><\/p>\n<ul style=\"list-style-type: circle;\">\n<li>19.11-21.11 \u20ac51 (3 dienas)<\/li>\n<li>12.11-14.11 \u20ac51 (3 dienas)<\/li>\n<li>26.11-05.12 \u20ac51 (10 dienas)<\/li>\n<li>26.11-28.11 \u20ac51 (3 dienas)<\/li>\n<li>10.12-12.12 \u20ac51 (3 dienas)<\/li>\n<li>*Bi\u013ce\u0161u cenas var main\u012bties<\/li>\n<\/ul>\n<p><strong>Piem\u0113rs bi\u013ce\u0161u cen\u0101m:<\/strong><\/p>\n<p><img fetchpriority=\"high\" decoding=\"async\" class=\"aligncenter size-large wp-image-11292\" src=\"https:\/\/new.tripthis.eu\/wp-content\/uploads\/2023\/02\/sgfsdgsd-1200x263.png\" alt=\"lidojumi uz briseli\" width=\"837\" height=\"183\" \/><\/p>\n<h2 style=\"text-align: center;\">AVIOBI\u013bETES MEKL\u0112 ryanair m\u0101jaslap\u0101<\/h2>\n<h3 style=\"text-align: center;\"><\/h3>\n<h3><strong>AUTO NOMAS PIED\u0100V\u0100JUMUS brisel\u0113 MEKL\u0112 \u0160EIT:<\/strong><\/h3>\n<p><script id='rc-connect' src='http:\/\/www.rentalcars.com\/partners\/integrations\/connect\/connect.js' data-container='rc-connect-container' data-preflang='lv' data-template='universal' data-enable-return-checkbox='true' data-primary='04819E' data-affiliate-code='tripthis' data-primary-text='000000' data-hero-image='01' data-form-bg='33CEc3'><\/script><\/p>","protected":false},"excerpt":{"rendered":"<p>Izdev\u012bgi tie\u0161ie lidojumi no R\u012bgas uz Briseli s\u0101kot no \u20ac51 (turp-atpaka\u013c). Brisele ir pils\u0113ta Be\u013c\u0123ijas centr\u0101laj\u0101 da\u013c\u0101 un t\u0101 ir vienlaic\u012bgi gan liel\u0101k\u0101 pils\u0113ta, gan ar\u012b valsts galvaspils\u0113ta. Brisele tiek uzskat\u012bta ar\u012b par Eiropas Savien\u012bbas galvaspils\u0113tu, jo taj\u0101 atrodas divas no trim ES instit\u016bcij\u0101m &#8211; Eiropas Komisija un Eiropas Savien\u012bbas Padome. Starp pils\u0113tas iev\u0113rojam\u0101kajiem apskates objektiem Atomium 103 metrus augsta dzelzs atoma strukt\u016bras statuja, Dievm\u0101tes bazn\u012bca un Dievm\u0101tes kapella, k\u0101 ar\u012b pasaulslaven\u0101 statuja ar &#8220;mazo puis\u012bti&#8221;.<\/p>","protected":false},"author":20,"featured_media":11291,"comment_status":"open","ping_status":"open","sticky":false,"template":"","format":"standard","meta":{"post_subheading":"","post_intro_title":"","post_intro_text":"","post_1_gallery":[],"post_main_content":"","post_banner_title":"","post_banner_text":"","post_source":"","post_faq":[],"post_toc":[],"post_conversion_block":"","post_ai_summary":"","footnotes":""},"categories":[383],"tags":[442,385],"country":[],"class_list":["post-287831","post","type-post","status-publish","format-standard","has-post-thumbnail","hentry","category-letas-aviobiletes","tag-belgija","tag-ryanair"],"_links":{"self":[{"href":"https:\/\/new.tripthis.eu\/en\/wp-json\/wp\/v2\/posts\/287831","targetHints":{"allow":["GET"]}}],"collection":[{"href":"https:\/\/new.tripthis.eu\/en\/wp-json\/wp\/v2\/posts"}],"about":[{"href":"https:\/\/new.tripthis.eu\/en\/wp-json\/wp\/v2\/types\/post"}],"author":[{"embeddable":true,"href":"https:\/\/new.tripthis.eu\/en\/wp-json\/wp\/v2\/users\/20"}],"replies":[{"embeddable":true,"href":"https:\/\/new.tripthis.eu\/en\/wp-json\/wp\/v2\/comments?post=287831"}],"version-history":[{"count":0,"href":"https:\/\/new.tripthis.eu\/en\/wp-json\/wp\/v2\/posts\/287831\/revisions"}],"wp:featuredmedia":[{"embeddable":true,"href":"https:\/\/new.tripthis.eu\/en\/wp-json\/wp\/v2\/media\/11291"}],"wp:attachment":[{"href":"https:\/\/new.tripthis.eu\/en\/wp-json\/wp\/v2\/media?parent=287831"}],"wp:term":[{"taxonomy":"category","embeddable":true,"href":"https:\/\/new.tripthis.eu\/en\/wp-json\/wp\/v2\/categories?post=287831"},{"taxonomy":"post_tag","embeddable":true,"href":"https:\/\/new.tripthis.eu\/en\/wp-json\/wp\/v2\/tags?post=287831"},{"taxonomy":"country","embeddable":true,"href":"https:\/\/new.tripthis.eu\/en\/wp-json\/wp\/v2\/country?post=287831"}],"curies":[{"name":"wp","href":"https:\/\/api.w.org\/{rel}","templated":true}]}}