{"id":287824,"date":"2021-09-03T07:15:14","date_gmt":"2021-09-03T04:15:14","guid":{"rendered":"https:\/\/tripthis.eu\/?p=11242"},"modified":"2021-09-03T07:15:14","modified_gmt":"2021-09-03T04:15:14","slug":"lidojumi-no-rigas-uz-valensiju-septembri-sakot-no-e63-turp-atpakal","status":"publish","type":"post","link":"https:\/\/new.tripthis.eu\/en\/lidojumi-no-rigas-uz-valensiju-septembri-sakot-no-e63-turp-atpakal\/","title":{"rendered":"Lidojumi no R\u012bgas uz Valensiju septembr\u012b s\u0101kot no \u20ac63 (turp-atpaka\u013c)"},"content":{"rendered":"<p style=\"text-align: justify;\">Lidojumi no R\u012bgas uz Valensiju no\u00a0<strong>\u20ac63 (turp-atpaka\u013c)!<\/strong>\u00a0Valensij\u0101 saule sp\u012bd vid\u0113ji 320 dienas gad\u0101. Valensij\u0101 baudi tradicion\u0101lo valensie\u0161u paelju, atp\u016bties pie Vidusj\u016bras, apmekl\u0113 arhitekt\u016bras meistardarbu &#8211; M\u0101kslas un Zin\u0101tnes pils\u0113ti\u0146u, Sp\u0101nijas &#8216;Mazo Ven\u0113ciju&#8217; Port Saplaya, k\u0101 ar\u012b 9 kilometrus garo parku &#8211; \u00a0T\u016brijas d\u0101rzus, kas atrodas iz\u017euvu\u0161\u0101s upes T\u016brijas gultn\u0113. Vair\u0101k par Valensijas apskates objektiem\u00a0<a href=\"http:\/\/tripthis.eu\/blogi\/iemileties-valensija-tiesi-tik-vienkarsi\/\" target=\"_blank\" rel=\"noopener\">lasi \u0161eit.<\/a><\/p>\n<h3><strong>LIDOJUMU DATUMI:<\/strong><\/h3>\n<p><strong>Lidojums turp: R\u012bga &#8211;\u00a0 V\u012bne &#8211; Valensija<\/strong><strong><br \/>\nLidojums atpaka\u013c : Valensija &#8211; Londona &#8211; R\u012bga<br \/>\n<\/strong><\/p>\n<ul>\n<li><strong>17.09-22.09 \u20ac63 <\/strong>(6 dienas)<\/li>\n<li><strong>17.09-23.09 \u20ac71 <\/strong>(7 dienas)<\/li>\n<li><strong>17.09-24.09 \u20ac74 <\/strong>(8 dienas)<\/li>\n<li><span style=\"font-size: 14px;\">*Bi\u013ce\u0161u cenas var main\u012bties<\/span><\/li>\n<\/ul>\n<p style=\"text-align: left;\"><strong>Piem\u0113rs lidojumu cen\u0101m:<\/strong><\/p>\n<p><img fetchpriority=\"high\" decoding=\"async\" class=\"aligncenter size-large wp-image-11244\" src=\"https:\/\/new.tripthis.eu\/wp-content\/uploads\/2023\/02\/jdsjdslkds-1200x349.png\" alt=\"lidojumi uz valensiju\" width=\"837\" height=\"243\" \/><\/p>\n<h2 style=\"text-align: center;\"><a href=\"http:\/\/ryanair.com\" target=\"_blank\" rel=\"noopener\"><strong>AVIOBI\u013bETES no R\u012bgas uz valensiju MEKL\u0112 ryanair m\u0101jaslap\u0101<\/strong><\/a><\/h2>\n<h3><\/h3>\n<h3><strong>AUTO NOMAS PIED\u0100V\u0100JUMUS valensij\u0101 MEKL\u0112 \u0160EIT:<\/strong><\/h3>\n<p><script id='rc-connect' src='http:\/\/www.rentalcars.com\/partners\/integrations\/connect\/connect.js' data-container='rc-connect-container' data-preflang='lv' data-template='universal' data-enable-return-checkbox='true' data-primary='04819E' data-affiliate-code='tripthis' data-primary-text='000000' data-hero-image='01' data-form-bg='33CEc3'><\/script><\/p>","protected":false},"excerpt":{"rendered":"<p>Lidojumi no R\u012bgas uz Valensiju no\u00a0\u20ac63 (turp-atpaka\u013c)!\u00a0Valensij\u0101 saule sp\u012bd vid\u0113ji 320 dienas gad\u0101. Valensij\u0101 baudi tradicion\u0101lo valensie\u0161u paelju, atp\u016bties pie Vidusj\u016bras, apmekl\u0113 arhitekt\u016bras meistardarbu &#8211; M\u0101kslas un Zin\u0101tnes pils\u0113ti\u0146u, Sp\u0101nijas &#8216;Mazo Ven\u0113ciju&#8217; Port Saplaya, k\u0101 ar\u012b 9 kilometrus garo parku &#8211; \u00a0T\u016brijas d\u0101rzus, kas atrodas iz\u017euvu\u0161\u0101s upes T\u016brijas gultn\u0113.<\/p>","protected":false},"author":20,"featured_media":11247,"comment_status":"open","ping_status":"open","sticky":false,"template":"","format":"standard","meta":{"post_subheading":"","post_intro_title":"","post_intro_text":"","post_1_gallery":[],"post_main_content":"","post_banner_title":"","post_banner_text":"","post_source":"","post_faq":[],"post_toc":[],"post_conversion_block":"","post_ai_summary":"","footnotes":""},"categories":[383],"tags":[385,390],"country":[],"class_list":["post-287824","post","type-post","status-publish","format-standard","has-post-thumbnail","hentry","category-letas-aviobiletes","tag-ryanair","tag-aviobiletes-uz-spaniju"],"_links":{"self":[{"href":"https:\/\/new.tripthis.eu\/en\/wp-json\/wp\/v2\/posts\/287824","targetHints":{"allow":["GET"]}}],"collection":[{"href":"https:\/\/new.tripthis.eu\/en\/wp-json\/wp\/v2\/posts"}],"about":[{"href":"https:\/\/new.tripthis.eu\/en\/wp-json\/wp\/v2\/types\/post"}],"author":[{"embeddable":true,"href":"https:\/\/new.tripthis.eu\/en\/wp-json\/wp\/v2\/users\/20"}],"replies":[{"embeddable":true,"href":"https:\/\/new.tripthis.eu\/en\/wp-json\/wp\/v2\/comments?post=287824"}],"version-history":[{"count":0,"href":"https:\/\/new.tripthis.eu\/en\/wp-json\/wp\/v2\/posts\/287824\/revisions"}],"wp:featuredmedia":[{"embeddable":true,"href":"https:\/\/new.tripthis.eu\/en\/wp-json\/wp\/v2\/media\/11247"}],"wp:attachment":[{"href":"https:\/\/new.tripthis.eu\/en\/wp-json\/wp\/v2\/media?parent=287824"}],"wp:term":[{"taxonomy":"category","embeddable":true,"href":"https:\/\/new.tripthis.eu\/en\/wp-json\/wp\/v2\/categories?post=287824"},{"taxonomy":"post_tag","embeddable":true,"href":"https:\/\/new.tripthis.eu\/en\/wp-json\/wp\/v2\/tags?post=287824"},{"taxonomy":"country","embeddable":true,"href":"https:\/\/new.tripthis.eu\/en\/wp-json\/wp\/v2\/country?post=287824"}],"curies":[{"name":"wp","href":"https:\/\/api.w.org\/{rel}","templated":true}]}}