{"id":287815,"date":"2021-08-15T13:35:57","date_gmt":"2021-08-15T10:35:57","guid":{"rendered":"https:\/\/tripthis.eu\/?p=11164"},"modified":"2021-08-15T13:35:57","modified_gmt":"2021-08-15T10:35:57","slug":"lidojumi-no-rigas-uz-tenerifi-septembri-sakot-no-e135-turp-atpakal","status":"publish","type":"post","link":"https:\/\/new.tripthis.eu\/en\/lidojumi-no-rigas-uz-tenerifi-septembri-sakot-no-e135-turp-atpakal\/","title":{"rendered":"Lidojumi no R\u012bgas uz Tenerifi septembr\u012b s\u0101kot no \u20ac135 (turp-atpaka\u013c)"},"content":{"rendered":"<p style=\"text-align: justify;\">Dodies uz saulaino Tenerifi par izdev\u012bgu cenu! Tenerif\u0113 vasar\u0101 gaiss iesilst l\u012bdz pat +36 gr\u0101diem, kas padara \u0161o Kan\u0101riju salu par ide\u0101lu galam\u0113r\u0137i, lai peld\u0113tos Atlantijas oke\u0101n\u0101 un sau\u013cotos k\u0101d\u0101 no daudzaj\u0101m pludmal\u0113m. Vair\u0101k par Tenerifi lasi blog\u0101:<\/p>\n<p style=\"text-align: justify;\"><a href=\"http:\/\/tripthis.eu\/blogi\/vai-viegli-ir-uzkapt-vulkana\/\" target=\"_blank\" rel=\"noopener\">Vai viegli uzk\u0101pt tre\u0161aj\u0101 augst\u0101kaj\u0101 vulk\u0101n\u0101 pasaul\u0113?<\/a><\/p>\n<p style=\"text-align: justify;\"><a href=\"http:\/\/tripthis.eu\/blogi\/ja-vards-tenerifei-1-dala\/\" target=\"_blank\" rel=\"noopener\">&#8216;J\u0101&#8217; v\u0101rds m\u016b\u017e\u012bg\u0101 pavasara salai &#8211; Tenerifei (1.da\u013ca).\u00a0<\/a><\/p>\n<p style=\"text-align: justify;\"><a href=\"http:\/\/tripthis.eu\/blogi\/uz-kuru-no-kanariju-salam-doties-atvalinajuma\/\" target=\"_blank\" rel=\"noopener\">Uz kuru no Kan\u0101riju sal\u0101m doties atva\u013cin\u0101jum\u0101?<\/a><\/p>\n<h3><strong>LIDOJUMU DATUMI:<\/strong><\/h3>\n<p><strong>Lidojums turp: R\u012bga \u2013 Londona &#8211; Tenerife<\/strong><strong><br \/>\nLidojums atpaka\u013c : Tenerife &#8211; Londona \u2013 R\u012bga<br \/>\n<\/strong><\/p>\n<ul style=\"list-style-type: circle;\">\n<li>09.09-20.09 \u20ac135 (12 dienas)<\/li>\n<li>02.09-06.09 \u20ac139 (5 dienas)<\/li>\n<li>23.09-27.09 \u20ac145 (5 dienas)<\/li>\n<li>09.09-13.09 \u20ac146 (5 dienas)<\/li>\n<li>16.09-20.09 \u20ac147 (5 dienas)<\/li>\n<li>*Bi\u013ce\u0161u cenas var main\u012bties<\/li>\n<\/ul>\n<p><strong>Piem\u0113rs bi\u013ce\u0161u cen\u0101m:<\/strong><\/p>\n<p><img fetchpriority=\"high\" decoding=\"async\" class=\"aligncenter size-large wp-image-11167\" src=\"https:\/\/new.tripthis.eu\/wp-content\/uploads\/2023\/02\/ahfjshfasjk-1200x352.png\" alt=\"lidojumi uz tenerifi\" width=\"837\" height=\"246\" \/><\/p>\n<h2 style=\"text-align: center;\"><a href=\"http:\/\/ryanair.com\" target=\"_blank\" rel=\"noopener\">AVIOBI\u013bETES MEKL\u0112 RYANAIR M\u0100JASLAP\u0100<\/a><\/h2>\n<h3 style=\"text-align: center;\"><\/h3>\n<h3><strong>AUTO NOMAS PIED\u0100V\u0100JUMUS tenerif\u0113 MEKL\u0112 \u0160EIT:<\/strong><\/h3>\n<p><script id='rc-connect' src='http:\/\/www.rentalcars.com\/partners\/integrations\/connect\/connect.js' data-container='rc-connect-container' data-preflang='lv' data-template='universal' data-enable-return-checkbox='true' data-primary='04819E' data-affiliate-code='tripthis' data-primary-text='000000' data-hero-image='01' data-form-bg='33CEc3'><\/script><\/p>","protected":false},"excerpt":{"rendered":"<p>Dodies uz saulaino Tenerifi par izdev\u012bgu cenu! Tenerif\u0113 vasar\u0101 gaiss iesilst l\u012bdz pat +36 gr\u0101diem, kas padara \u0161o Kan\u0101riju salu par ide\u0101lu galam\u0113r\u0137i, lai peld\u0113tos Atlantijas oke\u0101n\u0101 un sau\u013cotos k\u0101d\u0101 no daudzaj\u0101m pludmal\u0113m. Vair\u0101k par Tenerifi lasi blog\u0101:<\/p>","protected":false},"author":20,"featured_media":11171,"comment_status":"open","ping_status":"open","sticky":false,"template":"","format":"standard","meta":{"post_subheading":"","post_intro_title":"","post_intro_text":"","post_1_gallery":[],"post_main_content":"","post_banner_title":"","post_banner_text":"","post_source":"","post_faq":[],"post_toc":[],"post_conversion_block":"","post_ai_summary":"","footnotes":""},"categories":[383],"tags":[385,390],"country":[],"class_list":["post-287815","post","type-post","status-publish","format-standard","has-post-thumbnail","hentry","category-letas-aviobiletes","tag-ryanair","tag-aviobiletes-uz-spaniju"],"_links":{"self":[{"href":"https:\/\/new.tripthis.eu\/en\/wp-json\/wp\/v2\/posts\/287815","targetHints":{"allow":["GET"]}}],"collection":[{"href":"https:\/\/new.tripthis.eu\/en\/wp-json\/wp\/v2\/posts"}],"about":[{"href":"https:\/\/new.tripthis.eu\/en\/wp-json\/wp\/v2\/types\/post"}],"author":[{"embeddable":true,"href":"https:\/\/new.tripthis.eu\/en\/wp-json\/wp\/v2\/users\/20"}],"replies":[{"embeddable":true,"href":"https:\/\/new.tripthis.eu\/en\/wp-json\/wp\/v2\/comments?post=287815"}],"version-history":[{"count":0,"href":"https:\/\/new.tripthis.eu\/en\/wp-json\/wp\/v2\/posts\/287815\/revisions"}],"wp:featuredmedia":[{"embeddable":true,"href":"https:\/\/new.tripthis.eu\/en\/wp-json\/wp\/v2\/packages\/11171"}],"wp:attachment":[{"href":"https:\/\/new.tripthis.eu\/en\/wp-json\/wp\/v2\/media?parent=287815"}],"wp:term":[{"taxonomy":"category","embeddable":true,"href":"https:\/\/new.tripthis.eu\/en\/wp-json\/wp\/v2\/categories?post=287815"},{"taxonomy":"post_tag","embeddable":true,"href":"https:\/\/new.tripthis.eu\/en\/wp-json\/wp\/v2\/tags?post=287815"},{"taxonomy":"country","embeddable":true,"href":"https:\/\/new.tripthis.eu\/en\/wp-json\/wp\/v2\/country?post=287815"}],"curies":[{"name":"wp","href":"https:\/\/api.w.org\/{rel}","templated":true}]}}