{"id":287789,"date":"2021-07-01T20:26:02","date_gmt":"2021-07-01T17:26:02","guid":{"rendered":"https:\/\/tripthis.eu\/?p=10474"},"modified":"2021-07-01T20:26:02","modified_gmt":"2021-07-01T17:26:02","slug":"wow-lidojumi-no-rigas-uz-lisabonu-julija-sakot-no-e24-turp-atpakal","status":"publish","type":"post","link":"https:\/\/new.tripthis.eu\/en\/wow-lidojumi-no-rigas-uz-lisabonu-julija-sakot-no-e24-turp-atpakal\/","title":{"rendered":"WOW! Lidojumi no R\u012bgas uz Lisabonu j\u016blij\u0101 s\u0101kot no \u20ac24 (turp-atpaka\u013c)"},"content":{"rendered":"<p>Aviobi\u013cetes lidojumiem no R\u012bgas uz Lisabonu &#8211; s\u0101kot no \u20ac24 (turp-atpaka\u013c). Lisabona\u00a0 ir Portug\u0101les galvaspils\u0113ta un liel\u0101k\u0101 pils\u0113ta\u00a0 Lisabona ir vist\u0101l\u0101k rietumos eso\u0161\u0101 liel\u0101 pils\u0113ta Eirop\u0101, k\u0101 ar\u012b vist\u0101l\u0101k eso\u0161\u0101 galvaspils\u0113ta un vien\u012bg\u0101 Atlantijas oke\u0101na krast\u0101. Lisabon\u0101 noteikti apskati Austrumu staciju, Santa \u017dusta liftu, kas savieno divus pils\u0113tas rajonus, San\u017eor\u017ee pili, Vasko da Gammas torni un \u017deron\u012bma klosteri.<\/p>\n<h3><strong>LIDOJUMU DATUMI:<\/strong><\/h3>\n<p><strong>Lidojums turp: R\u012bga &#8211;\u00a0 Londona &#8211; Lisabona<\/strong><strong><br \/>\nLidojums atpaka\u013c : Lisabona &#8211; Londona &#8211; R\u012bga<br \/>\n<\/strong><\/p>\n<ul>\n<li><a href=\"http:\/\/www.kiwi.com\/deep?affilid=tripthis\u00a4cy=EUR&amp;departure=2021-07-05&amp;from=RIX&amp;lang=en&amp;passengers=1&amp;return=2021-07-12&amp;to=LIS\" target=\"_blank\" rel=\"noopener\"><strong>05.07-12.07 \u20ac24 <\/strong>(8 dienas)<\/a><\/li>\n<li><a href=\"http:\/\/www.kiwi.com\/deep?affilid=tripthis\u00a4cy=EUR&amp;departure=2021-07-07&amp;from=RIX&amp;lang=en&amp;passengers=1&amp;return=2021-07-12&amp;to=LIS\" target=\"_blank\" rel=\"noopener\"><strong>07.07-12.07 \u20ac24 <\/strong>(6 dienas)<\/a><\/li>\n<li><a href=\"http:\/\/www.kiwi.com\/deep?affilid=tripthis\u00a4cy=EUR&amp;departure=2021-07-09&amp;from=RIX&amp;lang=en&amp;passengers=1&amp;return=2021-07-13&amp;to=LIS\" target=\"_blank\" rel=\"noopener\"><strong>09.07-13.07 \u20ac24 <\/strong>(5 dienas)<\/a><\/li>\n<li><a href=\"http:\/\/www.kiwi.com\/deep?affilid=tripthis\u00a4cy=EUR&amp;departure=2021-07-05&amp;from=RIX&amp;lang=en&amp;passengers=1&amp;return=2021-07-11&amp;to=LIS\" target=\"_blank\" rel=\"noopener\"><strong>05.07-11.07 \u20ac24 <\/strong>(7 dienas)<\/a><\/li>\n<li><span style=\"font-size: 14px;\">*Bi\u013ce\u0161u cenas var main\u012bties<\/span><\/li>\n<\/ul>\n<p style=\"text-align: left;\"><strong>Piem\u0113rs lidojumu cen\u0101m:<\/strong><\/p>\n<p><a href=\"http:\/\/www.kiwi.com\/deep?affilid=tripthis\u00a4cy=EUR&amp;departure=2021-07-05&amp;from=RIX&amp;lang=en&amp;passengers=1&amp;return=2021-07-12&amp;to=LIS\" target=\"_blank\" rel=\"noopener\"><img fetchpriority=\"high\" decoding=\"async\" class=\"aligncenter wp-image-10476 size-full\" src=\"https:\/\/new.tripthis.eu\/wp-content\/uploads\/2023\/02\/Riga_-%E2%80%93-Lisbon_-trips.png\" alt=\"lidojumi uz lisabonu\" width=\"874\" height=\"525\" \/><\/a><\/p>\n<h2 style=\"text-align: center;\"><a href=\"http:\/\/www.kiwi.com\/deep?affilid=tripthis\u00a4cy=EUR&amp;departure=2021-07-05&amp;from=RIX&amp;lang=en&amp;passengers=1&amp;return=2021-07-12&amp;to=LIS\" target=\"_blank\" rel=\"noopener\"><strong>AVIOBI\u013bETES no R\u012bgas uz lisabonu MEKL\u0112 \u0161eit<\/strong><\/a><\/h2>\n<h3><\/h3>\n<h3><strong>AUTO NOMAS PIED\u0100V\u0100JUMUS lisabon\u0101 MEKL\u0112 \u0160EIT:<\/strong><\/h3>\n<p><script id='rc-connect' src='http:\/\/www.rentalcars.com\/partners\/integrations\/connect\/connect.js' data-container='rc-connect-container' data-preflang='lv' data-template='universal' data-enable-return-checkbox='true' data-primary='04819E' data-affiliate-code='tripthis' data-primary-text='000000' data-hero-image='01' data-form-bg='33CEc3'><\/script><\/p>","protected":false},"excerpt":{"rendered":"<p>Aviobi\u013cetes lidojumiem no R\u012bgas uz Lisabonu &#8211; s\u0101kot no \u20ac24 (turp-atpaka\u013c). Lisabona\u00a0 ir Portug\u0101les galvaspils\u0113ta un liel\u0101k\u0101 pils\u0113ta.<\/p>","protected":false},"author":20,"featured_media":10481,"comment_status":"open","ping_status":"open","sticky":false,"template":"","format":"standard","meta":{"post_subheading":"","post_intro_title":"","post_intro_text":"","post_1_gallery":[],"post_main_content":"","post_banner_title":"","post_banner_text":"","post_source":"","post_faq":[],"post_toc":[],"post_conversion_block":"","post_ai_summary":"","footnotes":""},"categories":[383],"tags":[389,385],"country":[],"class_list":["post-287789","post","type-post","status-publish","format-standard","has-post-thumbnail","hentry","category-letas-aviobiletes","tag-letas-aviobiletes-uz-portugali","tag-ryanair"],"_links":{"self":[{"href":"https:\/\/new.tripthis.eu\/en\/wp-json\/wp\/v2\/posts\/287789","targetHints":{"allow":["GET"]}}],"collection":[{"href":"https:\/\/new.tripthis.eu\/en\/wp-json\/wp\/v2\/posts"}],"about":[{"href":"https:\/\/new.tripthis.eu\/en\/wp-json\/wp\/v2\/types\/post"}],"author":[{"embeddable":true,"href":"https:\/\/new.tripthis.eu\/en\/wp-json\/wp\/v2\/users\/20"}],"replies":[{"embeddable":true,"href":"https:\/\/new.tripthis.eu\/en\/wp-json\/wp\/v2\/comments?post=287789"}],"version-history":[{"count":0,"href":"https:\/\/new.tripthis.eu\/en\/wp-json\/wp\/v2\/posts\/287789\/revisions"}],"wp:featuredmedia":[{"embeddable":true,"href":"https:\/\/new.tripthis.eu\/en\/wp-json\/"}],"wp:attachment":[{"href":"https:\/\/new.tripthis.eu\/en\/wp-json\/wp\/v2\/media?parent=287789"}],"wp:term":[{"taxonomy":"category","embeddable":true,"href":"https:\/\/new.tripthis.eu\/en\/wp-json\/wp\/v2\/categories?post=287789"},{"taxonomy":"post_tag","embeddable":true,"href":"https:\/\/new.tripthis.eu\/en\/wp-json\/wp\/v2\/tags?post=287789"},{"taxonomy":"country","embeddable":true,"href":"https:\/\/new.tripthis.eu\/en\/wp-json\/wp\/v2\/country?post=287789"}],"curies":[{"name":"wp","href":"https:\/\/api.w.org\/{rel}","templated":true}]}}