{"id":287034,"date":"2025-09-16T11:05:20","date_gmt":"2025-09-16T11:05:20","guid":{"rendered":"https:\/\/tripthis.eu\/?p=287034"},"modified":"2025-09-16T11:05:20","modified_gmt":"2025-09-16T11:05:20","slug":"leti-lidojumi-no-rigas-uz-faro-portugale-sakot-no-e100-turp-atpakal-viesnica-faro-par-e55-diennakti","status":"publish","type":"post","link":"https:\/\/new.tripthis.eu\/en\/leti-lidojumi-no-rigas-uz-faro-portugale-sakot-no-e100-turp-atpakal-viesnica-faro-par-e55-diennakti\/","title":{"rendered":"Cheap flights from Riga to Faro (Portugal) from \u20ac100 (return) + hotel in Faro for \u20ac55 per night!"},"content":{"rendered":"<p>Izdev\u012bga cena lidojumiem no R\u012bgas uz Portug\u0101les dienvidos eso\u0161o pils\u0113tu Faro s\u0101kot no<strong> \u20ac100 (turp-atpaka\u013c)<\/strong>! Pils\u0113t\u0101 noteikti vajadz\u0113tu apskat\u012bt vecpils\u0113tu, doties apskat\u012bt bazn\u012bcas un katedr\u0101les (slaven\u0101k\u0101 no t\u0101m &#8211; Se katedr\u0101le), k\u0101 ar\u012b Eife\u013ca zivju tirgu, kuru ir projekt\u0113jis Gustavs Eifels (j\u0101, Eife\u013ca tor\u0146a arhitekts). Eife\u013ca zivju tirg\u016b noteikti tiksi pie iesp\u0113jas nogar\u0161ot svaigus un gardus zivju \u0113dienus!<\/p>\n<p>Vair\u0101k par apskates viet\u0101m Faro un t\u0101s apk\u0101rtn\u0113 mekl\u0113 m\u016bsu rakst\u0101 <a href=\"https:\/\/new.tripthis.eu\/blogi\/apskates-vietas-faro-lagosa-albufeira-un-tas-apkartne\/\" target=\"_blank\" rel=\"noopener\">\u0161eit.<\/a><\/p>\n<h3><strong>LIDOJUMU DATUMI:<\/strong><\/h3>\n<p><strong>Lidojums turp: R\u012bga &#8211; Londona &#8211; Faro<\/strong><strong><br \/>\nLidojums atpaka\u013c : Faro &#8211; Londona &#8211; R\u012bga<br \/>\n<\/strong><\/p>\n<ul style=\"list-style-type: circle;\">\n<li><a href=\"https:\/\/skyscanner.pxf.io\/kOKO6L\" target=\"_blank\" rel=\"noopener\">06.11 &#8211; 12.11 \u20ac100 (7 dienas)<\/a><\/li>\n<li><a href=\"https:\/\/skyscanner.pxf.io\/19Y9v9\" target=\"_blank\" rel=\"noopener\">03.11 &#8211; 06.11 \u20ac120 (4 dienas)<\/a><\/li>\n<li><a href=\"https:\/\/skyscanner.pxf.io\/JK6KMq\" target=\"_blank\" rel=\"noopener\">10.11 &#8211; 14.11 \u20ac120 (5 dienas)<\/a><\/li>\n<li><a href=\"https:\/\/skyscanner.pxf.io\/gOnOxA\" target=\"_blank\" rel=\"noopener\">16.11 &#8211; 22.11 \u20ac122 (7 dienas)<\/a><\/li>\n<li><a href=\"https:\/\/skyscanner.pxf.io\/o4K4kO\" target=\"_blank\" rel=\"noopener\">20.11 &#8211; 25.11 \u20ac122 (6 dienas)<\/a><\/li>\n<li><span style=\"font-size: 14px;\">*Bi\u013ce\u0161u cenas var main\u012bties<\/span><\/li>\n<\/ul>\n<p><strong>Piem\u0113rs bi\u013ce\u0161u cen\u0101m:<\/strong><\/p>\n<p><a href=\"https:\/\/skyscanner.pxf.io\/kOKO6L\" target=\"_blank\" rel=\"noopener\"><img fetchpriority=\"high\" decoding=\"async\" class=\"alignnone wp-image-287035 size-full\" src=\"https:\/\/new.tripthis.eu\/wp-content\/uploads\/2025\/09\/Screenshot-2025-09-16-131636.png\" alt=\"L\u0113tas aviobi\u013cetes uz Faro Portug\u0101l\u0113\" width=\"594\" height=\"147\" \/><\/a><\/p>\n<h2 style=\"text-align: center;\"><a href=\"https:\/\/skyscanner.pxf.io\/kOKO6L\" target=\"_blank\" rel=\"noopener\">Aviobi\u013cetes mekl\u0113 \u0161eit<\/a><\/h2>\n<p>&nbsp;<\/p>\n<p style=\"text-align: center;\"><a href=\"https:\/\/booking.tp.st\/IvelrGhm\" target=\"_blank\" rel=\"noopener\"><img decoding=\"async\" class=\"alignnone wp-image-287037 size-full\" src=\"https:\/\/new.tripthis.eu\/wp-content\/uploads\/2025\/09\/Screenshot-2025-09-16-140357.png\" alt=\"L\u0113tas aviobi\u013cetes uz Faro Portug\u0101l\u0113\" width=\"726\" height=\"238\" \/><\/a><\/p>\n<h2 style=\"text-align: center;\"><a href=\"https:\/\/booking.tp.st\/IvelrGhm\" target=\"_blank\" rel=\"noopener\">Viesn\u012bca Faro par \u20ac55 diennakt\u012b! Pied\u0101v\u0101jumu mekl\u0113 \u0161eit!<\/a><\/h2>\n<p>[INSERT_ELEMENTOR id=&#8221;23936&#8243;]<\/p>\n","protected":false},"excerpt":{"rendered":"<p>Izdev\u012bga cena lidojumiem no R\u012bgas uz Portug\u0101les dienvidos eso\u0161o pils\u0113tu Faro s\u0101kot no \u20ac100 (turp-atpaka\u013c)! Pils\u0113t\u0101 noteikti vajadz\u0113tu apskat\u012bt vecpils\u0113tu, doties apskat\u012bt bazn\u012bcas un katedr\u0101les (slaven\u0101k\u0101 no t\u0101m &#8211; Se katedr\u0101le), k\u0101 ar\u012b Eife\u013ca zivju tirgu, kuru ir projekt\u0113jis Gustavs Eifels (j\u0101, Eife\u013ca tor\u0146a arhitekts). Eife\u013ca zivju tirg\u016b noteikti tiksi pie iesp\u0113jas nogar\u0161ot svaigus un [&hellip;]<\/p>\n","protected":false},"author":20,"featured_media":284097,"comment_status":"closed","ping_status":"closed","sticky":false,"template":"","format":"standard","meta":{"post_subheading":"","post_intro_title":"","post_intro_text":"","post_1_gallery":[],"post_main_content":"","post_banner_title":"","post_banner_text":"","post_source":"","post_faq":[],"post_toc":[],"post_conversion_block":"","post_ai_summary":"","footnotes":""},"categories":[383],"tags":[800,446,508,564,389,385],"country":[],"class_list":["post-287034","post","type-post","status-publish","format-standard","has-post-thumbnail","hentry","category-letas-aviobiletes","tag-800","tag-easyjet","tag-faro","tag-novembris","tag-letas-aviobiletes-uz-portugali","tag-ryanair"],"_links":{"self":[{"href":"https:\/\/new.tripthis.eu\/en\/wp-json\/wp\/v2\/posts\/287034","targetHints":{"allow":["GET"]}}],"collection":[{"href":"https:\/\/new.tripthis.eu\/en\/wp-json\/wp\/v2\/posts"}],"about":[{"href":"https:\/\/new.tripthis.eu\/en\/wp-json\/wp\/v2\/types\/post"}],"author":[{"embeddable":true,"href":"https:\/\/new.tripthis.eu\/en\/wp-json\/wp\/v2\/users\/20"}],"replies":[{"embeddable":true,"href":"https:\/\/new.tripthis.eu\/en\/wp-json\/wp\/v2\/comments?post=287034"}],"version-history":[{"count":0,"href":"https:\/\/new.tripthis.eu\/en\/wp-json\/wp\/v2\/posts\/287034\/revisions"}],"wp:featuredmedia":[{"embeddable":true,"href":"https:\/\/new.tripthis.eu\/en\/wp-json\/"}],"wp:attachment":[{"href":"https:\/\/new.tripthis.eu\/en\/wp-json\/wp\/v2\/media?parent=287034"}],"wp:term":[{"taxonomy":"category","embeddable":true,"href":"https:\/\/new.tripthis.eu\/en\/wp-json\/wp\/v2\/categories?post=287034"},{"taxonomy":"post_tag","embeddable":true,"href":"https:\/\/new.tripthis.eu\/en\/wp-json\/wp\/v2\/tags?post=287034"},{"taxonomy":"country","embeddable":true,"href":"https:\/\/new.tripthis.eu\/en\/wp-json\/wp\/v2\/country?post=287034"}],"curies":[{"name":"wp","href":"https:\/\/api.w.org\/{rel}","templated":true}]}}