{"id":287027,"date":"2025-09-15T07:57:34","date_gmt":"2025-09-15T07:57:34","guid":{"rendered":"https:\/\/tripthis.eu\/?p=287027"},"modified":"2025-09-15T07:57:34","modified_gmt":"2025-09-15T07:57:34","slug":"riga-aviation-forum-on-thursday","status":"publish","type":"post","link":"https:\/\/new.tripthis.eu\/en\/riga-aviation-forum-on-thursday\/","title":{"rendered":"Aviation Forum in Riga on Thursday"},"content":{"rendered":"<p>R\u012bga, 15.sept., LETA. Konferen\u010du centr\u0101 &#8220;ATTA centrs&#8221; ceturtdien, 18.septembr\u012b, notiks R\u012bgas Avi\u0101cijas forums, a\u0123ent\u016bru LETA inform\u0113ja Latvijas Avi\u0101cijas asoci\u0101cijas valdes priek\u0161s\u0113d\u0113t\u0101js Zigm\u0101rs Vestf\u0101ls.<\/p>\n<p>Avi\u0101cijas konferenc\u0113 piedal\u012bsies Eiropas un Baltijas avi\u0101cijas uz\u0146\u0113mumu vad\u012bt\u0101ji un eksperti, kuri spried\u012bs par nozares izaicin\u0101jumiem un tendenc\u0113m Baltij\u0101, Eirop\u0101 un pasaul\u0113, \u012bpa\u0161i piev\u0113r\u0161oties t\u0101d\u0101m t\u0113m\u0101m k\u0101 avi\u0101cijas ilgtsp\u0113ja, m\u0101ksl\u012bg\u0101 intelekta pielietojums avi\u0101cij\u0101, biznesa notur\u012bba, \u0123eopolitiskie riski un civilmilit\u0101r\u0101 sadarb\u012bba.<\/p>\n<p>Glob\u0101l\u0101s avi\u0101cijas tendences forum\u0101 iez\u012bm\u0113s Starptautisk\u0101s Gaisa transporta asoci\u0101cijas (IATA) Eiropas re\u0123iona direktors Raimonds Grunti\u0146\u0161, Starptautisk\u0101s lidostu padomes Eirop\u0101 (&#8220;ACI Europe&#8221;) valdes loceklis un Turcijas lidostu operatora &#8220;TAV Airports&#8221; vad\u012bt\u0101js Serkans Kaptans, k\u0101 ar\u012b Eiropas Aeronavig\u0101cijas dro\u0161\u012bbas organiz\u0101cijas &#8220;Eurocontrol&#8221; p\u0101rst\u0101vis Hamdi Nasers.<\/p>\n<p>Foruma laik\u0101 notiks ar\u012b diskusija par Baltijas avi\u0101cijas n\u0101kotnes scen\u0101rijiem, kur\u0101 piedal\u012bsies satiksmes ministrs Atis \u0160vinka (P) un atbild\u012bgo valsts instit\u016bciju un avi\u0101cijas nozares organiz\u0101ciju p\u0101rst\u0101vji no vis\u0101m trim Baltijas valst\u012bm.<\/p>\n<p>Dal\u012bbnieku uzst\u0101\u0161an\u0101s un foruma pane\u013cdiskusijas b\u016bs velt\u012btas t\u0101d\u0101m nozarei aktu\u0101l\u0101m t\u0113m\u0101m k\u0101 m\u0101ksl\u012bg\u0101 intelekta iesp\u0113jas avi\u0101cijas nozar\u0113, alternat\u012bv\u0101s degvielas, ener\u0123ijas sist\u0113mas un infrastrukt\u016bras inov\u0101cijas ilgtermi\u0146a ilgtsp\u0113jas un vides m\u0113r\u0137u sasnieg\u0161anai, risku vad\u012bba un biznesa nep\u0101rtraukt\u012bba avi\u0101cij\u0101 main\u012bgo dro\u0161\u012bbas, aizsardz\u012bbas un darb\u012bbas izaicin\u0101jumu apst\u0101k\u013cos, k\u0101 ar\u012b starpnozaru sadarb\u012bba un m\u016bsdien\u012bgi biznesa mode\u013ci lidostu att\u012bst\u012bb\u0101.<\/p>\n<p>T\u0101pat forum\u0101 notiks atsevi\u0161\u0137a pane\u013cdiskusija par avi\u0101cijas nozares izaicin\u0101jumiem un civilmilit\u0101ro sadarb\u012bbu glob\u0101l\u0101s nestabilit\u0101tes un pieaugo\u0161o \u0123eopolitisko risku apst\u0101k\u013cos, kur\u0101 piedal\u012bsies ar\u012b p\u0101rst\u0101vis no Ukrainas gaisa satiksmes vad\u012bbas organiz\u0101cijas &#8220;UkSATSE&#8221;.<\/p>\n<p>R\u012bgas Avi\u0101cijas forumu organiz\u0113 Latvijas Avi\u0101cijas asoci\u0101cija, kas ir br\u012bvpr\u0101t\u012bga 2016.gad\u0101 dibin\u0101ta avi\u0101cijas nozares uz\u0146\u0113mumu apvien\u012bba.<\/p>","protected":false},"excerpt":{"rendered":"<p>R\u012bga, 15.sept., LETA. Konferen\u010du centr\u0101 &#8220;ATTA centrs&#8221; ceturtdien, 18.septembr\u012b, notiks R\u012bgas Avi\u0101cijas forums, a\u0123ent\u016bru LETA inform\u0113ja Latvijas Avi\u0101cijas asoci\u0101cijas valdes priek\u0161s\u0113d\u0113t\u0101js Zigm\u0101rs Vestf\u0101ls. Avi\u0101cijas konferenc\u0113 piedal\u012bsies Eiropas un Baltijas avi\u0101cijas uz\u0146\u0113mumu vad\u012bt\u0101ji un eksperti, kuri spried\u012bs par nozares izaicin\u0101jumiem un tendenc\u0113m Baltij\u0101, Eirop\u0101 un pasaul\u0113, \u012bpa\u0161i piev\u0113r\u0161oties t\u0101d\u0101m t\u0113m\u0101m k\u0101 avi\u0101cijas ilgtsp\u0113ja, m\u0101ksl\u012bg\u0101 intelekta pielietojums [&hellip;]<\/p>\n","protected":false},"author":20,"featured_media":287028,"comment_status":"closed","ping_status":"closed","sticky":false,"template":"","format":"standard","meta":{"post_subheading":"","post_intro_title":"","post_intro_text":"","post_1_gallery":[],"post_main_content":"","post_banner_title":"","post_banner_text":"","post_source":"","post_faq":[],"post_toc":[],"post_conversion_block":"","post_ai_summary":"","footnotes":""},"categories":[398],"tags":[895,889,694],"country":[],"class_list":["post-287027","post","type-post","status-publish","format-standard","has-post-thumbnail","hentry","category-jaunumi","tag-jaunumi","tag-leta","tag-turisms"],"_links":{"self":[{"href":"https:\/\/new.tripthis.eu\/en\/wp-json\/wp\/v2\/posts\/287027","targetHints":{"allow":["GET"]}}],"collection":[{"href":"https:\/\/new.tripthis.eu\/en\/wp-json\/wp\/v2\/posts"}],"about":[{"href":"https:\/\/new.tripthis.eu\/en\/wp-json\/wp\/v2\/types\/post"}],"author":[{"embeddable":true,"href":"https:\/\/new.tripthis.eu\/en\/wp-json\/wp\/v2\/users\/20"}],"replies":[{"embeddable":true,"href":"https:\/\/new.tripthis.eu\/en\/wp-json\/wp\/v2\/comments?post=287027"}],"version-history":[{"count":0,"href":"https:\/\/new.tripthis.eu\/en\/wp-json\/wp\/v2\/posts\/287027\/revisions"}],"wp:featuredmedia":[{"embeddable":true,"href":"https:\/\/new.tripthis.eu\/en\/wp-json\/"}],"wp:attachment":[{"href":"https:\/\/new.tripthis.eu\/en\/wp-json\/wp\/v2\/media?parent=287027"}],"wp:term":[{"taxonomy":"category","embeddable":true,"href":"https:\/\/new.tripthis.eu\/en\/wp-json\/wp\/v2\/categories?post=287027"},{"taxonomy":"post_tag","embeddable":true,"href":"https:\/\/new.tripthis.eu\/en\/wp-json\/wp\/v2\/tags?post=287027"},{"taxonomy":"country","embeddable":true,"href":"https:\/\/new.tripthis.eu\/en\/wp-json\/wp\/v2\/country?post=287027"}],"curies":[{"name":"wp","href":"https:\/\/api.w.org\/{rel}","templated":true}]}}