{"id":286730,"date":"2025-08-21T13:09:43","date_gmt":"2025-08-21T13:09:43","guid":{"rendered":"https:\/\/tripthis.eu\/?p=286730"},"modified":"2025-08-21T13:09:43","modified_gmt":"2025-08-21T13:09:43","slug":"japanas-expo-tiks-svineta-baltijas-vienotiba-kultura-un-tradicijas","status":"publish","type":"post","link":"https:\/\/new.tripthis.eu\/en\/japanas-expo-tiks-svineta-baltijas-vienotiba-kultura-un-tradicijas\/","title":{"rendered":"Japan EXPO to celebrate Baltic unity, culture and traditions"},"content":{"rendered":"<p>Source.<\/p>\n<p>Inform\u0101ciju sagatavoja LIAA Starptautisk\u0101 m\u0101rketinga un komunik\u0101cijas noda\u013ca.<\/p>\n<p>23.august\u0101 par godu Baltijas ce\u013ca 36. atceres gadadienai pasaul\u0113 v\u0113rien\u012bg\u0101kaj\u0101 izst\u0101d\u0113 &#8220;EXPO 2025 Osaka&#8221; Jap\u0101n\u0101 tiks svin\u0113ta Baltijas diena, lai atz\u012bm\u0113tu re\u0123iona vienot\u012bbu un iepaz\u012bstin\u0101tu izst\u0101des apmekl\u0113t\u0101jus ar UNESCO kult\u016bras mantojuma sarakst\u0101 iek\u013cautaj\u0101m Dziesmu un deju sv\u0113tku trad\u012bcij\u0101m. Baltijas paviljon\u0101, kur vienoti p\u0101rst\u0101v\u0113ta Latvija un Lietuva, apmekl\u0113t\u0101ji var\u0113s izbaud\u012bt \u0161im notikumam \u012bpa\u0161i rad\u012btu muzik\u0101lo programmu, m\u016bsdien\u012bg\u0101 veid\u0101 iepaz\u012bt abu tautu nacion\u0101l\u0101s v\u0113rt\u012bbas, k\u0101 ar\u012b simboliski sadoties rok\u0101s, apliecinot, ka cie\u0161a tur\u0113\u0161an\u0101s kop\u0101 ir katras br\u012bvas un sp\u0113c\u012bgas valsts pamat\u0101.<\/p>\n<p>Latvijas dal\u012bbas &#8220;EXPO 2025 Osaka&#8221; \u0123ener\u0101lkomis\u0101re L\u0101sma L\u012bdaka uzsver, ka \u0161obr\u012bd ir \u012bpa\u0161i b\u016btiski visai pasaulei par\u0101d\u012bt, ka Baltijas re\u0123ions kop\u0101 ir sp\u0113c\u012bg\u0101ks nek\u0101 jebkad agr\u0101k. &#8220;Baltijas dienu svin\u0113sim, lai atz\u012bm\u0113tu Latvijas un Lietuvas vienot\u012bbu, kult\u016bru un trad\u012bcijas, kas vienoju\u0161as abas valstis gadsimtiem ilgi. EXPO apmekl\u0113t\u0101jus iepaz\u012bstin\u0101sim gan ar kop\u0113jo, gan at\u0161\u0137ir\u012bgo katras valsts kult\u016br\u0101, kur\u0101 harmoniski mijiedarbojas sen\u0101s trad\u012bcijas ar m\u016bsdienu m\u0101ksliniecisk\u0101m izpausm\u0113m. Pas\u0101kums notiks 23.august\u0101 &#8211; dien\u0101, kas pirms 36 gadiem iez\u012bm\u0113ja v\u0113sturisko Baltijas ce\u013cu, apliecinot m\u016bsu tautu vienot\u012bbu, jaudu un v\u0113lmi p\u0113c br\u012bv\u012bbas. Caur Dziesmu un deju sv\u0113tku trad\u012bcij\u0101m un sado\u0161anos rok\u0101s ar\u012b \u0161eit, Jap\u0101n\u0101, m\u0113s par\u0101d\u012bsim, ka kult\u016bra un vienot\u012bba ir katras stipras n\u0101cijas pamats,&#8221; st\u0101sta L\u0101sma L\u012bdaka.<\/p>\n<p>Latviju un Lietuvu vieno cie\u0161a sadarb\u012bbas v\u0113sture &#8211; no kop\u012bgas c\u012b\u0146as par br\u012bv\u012bbu l\u012bdz sp\u0113c\u012bg\u0101m ekonomisk\u0101m un diplom\u0101tisk\u0101m sait\u0113m. Ar\u012b pasaules liel\u0101kaj\u0101 izst\u0101d\u0113 EXPO un Baltijas dien\u0101 abas valstis turpina st\u0101v\u0113t plecu pie pleca, apliecinot savstarp\u0113jo atbalstu un vienotu redz\u0113jumu. Lina Antanavi\u010diene, Lietuvas dal\u012bbas &#8220;EXPO 2025 Osaka&#8221; \u0123ener\u0101lkomis\u0101re atg\u0101dina: &#8220;Baltijas diena ir iesp\u0113ja v\u0113lreiz apliecin\u0101t Lietuvas un Latvijas cie\u0161o saikni &#8211; caur dziesm\u0101m, dej\u0101m un kop\u012bg\u0101m atmi\u0146\u0101m par br\u012bv\u012bbas ce\u013cu, kas m\u016bs vieno no pag\u0101tnes l\u012bdz m\u016bsdien\u0101m. Jau \u010detrus m\u0113ne\u0161us EXPO izst\u0101d\u0113 Latviju un Lietuvu vieno kop\u012bgs paviljons, un es esmu patiesi gandar\u012bta b\u016bt \u0161aj\u0101 ce\u013c\u0101 kop\u0101, svinot vienot\u012bbu ar\u012b \u0161ajos sv\u0113tkos.&#8221;<\/p>\n<p>Roku rok\u0101 &#8211; no Baltijas l\u012bdz Jap\u0101nai<\/p>\n<p>Baltijas dienas pas\u0101kuma koncepts &#8220;Roku rok\u0101&#8221; turpina paviljona kop\u0113jo st\u0101stu un saukli &#8220;We Are One&#8221;, kas izce\u013c cilv\u0113ku, dabas un tehnolo\u0123iju mijiedarb\u012bbu, k\u0101 ar\u012b re\u0123iona un pasaules vienot\u012bbu, lai m\u0101c\u012btos viens no otra un kop\u012bgiem sp\u0113kiem r\u012bkotos ilgtsp\u0113j\u012bg\u0101k ce\u013c\u0101 uz lab\u0101kas n\u0101kotnes veido\u0161anu. Tas cie\u0161i sasaucas ar Latvijas un Lietuvas Dziesmu un deju sv\u0113tku trad\u012bcij\u0101m, k\u0101 ar\u012b 1989.gad\u0101 notiku\u0161o Baltijas ce\u013cu, kur\u0101 vair\u0101k nek\u0101 divi miljoni cilv\u0113ku sadev\u0101s rok\u0101s, veidojot dz\u012bv\u0101s vienot\u012bbas \u0137\u0113di, pieprasot br\u012bv\u012bbu un neatkar\u012bbu. Pas\u0101kuma programm\u0101 tiks iek\u013cauts ar\u012b \u012bpa\u0161s Baltijas ce\u013ca atceres br\u012bdis, kad paviljona apmekl\u0113t\u0101ji tiks aicin\u0101ti sadoties rok\u0101s un pievienoties simboliskam &#8220;We Are One&#8221; aplim, lai paustu vienot\u012bbu un solidarit\u0101ti.<\/p>\n<p>Muzik\u0101ls ce\u013cojums, izce\u013cot Latvijas dzied\u0101\u0161anas un dejo\u0161anas trad\u012bcijas<\/p>\n<p>Viens no pas\u0101kuma centr\u0101lajiem notikumiem b\u016bs tam \u012bpa\u0161i izveidota muzik\u0101l\u0101 programma, kas apvieno da\u017e\u0101dus Latvijas novadus un to kult\u016bras bag\u0101t\u012bbu. T\u0101s laik\u0101 virkne Latvijas m\u0101kslinieku lab\u0101kaj\u0101s folka un postfolka trad\u012bcij\u0101s atska\u0146os, izdzied\u0101s un izsp\u0113l\u0113s labi zin\u0101mas latvie\u0161u tautasdziesmas, t\u0101d\u0113j\u0101di izce\u013cot Dziesmu un deju sv\u0113tku kust\u012bbu Latvij\u0101.<\/p>\n<p>Muzik\u0101l\u0101s programmas vad\u012bt\u0101ja ir m\u016bzi\u0137e, dziesmu autore, komponiste un producente Katr\u012bna Dimanta, kurai uz skatuves pievienosies un kl\u0101teso\u0161os muzik\u0101l\u0101 ce\u013cojum\u0101 cauri visai Latvijai aizved\u012bs ar\u012b \u0123it\u0101rists Reinis Bri\u0123is, akordeonists Rolands Zel\u010ds, bas\u0123it\u0101rists Kristaps Strods un bundzinieks Mat\u012bss U\u0161k\u0101ns. Koncert\u0101 piedal\u012bsies ar\u012b tautas deju ansamblis &#8220;Vektors&#8221;, kas t\u0101 viesus gan priec\u0113s ar priek\u0161nesumiem \u012bsten\u0101 latvie\u0161u gar\u0101, gan aicin\u0101s uz kop\u012bgiem dan\u010diem, vienlaikus prezent\u0113jot Latvijas tautast\u0113rpu kr\u0101\u0161\u0146umu.<\/p>\n<p>Latvijas rokdarbu trad\u012bcijas &#8211; no tautast\u0113rpiem l\u012bdz ad\u012b\u0161anas meistarklas\u0113m<\/p>\n<p>Par godu Baltijas dienai paviljon\u0101 tiks izst\u0101d\u012bti ar\u012b kr\u0101\u0161\u0146i da\u017e\u0101du Latvijas novadu tautast\u0113rpi un cimdi, lai par\u0101d\u012btu tradicion\u0101lo audumu, rakstu un kr\u0101su bag\u0101t\u012bbu un apliecin\u0101tu roku darba meistar\u012bbu un dai\u013camatniec\u012bbas daudzveid\u012bbu.<\/p>\n<p>Lai jap\u0101\u0146iem \u013cautu ne tikai iepaz\u012bt autentiskus Baltijas rokdarbu paraugus un kult\u016bru, bet ar\u012b izm\u0113\u0123in\u0101t pirkstu veikl\u012bbu, ikviens interesents var\u0113s piedal\u012bties pavisam re\u0101l\u0101 cimdu ad\u012b\u0161anas meistarklas\u0113, kuru vad\u012bs etnogr\u0101fe un m\u0101ksliniece Zied\u012bte Muze. T\u0101pat ar tehnolo\u0123iju pal\u012bdz\u012bbu paviljona apmekl\u0113t\u0101ji var\u0113s rad\u012bt ar\u012b pa\u0161i savus d\u016brai\u0146u dizainus no elementiem, kas rakstur\u012bgi Baltijas cimdu trad\u012bcijai.<\/p>\n<p>Par &#8220;EXPO 2025 Osaka&#8221;:<\/p>\n<p>&#8220;EXPO 2025 Osaka&#8221; ir pasaul\u0113 noz\u012bm\u012bg\u0101k\u0101 valsts t\u0113la veido\u0161anas un eksportsp\u0113jas veicin\u0101\u0161anas izst\u0101de, kas risina ne tikai ekonomiskus, bet ar\u012b pasaulei noz\u012bm\u012bgus soci\u0101los jaut\u0101jumus. Izst\u0101d\u0113 piedal\u0101s 159 valstis, 7 starptautiskas organiz\u0101cijas un pl\u0101nots, ka to apmekl\u0113s vair\u0101k nek\u0101 28 milj. apmekl\u0113t\u0101ju no visas pasaules. Izst\u0101de ir vieta, kur\u0101 gan apskat\u012bt valstu un re\u0123ionu prezent\u0113jo\u0161u ekspoz\u012bciju, gan ar\u012b, apvienojot pasaules zin\u0101\u0161anas un idejas, rad\u012bt jaunas tehnolo\u0123ijas un inov\u0101cijas glob\u0101lu probl\u0113mu risin\u0101\u0161anai. Pamatt\u0113ma izst\u0101dei ir &#8220;N\u0101kotnes sabiedr\u012bbas veido\u0161ana m\u016bsu dz\u012bvei&#8221; (Designing Future Society for Our Lives), savuk\u0101rt Baltijas paviljona apak\u0161t\u0113ma ir &#8220;Dz\u012bv\u012bbu gl\u0101b\u0161ana&#8221; (Saving Lives), kura fokus\u0113jas uz dz\u012bves kvalit\u0101tes uzlabo\u0161anu ar jaun\u0101ko tehnolo\u0123iju pal\u012bdz\u012bbu, iev\u0113rojot augstus vides standartus. Lai sasniegtu gan valsts t\u0113la atpaz\u012bstam\u012bbas, gan eksportsp\u0113jas veicin\u0101\u0161anas m\u0113r\u0137us, papildus Latvijas dal\u012bbai &#8220;Expo 2025 Osaka&#8221; tiek organiz\u0113ta pla\u0161a biznesa programma, kas pied\u0101v\u0101 Latvijas uz\u0146\u0113mumiem piedal\u012bties nozaru izst\u0101d\u0113s, pas\u0101kumos un tirdzniec\u012bbas misij\u0101s Jap\u0101n\u0101.<\/p>\n<p>Par Latvijas Invest\u012bciju un att\u012bst\u012bbas a\u0123ent\u016bru (LIAA):<\/p>\n<p>Latvijas Invest\u012bciju un att\u012bst\u012bbas a\u0123ent\u016bra (LIAA) veicina Latvijas uz\u0146\u0113m\u0113ju konkur\u0113tsp\u0113ju, eksporta izaugsmi un invest\u012bciju piesaisti, k\u0101 ar\u012b att\u012bsta t\u016brisma nozari un \u012bsteno valsts t\u0113la politiku. LIAA darbojas k\u0101 valsts partneris uz\u0146\u0113m\u0113jdarb\u012bbas att\u012bst\u012bb\u0101 &#8211; no idejas l\u012bdz starptautiskiem tirgiem. Ar pla\u0161u p\u0101rst\u0101vniec\u012bbu t\u012bklu \u0101rvalst\u012bs un re\u0123ion\u0101lajiem biznesa centriem Latvij\u0101, LIAA pal\u012bdz uz\u0146\u0113mumiem augt un pozicion\u0113t Latviju k\u0101 dro\u0161u, inovat\u012bvu un atv\u0113rtu valsti pasaules ekonomik\u0101.<\/p>","protected":false},"excerpt":{"rendered":"<p>Avots: Leta Inform\u0101ciju sagatavoja LIAA Starptautisk\u0101 m\u0101rketinga un komunik\u0101cijas noda\u013ca. 23.august\u0101 par godu Baltijas ce\u013ca 36. atceres gadadienai pasaul\u0113 v\u0113rien\u012bg\u0101kaj\u0101 izst\u0101d\u0113 &#8220;EXPO 2025 Osaka&#8221; Jap\u0101n\u0101 tiks svin\u0113ta Baltijas diena, lai atz\u012bm\u0113tu re\u0123iona vienot\u012bbu un iepaz\u012bstin\u0101tu izst\u0101des apmekl\u0113t\u0101jus ar UNESCO kult\u016bras mantojuma sarakst\u0101 iek\u013cautaj\u0101m Dziesmu un deju sv\u0113tku trad\u012bcij\u0101m. Baltijas paviljon\u0101, kur vienoti p\u0101rst\u0101v\u0113ta Latvija un [&hellip;]<\/p>\n","protected":false},"author":20,"featured_media":286732,"comment_status":"closed","ping_status":"closed","sticky":false,"template":"","format":"standard","meta":{"post_subheading":"","post_intro_title":"","post_intro_text":"","post_1_gallery":[],"post_main_content":"","post_banner_title":"","post_banner_text":"","post_source":"","post_faq":[],"post_toc":[],"post_conversion_block":"","post_ai_summary":"","footnotes":""},"categories":[398],"tags":[895,889,694],"country":[],"class_list":["post-286730","post","type-post","status-publish","format-standard","has-post-thumbnail","hentry","category-jaunumi","tag-jaunumi","tag-leta","tag-turisms"],"_links":{"self":[{"href":"https:\/\/new.tripthis.eu\/en\/wp-json\/wp\/v2\/posts\/286730","targetHints":{"allow":["GET"]}}],"collection":[{"href":"https:\/\/new.tripthis.eu\/en\/wp-json\/wp\/v2\/posts"}],"about":[{"href":"https:\/\/new.tripthis.eu\/en\/wp-json\/wp\/v2\/types\/post"}],"author":[{"embeddable":true,"href":"https:\/\/new.tripthis.eu\/en\/wp-json\/wp\/v2\/users\/20"}],"replies":[{"embeddable":true,"href":"https:\/\/new.tripthis.eu\/en\/wp-json\/wp\/v2\/comments?post=286730"}],"version-history":[{"count":0,"href":"https:\/\/new.tripthis.eu\/en\/wp-json\/wp\/v2\/posts\/286730\/revisions"}],"wp:featuredmedia":[{"embeddable":true,"href":"https:\/\/new.tripthis.eu\/en\/wp-json\/"}],"wp:attachment":[{"href":"https:\/\/new.tripthis.eu\/en\/wp-json\/wp\/v2\/media?parent=286730"}],"wp:term":[{"taxonomy":"category","embeddable":true,"href":"https:\/\/new.tripthis.eu\/en\/wp-json\/wp\/v2\/categories?post=286730"},{"taxonomy":"post_tag","embeddable":true,"href":"https:\/\/new.tripthis.eu\/en\/wp-json\/wp\/v2\/tags?post=286730"},{"taxonomy":"country","embeddable":true,"href":"https:\/\/new.tripthis.eu\/en\/wp-json\/wp\/v2\/country?post=286730"}],"curies":[{"name":"wp","href":"https:\/\/api.w.org\/{rel}","templated":true}]}}