{"id":286544,"date":"2025-08-06T12:07:20","date_gmt":"2025-08-06T12:07:20","guid":{"rendered":"https:\/\/tripthis.eu\/?p=286544"},"modified":"2025-08-06T12:07:20","modified_gmt":"2025-08-06T12:07:20","slug":"lidojumi-no-rigas-uz-maljorku-sakot-no-e97-turp-atpakal-viesnica-maljorka-par-e84-diennakti","status":"publish","type":"post","link":"https:\/\/new.tripthis.eu\/en\/lidojumi-no-rigas-uz-maljorku-sakot-no-e97-turp-atpakal-viesnica-maljorka-par-e84-diennakti\/","title":{"rendered":"Lidojumi no R\u012bgas uz Maljorku s\u0101kot no \u20ac97 (turp-atpaka\u013c) + viesn\u012bca Maljork\u0101 par \u20ac84 diennakt\u012b!"},"content":{"rendered":"<p>Lieliska cena lidojumam no R\u012bgas uz Maljorku! Dodies uz m\u016b\u017e\u012bg\u0101s vasaras salu &#8211; Maljorku no <span style=\"font-size: 14px; text-align: justify;\"> <strong>\u20ac97 <\/strong><\/span><strong>(turp-atpaka\u013c). <\/strong>Sal\u0101 neaizmirsti apskat\u012bt Serra de Traumuntana kalnu mas\u012bvu, Maljorkas simbolu &#8211; La Seu jeb Santa Maria katedr\u0101li, Parc Natural De Mondrago nacion\u0101lo parku, k\u0101 ar\u012b gotisko m\u0101kslas darbu &#8211; Bellver pili.<\/p>\n<p>Vair\u0101k par apskates viet\u0101m Maljork\u0101 lasi m\u016bsu bloga rakst\u0101 <a href=\"https:\/\/new.tripthis.eu\/blogi\/piecas-apskates-vietas-maljorka\/\" target=\"_blank\" rel=\"noopener\">\u0161eit<\/a> &#8211; <a href=\"https:\/\/new.tripthis.eu\/blogi\/piecas-apskates-vietas-maljorka\/\" target=\"_blank\" rel=\"noopener\">https:\/\/new.tripthis.eu\/blogi\/piecas-apskates-vietas-maljorka\/<\/a><\/p>\n<h3><strong>LIDOJUMU DATUMI:<\/strong><\/h3>\n<p><strong>Lidojums turp: R\u012bga &#8211; V\u012bne &#8211; Maljorka<\/strong><strong><br \/>\nLidojums atpaka\u013c : Maljorka &#8211; Stokholma <\/strong><strong>&#8211; R\u012bga<\/strong><\/p>\n<ul style=\"list-style-type: circle;\">\n<li><a href=\"https:\/\/skyscanner.pxf.io\/je6Vna\" target=\"_blank\" rel=\"noopener\">10.09 &#8211; 17.09 \u20ac97 (8 dienas)<\/a><\/li>\n<li><a href=\"https:\/\/skyscanner.pxf.io\/aOGPxQ\" target=\"_blank\" rel=\"noopener\">19.09 &#8211; 25.09 \u20ac100 (7 dienas)<\/a><\/li>\n<li><a href=\"https:\/\/skyscanner.pxf.io\/GKdE0B\" target=\"_blank\" rel=\"noopener\">05.09 &#8211; 12.09 \u20ac125 (8 dienas)<\/a><\/li>\n<li><a href=\"https:\/\/skyscanner.pxf.io\/Z6jqxW\" target=\"_blank\" rel=\"noopener\">16.09 -26.09 \u20ac129 (11 dienas)<\/a><\/li>\n<li><a href=\"https:\/\/skyscanner.pxf.io\/Xm9WLM\" target=\"_blank\" rel=\"noopener\">20.09 &#8211; 26.09 \u20ac137 (7 dienas)<\/a><\/li>\n<li><span style=\"font-size: 14px;\">*Bi\u013ce\u0161u cenas var main\u012bties<\/span><\/li>\n<\/ul>\n<p><strong>Piem\u0113rs bi\u013ce\u0161u cen\u0101m:<\/strong><\/p>\n<p><a href=\"https:\/\/skyscanner.pxf.io\/je6Vna\" target=\"_blank\" rel=\"noopener\"><img fetchpriority=\"high\" decoding=\"async\" class=\"alignnone wp-image-286545 size-full\" src=\"https:\/\/new.tripthis.eu\/wp-content\/uploads\/2025\/08\/Screenshot-2025-08-06-110314.png\" alt=\"L\u0113tas aviobi\u013cetes uz Maljorku Sp\u0101nij\u0101\" width=\"597\" height=\"146\" \/><\/a><\/p>\n<h2 style=\"text-align: center;\"><a href=\"https:\/\/skyscanner.pxf.io\/je6Vna\" target=\"_blank\" rel=\"noopener\">Aviobi\u013cetes mekl\u0113 \u0161eit<\/a><\/h2>\n<p>&nbsp;<\/p>\n<p><a href=\"https:\/\/booking.tp.st\/IvelrGhm\" target=\"_blank\" rel=\"noopener\"><img decoding=\"async\" class=\"aligncenter wp-image-286546 size-full\" src=\"https:\/\/new.tripthis.eu\/wp-content\/uploads\/2025\/08\/Screenshot-2025-08-06-150500.png\" alt=\"L\u0113tas aviobi\u013cetes uz Maljorku Sp\u0101nij\u0101\" width=\"727\" height=\"238\" \/><\/a><\/p>\n<h2 style=\"text-align: center;\"><a href=\"https:\/\/booking.tp.st\/IvelrGhm\" target=\"_blank\" rel=\"noopener\">Viesn\u012bca Maljork\u0101 par \u20ac84 diennakt\u012b! Pied\u0101v\u0101jumu mekl\u0113 \u0161eit!<\/a><\/h2>\n<p>[INSERT_ELEMENTOR id=&#8221;23936&#8243;]<\/p>\n","protected":false},"excerpt":{"rendered":"<p>Lieliska cena lidojumam no R\u012bgas uz Maljorku! Dodies uz m\u016b\u017e\u012bg\u0101s vasaras salu &#8211; Maljorku no \u20ac97 (turp-atpaka\u013c). Sal\u0101 neaizmirsti apskat\u012bt Serra de Traumuntana kalnu mas\u012bvu, Maljorkas simbolu &#8211; La Seu jeb Santa Maria katedr\u0101li, Parc Natural De Mondrago nacion\u0101lo parku, k\u0101 ar\u012b gotisko m\u0101kslas darbu &#8211; Bellver pili. Vair\u0101k par apskates viet\u0101m Maljork\u0101 lasi m\u016bsu [&hellip;]<\/p>\n","protected":false},"author":20,"featured_media":285746,"comment_status":"closed","ping_status":"closed","sticky":false,"template":"","format":"standard","meta":{"post_subheading":"","post_intro_title":"","post_intro_text":"","post_1_gallery":[],"post_main_content":"","post_banner_title":"","post_banner_text":"","post_source":"","post_faq":[],"post_toc":[],"post_conversion_block":"","post_ai_summary":"","footnotes":""},"categories":[383],"tags":[800,446,555,385,541,390],"country":[],"class_list":["post-286544","post","type-post","status-publish","format-standard","has-post-thumbnail","hentry","category-letas-aviobiletes","tag-800","tag-easyjet","tag-maljorka","tag-ryanair","tag-septembris","tag-aviobiletes-uz-spaniju"],"_links":{"self":[{"href":"https:\/\/new.tripthis.eu\/en\/wp-json\/wp\/v2\/posts\/286544","targetHints":{"allow":["GET"]}}],"collection":[{"href":"https:\/\/new.tripthis.eu\/en\/wp-json\/wp\/v2\/posts"}],"about":[{"href":"https:\/\/new.tripthis.eu\/en\/wp-json\/wp\/v2\/types\/post"}],"author":[{"embeddable":true,"href":"https:\/\/new.tripthis.eu\/en\/wp-json\/wp\/v2\/users\/20"}],"replies":[{"embeddable":true,"href":"https:\/\/new.tripthis.eu\/en\/wp-json\/wp\/v2\/comments?post=286544"}],"version-history":[{"count":0,"href":"https:\/\/new.tripthis.eu\/en\/wp-json\/wp\/v2\/posts\/286544\/revisions"}],"wp:featuredmedia":[{"embeddable":true,"href":"https:\/\/new.tripthis.eu\/en\/wp-json\/"}],"wp:attachment":[{"href":"https:\/\/new.tripthis.eu\/en\/wp-json\/wp\/v2\/media?parent=286544"}],"wp:term":[{"taxonomy":"category","embeddable":true,"href":"https:\/\/new.tripthis.eu\/en\/wp-json\/wp\/v2\/categories?post=286544"},{"taxonomy":"post_tag","embeddable":true,"href":"https:\/\/new.tripthis.eu\/en\/wp-json\/wp\/v2\/tags?post=286544"},{"taxonomy":"country","embeddable":true,"href":"https:\/\/new.tripthis.eu\/en\/wp-json\/wp\/v2\/country?post=286544"}],"curies":[{"name":"wp","href":"https:\/\/api.w.org\/{rel}","templated":true}]}}