{"id":286437,"date":"2025-07-29T12:13:38","date_gmt":"2025-07-29T12:13:38","guid":{"rendered":"https:\/\/tripthis.eu\/?p=286437"},"modified":"2025-07-29T12:13:38","modified_gmt":"2025-07-29T12:13:38","slug":"lidojumi-no-rigas-uz-grankanariju-sakot-no-e144-turp-atpakal-viesnica-grankanarija-par-e79-diennakti","status":"publish","type":"post","link":"https:\/\/new.tripthis.eu\/en\/lidojumi-no-rigas-uz-grankanariju-sakot-no-e144-turp-atpakal-viesnica-grankanarija-par-e79-diennakti\/","title":{"rendered":"Lidojumi no R\u012bgas uz Grankan\u0101riju s\u0101kot no \u20ac144 (turp-atpaka\u013c) + viesn\u012bca Grankan\u0101rij\u0101 par \u20ac79 diennakt\u012b!"},"content":{"rendered":"<p>Lidojumi no R\u012bgas uz Grankan\u0101riju no\u00a0<strong>\u20ac144 (turp-atpaka\u013c)<\/strong>! Vulk\u0101nisk\u0101s izcelsmes sal\u0101\u00a0izbaudi silto laiku, sau\u013cojies dzidraj\u0101s pludmal\u0113s, k\u0101 ar\u012b nelaid gar\u0101m iesp\u0113ju apskat\u012bt apdzisu\u0161o vulk\u0101nu Bandamu un salas kr\u0101\u0161\u0146o galvapsils\u0113tu Las Palmasu.<\/p>\n<h3><strong>LIDOJUMU DATUMI:<\/strong><\/h3>\n<p><strong>Lidojums turp: R\u012bga &#8211; Barselona &#8211; Grankan\u0101rija<\/strong><strong><br \/>\nLidojums atpaka\u013c : Grankan\u0101rija &#8211; Barselona &#8211; R\u012bga<br \/>\n<\/strong><\/p>\n<ul style=\"list-style-type: circle;\">\n<li style=\"list-style-type: none;\">\n<ul style=\"list-style-type: circle;\">\n<li><a href=\"https:\/\/skyscanner.pxf.io\/xLvoMR\" target=\"_blank\" rel=\"noopener\">11.11 &#8211; 24.11 \u20ac144 (14 dienas)<\/a><\/li>\n<li><a href=\"https:\/\/skyscanner.pxf.io\/je4ab6\" target=\"_blank\" rel=\"noopener\">17.11 &#8211; 24.11 \u20ac153 (8 dienas)<\/a><\/li>\n<li><a href=\"https:\/\/skyscanner.pxf.io\/POgnxN\" target=\"_blank\" rel=\"noopener\">10.11 &#8211; 24.11 \u20ac154 (15 dienas)<\/a><\/li>\n<li><a href=\"https:\/\/skyscanner.pxf.io\/55Gzr3\" target=\"_blank\" rel=\"noopener\">01.11 &#8211; 08.11 \u20ac165 (9 dienas)<\/a><\/li>\n<li><a href=\"https:\/\/skyscanner.pxf.io\/19kzxx\" target=\"_blank\" rel=\"noopener\">04.11 &#8211; 10.11 \u20ac174 (7 dienas)<\/a><\/li>\n<\/ul>\n<\/li>\n<\/ul>\n<ul style=\"list-style-type: circle;\">\n<li><span style=\"font-size: 14px;\">*Bi\u013ce\u0161u cenas var main\u012bties<\/span><\/li>\n<\/ul>\n<p><strong>Piem\u0113rs bi\u013ce\u0161u cen\u0101m:<\/strong><\/p>\n<p><a href=\"https:\/\/skyscanner.pxf.io\/xLvoMR\" target=\"_blank\" rel=\"noopener\"><img fetchpriority=\"high\" decoding=\"async\" class=\"alignnone wp-image-286438 size-full\" src=\"https:\/\/new.tripthis.eu\/wp-content\/uploads\/2025\/07\/Screenshot-2025-07-29-145642.png\" alt=\"Aviobi\u013cetes uz Grankan\u0101riju Sp\u0101nij\u0101\" width=\"595\" height=\"133\" \/><\/a><\/p>\n<p>&nbsp;<\/p>\n<h2 style=\"text-align: center;\"><a href=\"https:\/\/skyscanner.pxf.io\/xLvoMR\" target=\"_blank\" rel=\"noopener\">Aviobi\u013cetes mekl\u0113 \u0161eit<\/a><\/h2>\n<p>&nbsp;<\/p>\n<p><a href=\"https:\/\/booking.tp.st\/IvelrGhm\" target=\"_blank\" rel=\"noopener\"><img decoding=\"async\" class=\"wp-image-286439 size-full aligncenter\" src=\"https:\/\/new.tripthis.eu\/wp-content\/uploads\/2025\/07\/Screenshot-2025-07-29-151202.png\" alt=\"Aviobi\u013cetes uz Grankan\u0101riju Sp\u0101nij\u0101\" width=\"728\" height=\"241\" \/><\/a><\/p>\n<h2 style=\"text-align: center;\"><a href=\"https:\/\/booking.tp.st\/IvelrGhm\" target=\"_blank\" rel=\"noopener\">Viesn\u012bca Grankan\u0101rij\u0101 par \u20ac79 diennakt\u012b! Pied\u0101v\u0101jumu mekl\u0113 \u0161eit!<\/a><\/h2>\n<p>&nbsp;<\/p>\n<p>[INSERT_ELEMENTOR id=&#8221;23936&#8243;]<\/p>\n","protected":false},"excerpt":{"rendered":"<p>Lidojumi no R\u012bgas uz Grankan\u0101riju no\u00a0\u20ac144 (turp-atpaka\u013c)! Vulk\u0101nisk\u0101s izcelsmes sal\u0101\u00a0izbaudi silto laiku, sau\u013cojies dzidraj\u0101s pludmal\u0113s, k\u0101 ar\u012b nelaid gar\u0101m iesp\u0113ju apskat\u012bt apdzisu\u0161o vulk\u0101nu Bandamu un salas kr\u0101\u0161\u0146o galvapsils\u0113tu Las Palmasu. LIDOJUMU DATUMI: Lidojums turp: R\u012bga &#8211; Barselona &#8211; Grankan\u0101rija Lidojums atpaka\u013c : Grankan\u0101rija &#8211; Barselona &#8211; R\u012bga 11.11 &#8211; 24.11 \u20ac144 (14 dienas) 17.11 &#8211; [&hellip;]<\/p>\n","protected":false},"author":20,"featured_media":135076,"comment_status":"closed","ping_status":"closed","sticky":false,"template":"","format":"standard","meta":{"post_subheading":"","post_intro_title":"","post_intro_text":"","post_1_gallery":[],"post_main_content":"","post_banner_title":"","post_banner_text":"","post_source":"","post_faq":[],"post_toc":[],"post_conversion_block":"","post_ai_summary":"","footnotes":""},"categories":[383],"tags":[800,774,564,385,390],"country":[],"class_list":["post-286437","post","type-post","status-publish","format-standard","has-post-thumbnail","hentry","category-letas-aviobiletes","tag-800","tag-grankanarija","tag-novembris","tag-ryanair","tag-aviobiletes-uz-spaniju"],"_links":{"self":[{"href":"https:\/\/new.tripthis.eu\/en\/wp-json\/wp\/v2\/posts\/286437","targetHints":{"allow":["GET"]}}],"collection":[{"href":"https:\/\/new.tripthis.eu\/en\/wp-json\/wp\/v2\/posts"}],"about":[{"href":"https:\/\/new.tripthis.eu\/en\/wp-json\/wp\/v2\/types\/post"}],"author":[{"embeddable":true,"href":"https:\/\/new.tripthis.eu\/en\/wp-json\/wp\/v2\/users\/20"}],"replies":[{"embeddable":true,"href":"https:\/\/new.tripthis.eu\/en\/wp-json\/wp\/v2\/comments?post=286437"}],"version-history":[{"count":0,"href":"https:\/\/new.tripthis.eu\/en\/wp-json\/wp\/v2\/posts\/286437\/revisions"}],"wp:featuredmedia":[{"embeddable":true,"href":"https:\/\/new.tripthis.eu\/en\/wp-json\/"}],"wp:attachment":[{"href":"https:\/\/new.tripthis.eu\/en\/wp-json\/wp\/v2\/media?parent=286437"}],"wp:term":[{"taxonomy":"category","embeddable":true,"href":"https:\/\/new.tripthis.eu\/en\/wp-json\/wp\/v2\/categories?post=286437"},{"taxonomy":"post_tag","embeddable":true,"href":"https:\/\/new.tripthis.eu\/en\/wp-json\/wp\/v2\/tags?post=286437"},{"taxonomy":"country","embeddable":true,"href":"https:\/\/new.tripthis.eu\/en\/wp-json\/wp\/v2\/country?post=286437"}],"curies":[{"name":"wp","href":"https:\/\/api.w.org\/{rel}","templated":true}]}}