{"id":286165,"date":"2025-07-09T07:01:17","date_gmt":"2025-07-09T07:01:17","guid":{"rendered":"https:\/\/tripthis.eu\/?p=286165"},"modified":"2025-07-09T07:01:17","modified_gmt":"2025-07-09T07:01:17","slug":"diena-planojot-celojumu-parbaudi-vai-nesaksies-streiks","status":"publish","type":"post","link":"https:\/\/new.tripthis.eu\/en\/diena-planojot-celojumu-parbaudi-vai-nesaksies-streiks\/","title":{"rendered":"Diena: Pl\u0101nojot ce\u013cojumu, p\u0101rbaudi, vai nes\u0101ksies streiks!"},"content":{"rendered":"<p>Source.<\/p>\n<p>\u0160ovasar da\u017e\u0101du nozaru streiki notiek daudz\u0101s valst\u012bs \u2013 ce\u013cot\u0101jiem j\u0101seko aktu\u0101lajai inform\u0101cijai<\/p>\n<p>LAI cik r\u016bp\u012bgi tiktu pl\u0101nots ce\u013cojums, ir daudz da\u017e\u0101du \u0101r\u0113jo apst\u0101k\u013cu, kas pl\u0101nus var izjaukt vien\u0101 mirkl\u012b. Viens no \u0161\u0101diem apst\u0101k\u013ciem ir streiks, it \u012bpa\u0161i avionozares \u2013 gan lidostu, gan aviokomp\u0101niju, gan da\u017e\u0101du gaisa satiksmes dienestu \u2013 darbinieku streiks.<\/p>\n<p>T\u0101 k\u0101 pl\u0101notie un re\u0101lie streika datumi, k\u0101 ar\u012b streiko\u0161anas pieteiktais un re\u0101lais ilgums m\u0113dz at\u0161\u0137irties, tad ce\u013cot\u0101jiem \u013coti r\u016bp\u012bgi j\u0101seko aktu\u0101lajai inform\u0101cijai.<\/p>\n<p>P\u0113c kovidpand\u0113mijas avionozares darbinieku streiki notiek \u013coti bie\u017ei un izjauc pl\u0101nus t\u016bksto\u0161iem ce\u013cot\u0101ju.<\/p>\n<p>Turkl\u0101t j\u0101\u0146em v\u0113r\u0101, ka kompens\u0101ciju par aizkav\u0113ju\u0161os vai atceltu lidojumu pasa\u017eieri var sa\u0146emt tikai tad, ja streiko aviosabiedr\u012bbas darbinieki, ta\u010du, ja streiko lidostu un da\u017e\u0101du gaisa satiksmes dienestu darbinieki, nek\u0101da kompens\u0101cija nepien\u0101kas.<\/p>\n<p>Probl\u0113mas Francijas lidost\u0101s<\/p>\n<p>Pag\u0101ju\u0161aj\u0101 ned\u0113\u013c\u0101 Francij\u0101 notika visai v\u0113rien\u012bgs streiks, kas ietekm\u0113ja daudzas lidostas un aviokomp\u0101nijas. Streikoja Francijas gaisa satiksmes dispe\u010deri. Streika d\u0113\u013c tika atcelti vair\u0101k nek\u0101 1500 lidojumi un trauc\u0113ti vismaz 300 000 pasa\u017eieru ce\u013cojumi.<\/p>\n<p>Ta\u010du \u0161ie ir tikai aptuvenie dati, streika ietekm\u0113to lidojumu un pasa\u017eieru skaits var b\u016bt ar\u012b liel\u0101ks.<\/p>\n<p>Francijas Gaisa satiksmes dispe\u010deru arodbiedr\u012bba apgalvoja, ka streiks notiek darbinieku tr\u016bkuma un \u00abtoksiskas vad\u012bbas prakses\u00bb d\u0113\u013c. No arodbiedr\u012bbu vides izskan\u0113ja pazi\u0146ojumi, ka gaisa satiksmes dispe\u010deru dienesta darbinieki bie\u017ei tiek ignor\u0113ti, vi\u0146u zin\u0101\u0161anas tiek apzin\u0101ti noniecin\u0101tas, turkl\u0101t vi\u0146i bie\u017ei tiek pak\u013cauti p\u0101rm\u0113r\u012bgai uzraudz\u012bbai.<\/p>\n<p>Francijas medijs France 24 v\u0113st\u012bja, ka streik\u0101 piedal\u012bj\u0101s vismaz 270 gaisa satiksmes dispe\u010deru no kop\u0113j\u0101 aptuveni 1400 liel\u0101 darbinieku skaita.<\/p>\n<p>Gaisa satiksmes dispe\u010deru tr\u016bkumu izrais\u012bjusi galvenok\u0101rt kovidpand\u0113mija. Tad no darba tika atlaisti \u0161\u012bs jomas profesion\u0101\u013ci, kuri p\u0113c pand\u0113mijas ierastaj\u0101 darb\u0101 neatgriez\u0101s.<\/p>\n<p>\u0160\u012b probl\u0113ma skar lielu skaitu lidostu.<\/p>\n<p>Ietekm\u012bgais medijs Politico nor\u0101da, ka gaisa satiksmes dispe\u010deru tr\u016bkuma probl\u0113mu nevar atrisin\u0101t \u0101tri, jo jaunu gaisa satiksmes dispe\u010deru apm\u0101c\u012bba aiz\u0146em vismaz tr\u012bs gadus. Kan\u0101das avi\u0101cijas nozares uz\u0146\u0113mums CAE, kas specializ\u0113jas apm\u0101c\u012bbu pakalpojumos, nesen prognoz\u0113ja, ka Eirop\u0101 n\u0101kam\u0101s desmitgades laik\u0101 b\u016bs nepiecie\u0161ams visvair\u0101k gaisa satiksmes dispe\u010deru no visiem pasaules re\u0123ioniem: Eirop\u0101 \u2013 27 000, bet kopum\u0101 vis\u0101 pasaul\u0113 \u2013 71 000.<\/p>\n<p>Francijas lidostu gaisa satiksmes dispe\u010deru streiks \u012bpa\u0161i smagi sk\u0101ra t\u0101s lidostas, kas atrodas valsts dienvidos.<\/p>\n<p>Lion\u0101 un Marse\u013c\u0101 tika atcelti pat 30% lidojumu. \u012arijas aviokomp\u0101nija Ryanair pazi\u0146oja, ka Francijas lidostu gaisa satiksmes dispe\u010deru streika d\u0113\u013c ir atc\u0113lusi 170 lidojumus un tas ietekm\u0113jis vismaz 30 000 pasa\u017eieru.<\/p>\n<p>Aviokomp\u0101nijas Ryanair izpilddirektors Maikls O\u2019L\u012brijs, koment\u0113jot situ\u0101ciju, izteic\u0101s, ka Francijas gaisa satiksmes dispe\u010deri streikojot padar\u012bju\u0161i Eiropas iedz\u012bvot\u0101jus par \u0137\u012blniekiem savam konfliktam nozar\u0113. Vienlaikus avionozares asoci\u0101cija Airlines for Europe, kuras biedru vid\u016b ir t\u0101das v\u0113rien\u012bgas lidsabiedr\u012bbas k\u0101 Ryanair, Air France- KLM, Lufthansa, British Airways un EasyJet, Francijas gaisa satiksmes dispe\u010deru r\u012bc\u012bbu raksturoja k\u0101 \u00abnecie\u0161amu \u00bb. J\u0101piebilst, ka Francijas transporta ministrs Filips Tabaro gaisa satiksmes dispe\u010deru pras\u012bbas nosauca par nepie\u0146emam\u0101m, un sac\u012bja, ka aviop\u0101rvad\u0101t\u0101ji streika d\u0113\u013c zaud\u0113s miljoniem eiro.<\/p>\n<p>Streiko pat viesn\u012bcu person\u0101ls<\/p>\n<p>Port\u0101ls Cond\u00e9 Nast Traveller ir apkopojis inform\u0101ciju par jau notiku\u0161ajiem un v\u0113l gaid\u0101majiem streikiem avi\u0101cijas nozar\u0113. Lai gan divas tre\u0161da\u013cas vasaras sezonas v\u0113l priek\u0161\u0101, ce\u013cot\u0101ji jau sask\u0101ru\u0161ies ar streikiem da\u017e\u0101d\u0101s Eiropas valst\u012bs.<\/p>\n<p>T\u0101, piem\u0113ram, Lielbrit\u0101nijas aviokomp\u0101nijas EasyJet stjuarti Sp\u0101nij\u0101 jau bija izsludin\u0101ju\u0161i streiku 25., 26. un 27. j\u016bnij\u0101. Tagad nozares arodbiedr\u012bba br\u012bdina, ka august\u0101 var\u0113tu s\u0101kties beztermi\u0146a streiks, ja netiks risin\u0101tas j\u0113gpilnas sarunas, respekt\u0113jot stjuartu intereses.<\/p>\n<p>Nesen streika laik\u0101 Sp\u0101nij\u0101 katru dienu tika atcelti aptuveni 60 EasyJet reisi. Lidsabiedr\u012bbas EasyJet stjuarti apgalvo, ka sa\u0146em zem\u0101k\u0101 apkalpes l\u012bme\u0146a algas Eirop\u0101 un ka vienk\u0101r\u0161i pieprasa vienl\u012bdz\u012bgu darba samaksu.<\/p>\n<p>J\u0101nor\u0101da, ka Sp\u0101nij\u0101 streiki \u0161ovasar var\u0113tu skart ar\u012b citas nozares. J\u016blij\u0101 Sp\u0101nij\u0101 piedero\u0161aj\u0101 Bale\u0101ru salu arhipel\u0101g\u0101, kur\u0101 ietilpst t\u016bristu \u013coti iecien\u012bt\u0101 sala Ma\u013corka, pl\u0101no streikot viesn\u012bcu darbinieki.<\/p>\n<p>Streiks saist\u012bts ar to, ka domstarp\u012bbu d\u0113\u013c izjuka sarunas par viesn\u012bcu person\u0101la algu palielin\u0101\u0161anu, slim\u012bbas pabalstu apjomu un l\u012bguma termi\u0146iem.<\/p>\n<p>Aptuveni 180 000 viesn\u012bcu darbinieku tiek aicin\u0101ti uz se\u0161u dienu streiku no 10. l\u012bdz 16. j\u016blijam, k\u0101 ar\u012b papildu datumos \u2013 18., 19., 25., 26. un 31. j\u016blij\u0101. Ja streiki notiks tik pla\u0161i un tik daudzas dienas, k\u0101 pl\u0101nots, var\u0113tu tikt pamat\u012bgi trauc\u0113ti t\u0101di pakalpojumi k\u0101 viesn\u012bcu numuru uzkop\u0161ana, viesu apkalpo\u0161ana, k\u0101 ar\u012b viesn\u012bcu restor\u0101nu un kafejn\u012bcu darbs.<\/p>\n<p>Streiki j\u016blij\u0101 notiek ar\u012b cit\u0101 Dienvideiropas valst\u012b It\u0101lij\u0101.<\/p>\n<p>Tur streikot nol\u0113mu\u0161i dzelzce\u013ca industrijas un lidostu darbinieki. Jau \u0161\u012bs ned\u0113\u013cas s\u0101kum\u0101, no pirmdienas, 7. j\u016blija, pulksten 21.00 l\u012bdz otrdienas, 8. j\u016blija, pulksten 18.00 notika valsts m\u0113roga dzelzce\u013cnieku streiks, kas ietekm\u0113ja gan t\u0101lsatiksmes vilcienu mar\u0161rutus, gan re\u0123ion\u0101lo vilcienu kurs\u0113\u0161anu, gan piepils\u0113tas vilcienu grafikus. Ce\u013cot\u0101jiem n\u0101c\u0101s r\u0113\u0137in\u0101ties ar vilcienu reisu samazin\u0101jumu un ilg\u0101ku gaid\u012b\u0161anas laiku. It\u0101lijas likumi gan nosaka minim\u0101lo garant\u0113to vilcienu reisu skaitu darbdien\u0101s ar\u012b streiku laik\u0101, t\u0101p\u0113c dzelzce\u013ca p\u0101rvad\u0101jumi piln\u012bb\u0101 neapst\u0101j\u0101s.<\/p>\n<p>J\u016blij\u0101 It\u0101lijas sal\u0101 Sic\u012blij\u0101 gaid\u0101mi ar\u012b re\u0123ion\u0101lie sabiedrisk\u0101 transporta streiki.<\/p>\n<p>Tie var\u0113tu skart Palermo, Pjemontu un Aostas ieleju.<\/p>\n<p>Savuk\u0101rt \u0161oceturtdien, 10. j\u016blij\u0101, var\u0113tu b\u016bt trauc\u0113ta gaisa satiksme, jo vair\u0101ku It\u0101lijas lidostu darbinieki un bag\u0101\u017eas apstr\u0101des dienesta darbinieki gatavojas piedal\u012bties 24 stundu streik\u0101. Ar to, ka darbs ar bag\u0101\u017eu nenotiks t\u0101, k\u0101 norit norm\u0101los apst\u0101k\u013cos, j\u0101r\u0113\u0137in\u0101s Mil\u0101nas Linates, Mil\u0101nas Malpensas un Ven\u0113cijas Marko Polo lidost\u0101 un, iesp\u0113jams, v\u0113l citur.<\/p>\n<p>Taj\u0101 pa\u0161\u0101 dien\u0101, 10. j\u016blij\u0101, gaid\u0101mi ar\u012b protesti Kalj\u0101ri Elmasas lidost\u0101 Sard\u012bnijas sal\u0101 un Neapoles lidost\u0101. Ce\u013cot\u0101jiem j\u0101r\u0113\u0137in\u0101s ar to, ka protesti ietekm\u0113s pasa\u017eieru re\u0123istr\u0101ciju, bag\u0101\u017eas sa\u0146em\u0161anu un lidma\u0161\u012bnu apkalpo\u0161anu.<\/p>\n<p>Ce\u013cot\u0101jiem, kuri pl\u0101noju\u0161i doties uz It\u0101liju j\u016blija otraj\u0101 pus\u0113, j\u0101b\u016bt gataviem tam, ka sestdien, 26. j\u016blij\u0101, no pulksten 13.00 l\u012bdz 17.00 notiks valsts m\u0113roga aviokomp\u0101niju un lidostu darbinieku streiks. Aviopasa\u017eieriem, kuri ce\u013cos \u0161aj\u0101 laik\u0101, j\u0101r\u0113\u0137in\u0101s ar iev\u0113rojamu kav\u0113\u0161anos. Turkl\u0101t valsts m\u0113roga aviokomp\u0101niju un lidostu darbinieku streiks It\u0101lij\u0101 var\u0113tu b\u016bt vien\u0101 laik\u0101 ar Sp\u0101nijas aviokomp\u0101nijas Volotea pilotu un stjuartu streiku.<\/p>\n<p>J\u0101piebilst, ka It\u0101lijas likumi nosaka: streiki nedr\u012bkst ietekm\u0113t tos lidojumus, kas paredz\u0113ti laik\u0101 no pulksten 6.00 l\u012bdz 9.00 un no pulksten 18.00 l\u012bdz 21.00.<\/p>\n<p>Cit\u0101 Dienvideiropas valst\u012b \u2013 Grie\u0137ij\u0101 \u2013 j\u016bnij\u0101 streiks ilga aptuveni asto\u0146as dienas un b\u016btiski ietekm\u0113ja pr\u0101mju satiksmi Adrijas j\u016br\u0101 starp Grie\u0137iju un It\u0101liju. Patlaban nav prec\u012bzi zin\u0101ms, vai Grie\u0137ij\u0101 \u0161ovasar pl\u0101noti v\u0113l citi streiki.<\/p>\n<p>Ce\u013cot\u0101jiem j\u0101\u0146em v\u0113r\u0101 tas, ka streiki notiek ne tikai Eiropas dienvidos, bet ar\u012b pa\u0161\u0101 Eiropas Savien\u012bbas centr\u0101 \u2013 Be\u013c\u0123ij\u0101. Tur kop\u0161 janv\u0101ra gandr\u012bz katru m\u0113nesi notiek pla\u0161i streiki, protest\u0113jot pret bud\u017eeta samazin\u0101jumu un pensiju reformu. Streiki \u0161ogad jau ir b\u016btiski ietekm\u0113ju\u0161i Be\u013c\u0123ijas gaisa satiksmi. Tiek l\u0113sts, ka l\u012bdz \u0161im tie ir sk\u0101ru\u0161i aptuveni 180 000 pasa\u017eieru.<\/p>\n<p>T\u0101, piem\u0113ram, 25. j\u016bnij\u0101 streika ietekm\u0113 Briseles lidost\u0101 bija apst\u0101jusies lidma\u0161\u012bnu izlido\u0161ana un tika trauc\u0113ta vair\u0101k nek\u0101 puse ien\u0101ko\u0161o lidojumu. Tiek l\u0113sts, ka ikkatrs pla\u0161ais streiks lidost\u0101 Be\u013c\u0123ijas ekonomikai izmaks\u0101 25 miljonus eiro.<\/p>\n<p>Pa\u0161laik gan Be\u013c\u0123ij\u0101 nav noteikti visp\u0101r\u0113ja streika datumi vasaras m\u0113ne\u0161iem, bet vado\u0161\u0101s arodbiedr\u012bbas ir pazi\u0146oju\u0161as, ka l\u0113mumi par streiko\u0161anu v\u0113l tiek apspriesti un past\u0101v iesp\u0113ja, ka streiki situ\u0101ciju Be\u013c\u0123ij\u0101 var\u0113tu ietekm\u0113t oktobr\u012b.<\/p>\n<p>N\u012bderland\u0113 \u0161\u012bs vasaras s\u0101kum\u0101 dzelzce\u013ca darbinieku arodbiedr\u012bba VVMC aicin\u0101ja r\u012bkot streiku valsts dienvidos \u2013 Dienvidholandes, Z\u0113landes un Zieme\u013cbrabantes provinc\u0113, bet N\u012bderlandes dzelzce\u013ca operators NS nol\u0113ma aptur\u0113t gandr\u012bz visus vilcienu mar\u0161rutus, nor\u0101dot, ka uztur\u0113t vilcienu satiksmi tikai da\u013c\u0101 valsts b\u016btu nepraktiski.<\/p>\n<p>Streiks ietekm\u0113ja ar\u012b starptautiskos vilcienu reisus, ta\u010du atsevi\u0161\u0137i reisi starp Briseli un Amsterdamu, k\u0101 ar\u012b starp \u0136elni un Amsterdamu tika nodro\u0161in\u0101ti, inform\u0113 LETA.<\/p>\n<p>Ar streikiem j\u0101r\u0113\u0137in\u0101s ar\u012b Eiropas zieme\u013cos. Somijas Avi\u0101cijas arodbiedr\u012bbas (IAU) r\u012bkotais streiks notika 2., 4. un 7. j\u016blij\u0101, un streika ietekm\u0113 Somijas aviokomp\u0101nija Finnair atc\u0113la aptuveni 900 reisu. T\u0101, piem\u0113ram, piektdien, 4. j\u016blij\u0101, Finnair atc\u0113la aptuveni 80 reisu un tas ietekm\u0113ja aptuveni 8000 pasa\u017eieru ce\u013cojumu pl\u0101nus. Pirmdien, 7. j\u016blij\u0101, Finnair saist\u012bb\u0101 ar IAU streiku atc\u0113la aptuveni 100 reisu un tas ietekm\u0113ja ce\u013cojumu pl\u0101nus vair\u0101k nek\u0101 7000 pasa\u017eieriem.<\/p>\n<p>Iepriek\u0161 streiks, kas notika tre\u0161dien, 2. j\u016blij\u0101, ietekm\u0113ja apm\u0113ram 7000 pasa\u017eieru ce\u013cojumu pl\u0101nus.<\/p>\n<p>J\u0101atg\u0101dina, ka Helsinki ir \u013coti iecien\u012bts galam\u0113r\u0137is R\u012bgas lidostas pasa\u017eieriem. No R\u012bgas lidojumus uz Somiju veic Latvijas aviokomp\u0101nija airBaltic (uz Helsinkiem, Tamperi un Turku), k\u0101 ar\u012b Finnair (uz Helsinkiem).<\/p>\n<p>A\u0123ent\u016bra LETA inform\u0113, ka piektdien, 4. j\u016blij\u0101, R\u012bgas lidost\u0101 tika atcelti divi reisi no Helsinku lidostas uz R\u012bgu, kas bija iepl\u0101noti pulksten 8.30 un 15.55. Tika atcelti ar\u012b divi reisi no R\u012bgas lidostas uz Helsinkiem, kas bija iepl\u0101noti pulksten 8. 55. un 16.35.<\/p>\n<p>Ja Somijas avi\u0101cijas nozares darba dev\u0113ju grupai Palta un IAU neizdosies pan\u0101kt vieno\u0161anos, tad streiki iesp\u0113jami ar\u012b 16., 18., 21. un 23. j\u016blij\u0101.<\/p>\n<p>Nesaska\u0146as starp arodbiedr\u012bbu un darba dev\u0113jiem ilgst jau kop\u0161 janv\u0101ra. Vairums Somijas gaisa transporta nozares darba dev\u0113ju piekritu\u0161i atalgojumu palielin\u0101t atbilsto\u0161i valsts m\u0113roga nol\u012bgumiem, ta\u010du arodbiedr\u012bba turpina piepras\u012bt liel\u0101ku paaugstin\u0101jumu, skaidro LETA.<\/p>\n<p>Gaisa satiksme ir trausla<\/p>\n<p>J\u016blija s\u0101kum\u0101 medijs Politico public\u0113ja rakstu \u0160ovasar draud gaisa satiksmes vad\u012bbas murgs. \u0160aj\u0101 publik\u0101cij\u0101 Eiropas Lidma\u0161\u012bnu vad\u012bt\u0101ju asoci\u0101cijas viceprezidents Pols Roiters pau\u017e viedokli, ka \u00abikviena vasara kop\u0161 kovidpand\u0113mijas ir bijusi visslikt\u0101k\u0101 vasara\u00bb.<\/p>\n<p>P. Roiters skaidro, ka avi\u0101cijas nedien\u0101m ir vair\u0101ki iemesli, piem\u0113ram, ierobe\u017eots skrejce\u013cu skaits, lidostu ietilp\u012bbas ierobe\u017eojumi un taml\u012bdz\u012bgi.<\/p>\n<p>Politico atz\u012bst: Eiropas politi\u0137i s\u0101ku\u0161i apzin\u0101ties, ka gaisa satiksme ir k\u013cuvusi \u0101rk\u0101rt\u012bgi trausla un bie\u017ei ir pak\u013cauta da\u017e\u0101diem trauc\u0113jumiem.<\/p>\n<p>\u00abJau pag\u0101ju\u0161aj\u0101 gad\u0101 kav\u0113\u0161an\u0101s lidojumiem Eiropas avi\u0101cijas t\u012bkl\u0101 bija liel\u0101k\u0101 25 gadu laik\u0101, un situ\u0101cija \u0161ogad, visticam\u0101k, v\u0113l vair\u0101k pasliktin\u0101sies,\u00bb \u0161\u0101gada apr\u012bl\u012b v\u0113stul\u0113 transporta nozares ministriem rakst\u012bja Eiropas Komisijas transporta komis\u0101rs Apostols Dzidzikosts, zi\u0146o medijs Politico.<\/p>\n<p>A. Dzidzikosts uzskata, ka \u00ablielais piepras\u012bjums rada iev\u0113rojamu spiedienu uz aeronavig\u0101cijas pakalpojumu sniedz\u0113jiem, no kuriem da\u017ei joproj\u0101m c\u012bn\u0101s ar person\u0101la tr\u016bkumu, k\u0101 ar\u012b ar kapacit\u0101tes tr\u016bkumu\u00bb. Eiropas Komisijas transporta komis\u0101rs ar\u012b ir aicin\u0101jis s\u0101kt pie\u0146emt darb\u0101 un apm\u0101c\u012bt jaunus gaisa satiksmes dispe\u010derus vis\u0101s lidost\u0101s, kur\u0101s tas nepiecie\u0161ams.<\/p>\n<p>Aviokomp\u0101nijas Ryanair vad\u012bba j\u016blija s\u0101kum\u0101 pazi\u0146oja, ka slikt\u0101kie gaisa satiksmes vad\u012bbas pakalpojumu sniedz\u0113ji kav\u0113jumu zi\u0146\u0101 ir Francij\u0101, Sp\u0101nij\u0101, V\u0101cij\u0101, Portug\u0101l\u0113 un Apvienotaj\u0101 Karalist\u0113 un ka \u0161o valstu transporta nozares ministri nav nodro\u0161in\u0101ju\u0161i avionozares person\u0101la sagatavo\u0161anu.<\/p>\n<p>Saska\u0146\u0101 ar Ryanair apkopotajiem datiem, Francijas gaisa satiksmes vad\u012bbas pakalpojumu sniedz\u0113ji no 1. janv\u0101ra l\u012bdz 30. j\u016bnijam izrais\u012bja vair\u0101k nek\u0101 26 000 Ryanair lidojumu kav\u0113\u0161anos, kopum\u0101 ietekm\u0113jot 4,7 miljonus pasa\u017eieru. Sekoja Sp\u0101nija ar aptuveni 16 500 kav\u0113tiem lidojumiem un V\u0101cija ar 7500.<\/p>\n<p>Ryanair vad\u012bba \u0161os pakalpojumu sniedz\u0113jus nod\u0113v\u0113ja par \u00abaizsarg\u0101tiem valsts monopoliem, kuriem ner\u016bp pasa\u017eieri un lidojumu kav\u0113\u0161an\u0101s\u00bb.<\/p>\n<p>Atbildot uz Ryanair vad\u012bbas pausto kritiku par Francijas gaisa satiksmes kontroli, Francijas Transporta ministrija j\u016bnij\u0101 pazi\u0146oja, ka \u00absitu\u0101cija gaisa satiksmes kontrol\u0113 ir tikai tre\u0161ais izplat\u012bt\u0101kais lidojumu kav\u0113\u0161an\u0101s c\u0113lonis Eirop\u0101 p\u0113c pa\u0161u aviokomp\u0101niju probl\u0113m\u0101m\u00bb.<\/p>\n<p>Eiropas gaisa satiksmes p\u0101rvald\u012bbas iest\u0101de Eurocontrol nor\u0101da, ka v\u0113l ir p\u0101ragri spriest, vai 2025. gads b\u016bs slikt\u0101ks nek\u0101 pag\u0101ju\u0161ais gads, kad gaisa satiksmes pl\u016bsmas p\u0101rvald\u012bbas kav\u0113jumi sasniedza augst\u0101ko l\u012bmeni desmit gadu laik\u0101 \u2013 vid\u0113ji 2,13 min\u016btes uz lidojumu.<\/p>\n<p>J\u0101piebilst, ka Ryanair ir aicin\u0101jusi Eiropas Savien\u012bbas instit\u016bcijas starptautisk\u0101 m\u0113rog\u0101 reform\u0113t gaisa satiksmes noteikumus.<\/p>\n<p>Streiki un kompens\u0101cijas<\/p>\n<p>Kompens\u0101cija pien\u0101kas, ja: 5 lidojumu p\u0101rtrauca aviokomp\u0101nijas darbinieku streiks 5 lidojums tika aizkav\u0113ts par trim stund\u0101m vai ilg\u0101k vai atcelts maz\u0101k nek\u0101 14 dienas pirms izlido\u0161anas 5 aviokomp\u0101nija izlidoja no ES vai nolaid\u0101s ES lidost\u0101 5 bija apstiprin\u0101ta lidojuma rezerv\u0101cija 5 trauc\u0113jumi notika p\u0113d\u0113jo tr\u012bs gadu laik\u0101 5 ja izv\u0113l\u0113j\u0101ties aizvietojo\u0161u lidojumu un jaunais iera\u0161an\u0101s laiks b\u016btiski at\u0161\u0137\u012br\u0101s no s\u0101kotn\u0113j\u0101 lidojuma laika<\/p>\n<p>Kompens\u0101cija nepien\u0101kas, ja streiko 5 lidostas dro\u0161\u012bbas kontroles darbinieki 5 bag\u0101\u017eas apstr\u0101d\u0101t\u0101ji 5 gaisa satiksmes vad\u012bbas darbinieki 5 streiki notiek politisko nemieru d\u0113\u013c<\/p>\n<p>Ja lidojums kav\u0113jas vismaz par div\u0101m stund\u0101m aviokomp\u0101nijai ir pien\u0101kums nodro\u0161in\u0101t bezmaksas malt\u012bti un atspirdzin\u0101jumus Ilg\u0101kas kav\u0113\u0161an\u0101s gad\u012bjum\u0101 pasa\u017eieriem ir ties\u012bbas uz bezmaksas naktsm\u012btni, k\u0101 ar\u012b transf\u0113ru uz lidostu un no t\u0101s Avots: Airhelp.com, Myflightright.com<\/p>\n<p>AVIONOZARES streiki \u0161ogad jau ir ietekm\u0113ju\u0161i ce\u013cot\u0101ju pl\u0101nus daudz\u0101s Eiropas valst\u012bs, ar\u012b t\u016bristu \u013coti iecien\u012btaj\u0101 Francij\u0101. J\u016blija s\u0101kum\u0101 Francijas lidost\u0101s gaisa satiksmes dispe\u010deru streika d\u0113\u013c tika atcelti daudzi avioreisi. Ar streikiem j\u0101r\u0113\u0137in\u0101s ar\u012b turpm\u0101k.<\/p>","protected":false},"excerpt":{"rendered":"<p>Avots: Leta \u0160ovasar da\u017e\u0101du nozaru streiki notiek daudz\u0101s valst\u012bs \u2013 ce\u013cot\u0101jiem j\u0101seko aktu\u0101lajai inform\u0101cijai LAI cik r\u016bp\u012bgi tiktu pl\u0101nots ce\u013cojums, ir daudz da\u017e\u0101du \u0101r\u0113jo apst\u0101k\u013cu, kas pl\u0101nus var izjaukt vien\u0101 mirkl\u012b. Viens no \u0161\u0101diem apst\u0101k\u013ciem ir streiks, it \u012bpa\u0161i avionozares \u2013 gan lidostu, gan aviokomp\u0101niju, gan da\u017e\u0101du gaisa satiksmes dienestu \u2013 darbinieku streiks. T\u0101 k\u0101 [&hellip;]<\/p>\n","protected":false},"author":20,"featured_media":286166,"comment_status":"closed","ping_status":"closed","sticky":false,"template":"","format":"standard","meta":{"post_subheading":"","post_intro_title":"","post_intro_text":"","post_1_gallery":[],"post_main_content":"","post_banner_title":"","post_banner_text":"","post_source":"","post_faq":[],"post_toc":[],"post_conversion_block":"","post_ai_summary":"","footnotes":""},"categories":[398],"tags":[895,889,694],"country":[],"class_list":["post-286165","post","type-post","status-publish","format-standard","has-post-thumbnail","hentry","category-jaunumi","tag-jaunumi","tag-leta","tag-turisms"],"_links":{"self":[{"href":"https:\/\/new.tripthis.eu\/en\/wp-json\/wp\/v2\/posts\/286165","targetHints":{"allow":["GET"]}}],"collection":[{"href":"https:\/\/new.tripthis.eu\/en\/wp-json\/wp\/v2\/posts"}],"about":[{"href":"https:\/\/new.tripthis.eu\/en\/wp-json\/wp\/v2\/types\/post"}],"author":[{"embeddable":true,"href":"https:\/\/new.tripthis.eu\/en\/wp-json\/wp\/v2\/users\/20"}],"replies":[{"embeddable":true,"href":"https:\/\/new.tripthis.eu\/en\/wp-json\/wp\/v2\/comments?post=286165"}],"version-history":[{"count":0,"href":"https:\/\/new.tripthis.eu\/en\/wp-json\/wp\/v2\/posts\/286165\/revisions"}],"wp:featuredmedia":[{"embeddable":true,"href":"https:\/\/new.tripthis.eu\/en\/wp-json\/"}],"wp:attachment":[{"href":"https:\/\/new.tripthis.eu\/en\/wp-json\/wp\/v2\/media?parent=286165"}],"wp:term":[{"taxonomy":"category","embeddable":true,"href":"https:\/\/new.tripthis.eu\/en\/wp-json\/wp\/v2\/categories?post=286165"},{"taxonomy":"post_tag","embeddable":true,"href":"https:\/\/new.tripthis.eu\/en\/wp-json\/wp\/v2\/tags?post=286165"},{"taxonomy":"country","embeddable":true,"href":"https:\/\/new.tripthis.eu\/en\/wp-json\/wp\/v2\/country?post=286165"}],"curies":[{"name":"wp","href":"https:\/\/api.w.org\/{rel}","templated":true}]}}