{"id":285965,"date":"2025-06-20T09:38:36","date_gmt":"2025-06-20T09:38:36","guid":{"rendered":"https:\/\/tripthis.eu\/?p=285965"},"modified":"2025-06-20T09:38:36","modified_gmt":"2025-06-20T09:38:36","slug":"vesa-vasara-un-garas-janu-brivdienas-veicina-celojumu-pieprasijuma-pieaugumu-junija-celojumi-jau-izpardoti","status":"publish","type":"post","link":"https:\/\/new.tripthis.eu\/en\/vesa-vasara-un-garas-janu-brivdienas-veicina-celojumu-pieprasijuma-pieaugumu-junija-celojumi-jau-izpardoti\/","title":{"rendered":"V\u0113s\u0101 vasara un gar\u0101s J\u0101\u0146u br\u012bvdienas veicina ce\u013cojumu piepras\u012bjuma pieaugumu &#8211; j\u016bnija ce\u013cojumi jau izp\u0101rdoti"},"content":{"rendered":"<p>Source.<\/p>\n<p>Inform\u0101ciju sagatavoja Zane Leite, Join UP! Baltic p\u0101rst\u0101ve.<\/p>\n<p>T\u016broperators Join UP! Baltic nov\u0113ro iev\u0113rojamu pieaugumu vasaras ce\u013cojumu rezerv\u0101cij\u0101s, \u012bpa\u0161i J\u0101\u0146u br\u012bvdienu period\u0101 un visa j\u016bnija ietvaros. Liel\u0101k\u0101 da\u013ca ce\u013cojumu uz \u0161iem galam\u0113r\u0137iem uz L\u012bgo br\u012bvdienu ned\u0113\u013cu jau piln\u012bb\u0101 tika izp\u0101rdoti tr\u012bs ned\u0113\u013cas iepriek\u0161, un \u0161ovasar aktu\u0101l\u0101ka paliek ce\u013cot\u0101ju tendence rezerv\u0113t ce\u013cojumus savlaic\u012bgi &#8211; p\u0113d\u0113j\u0101 br\u012b\u017ea pied\u0101v\u0101jumu \u0161ovasar tikpat k\u0101 nav.<\/p>\n<p>T\u0101di saulaini galam\u0113r\u0137i k\u0101 Turcija, \u0112\u0123ipte, Melnkalne, Tunisija, Alb\u0101nija un Grie\u0137ija joproj\u0101m ir popul\u0101r\u0101k\u0101s izv\u0113les ce\u013cot\u0101ju vid\u016b.<\/p>\n<p>Turcija un \u0112\u0123ipte ar sav\u0101m &#8220;viss iek\u013cauts&#8221; pludmales br\u012bvdien\u0101m un gaisa temperat\u016br\u0101m +30 l\u012bdz +35\u00b0C galvenok\u0101rt piesaista \u0123imenes un p\u0101rus. Savuk\u0101rt Balk\u0101nu valstis un Grie\u0137ija ir iecien\u012btas p\u0101ru un draugu grupu vid\u016b, kas mekl\u0113 akt\u012bv\u0101ku saules, kult\u016bras un dabas atp\u016btas kombin\u0101ciju.<\/p>\n<p>&#8220;\u0160\u012b gada v\u0113s\u0101 vasara mudina cilv\u0113kus pl\u0101not atva\u013cin\u0101jumus krietni agr\u0101k nek\u0101 citus gadus,&#8221; nor\u0101da Join UP! Baltic vad\u012bt\u0101js Aurimas Janu\u0161auskas. &#8220;Nov\u0113rojam, ka arvien vair\u0101k ce\u013cot\u0101ju izv\u0113las pl\u0101not iepriek\u0161, jo p\u0113d\u0113j\u0101 br\u012b\u017ea ce\u013cojumi vairs nav re\u0101la iesp\u0113ja augst\u0101 piepras\u012bjuma d\u0113\u013c.&#8221;<\/p>\n<p>\u0160\u012b tendence attiecas ne tikai uz vasaras periodu, bet ar\u012b rudens-ziemas sezon\u0101: piem\u0113ram, oktobra skol\u0113nu br\u012bvlaika periodam s\u0101kotn\u0113ji iepl\u0101notie ce\u013cojumi uz \u0160arm e\u0161 \u0160eihu \u0112\u0123ipt\u0113 un Tunisiju tika izp\u0101rdoti jau maij\u0101-j\u016bnij\u0101, un, sekojot piepras\u012bjumam, pievienoti papildu reisi uz \u0112\u0123ipti.<\/p>\n<p>Join UP! Baltic \u0161ovasar ir vair\u0101k nek\u0101 dubultojis savu ce\u013cojumu kapacit\u0101ti sal\u012bdzin\u0101jum\u0101 ar iepriek\u0161\u0113jo sezonu, un \u0161obr\u012bd v\u0113l ir pieejamas vietas ce\u013cojumiem uz Turciju j\u016blij\u0101 un august\u0101.<\/p>\n<p>&#8220;Tie ce\u013cot\u0101ji, kas v\u0113las baud\u012bt karstas vasaras br\u012bvdienas, aicin\u0101ti neatlikt rezerv\u0101ciju uz p\u0113d\u0113jo br\u012bdi, jo vietas tiek \u0101tri izp\u0101rdotas,&#8221; nor\u0101da Aurimas Janu\u0161auskas.<\/p>\n<p>Priec\u012bgus sv\u0113tkus!<\/p>","protected":false},"excerpt":{"rendered":"<p>Avots: Leta Inform\u0101ciju sagatavoja Zane Leite, Join UP! Baltic p\u0101rst\u0101ve. T\u016broperators Join UP! Baltic nov\u0113ro iev\u0113rojamu pieaugumu vasaras ce\u013cojumu rezerv\u0101cij\u0101s, \u012bpa\u0161i J\u0101\u0146u br\u012bvdienu period\u0101 un visa j\u016bnija ietvaros. Liel\u0101k\u0101 da\u013ca ce\u013cojumu uz \u0161iem galam\u0113r\u0137iem uz L\u012bgo br\u012bvdienu ned\u0113\u013cu jau piln\u012bb\u0101 tika izp\u0101rdoti tr\u012bs ned\u0113\u013cas iepriek\u0161, un \u0161ovasar aktu\u0101l\u0101ka paliek ce\u013cot\u0101ju tendence rezerv\u0113t ce\u013cojumus savlaic\u012bgi &#8211; [&hellip;]<\/p>\n","protected":false},"author":20,"featured_media":285966,"comment_status":"closed","ping_status":"closed","sticky":false,"template":"","format":"standard","meta":{"post_subheading":"","post_intro_title":"","post_intro_text":"","post_1_gallery":[],"post_main_content":"","post_banner_title":"","post_banner_text":"","post_source":"","post_faq":[],"post_toc":[],"post_conversion_block":"","post_ai_summary":"","footnotes":""},"categories":[398],"tags":[895,889,694],"country":[],"class_list":["post-285965","post","type-post","status-publish","format-standard","has-post-thumbnail","hentry","category-jaunumi","tag-jaunumi","tag-leta","tag-turisms"],"_links":{"self":[{"href":"https:\/\/new.tripthis.eu\/en\/wp-json\/wp\/v2\/posts\/285965","targetHints":{"allow":["GET"]}}],"collection":[{"href":"https:\/\/new.tripthis.eu\/en\/wp-json\/wp\/v2\/posts"}],"about":[{"href":"https:\/\/new.tripthis.eu\/en\/wp-json\/wp\/v2\/types\/post"}],"author":[{"embeddable":true,"href":"https:\/\/new.tripthis.eu\/en\/wp-json\/wp\/v2\/users\/20"}],"replies":[{"embeddable":true,"href":"https:\/\/new.tripthis.eu\/en\/wp-json\/wp\/v2\/comments?post=285965"}],"version-history":[{"count":0,"href":"https:\/\/new.tripthis.eu\/en\/wp-json\/wp\/v2\/posts\/285965\/revisions"}],"wp:featuredmedia":[{"embeddable":true,"href":"https:\/\/new.tripthis.eu\/en\/wp-json\/"}],"wp:attachment":[{"href":"https:\/\/new.tripthis.eu\/en\/wp-json\/wp\/v2\/media?parent=285965"}],"wp:term":[{"taxonomy":"category","embeddable":true,"href":"https:\/\/new.tripthis.eu\/en\/wp-json\/wp\/v2\/categories?post=285965"},{"taxonomy":"post_tag","embeddable":true,"href":"https:\/\/new.tripthis.eu\/en\/wp-json\/wp\/v2\/tags?post=285965"},{"taxonomy":"country","embeddable":true,"href":"https:\/\/new.tripthis.eu\/en\/wp-json\/wp\/v2\/country?post=285965"}],"curies":[{"name":"wp","href":"https:\/\/api.w.org\/{rel}","templated":true}]}}