{"id":285768,"date":"2025-06-04T10:52:46","date_gmt":"2025-06-04T10:52:46","guid":{"rendered":"https:\/\/tripthis.eu\/?p=285768"},"modified":"2025-06-04T10:52:46","modified_gmt":"2025-06-04T10:52:46","slug":"airbaltic-izzino-jaunu-tieso-galamerki-lidojumi-no-rigas-uz-faro-sakot-no-e121-turp-atpakal","status":"publish","type":"post","link":"https:\/\/new.tripthis.eu\/en\/airbaltic-izzino-jaunu-tieso-galamerki-lidojumi-no-rigas-uz-faro-sakot-no-e121-turp-atpakal\/","title":{"rendered":"Airbaltic izzi\u0146o jaunu tie\u0161o galam\u0113r\u0137i! Lidojumi no R\u012bgas uz Faro s\u0101kot no \u20ac121!"},"content":{"rendered":"<p><a href=\"https:\/\/www.airbaltic.com\/lv\/lidojumi-uz-faro?origin=RIXA\" target=\"_blank\" rel=\"noopener\"><img fetchpriority=\"high\" decoding=\"async\" class=\"alignnone wp-image-285769 size-full\" src=\"https:\/\/new.tripthis.eu\/wp-content\/uploads\/2025\/06\/Screenshot-2025-06-04-134255.png\" alt=\"airbaltic jaunie galam\u0113r\u0137i\" width=\"817\" height=\"418\" \/><\/a><\/p>\n<p>S\u0101kot no 6. septembra, Airbaltic izzi\u0146o jaunu tie\u0161o galam\u0113r\u0137i! Tie\u0161ie lidojumi no R\u012bgas uz Faro s\u0101kot no <strong>\u20ac121 (turp-atpaka\u013c)<\/strong>!<\/p>\n<article class=\"text-token-text-primary w-full\" dir=\"auto\" data-testid=\"conversation-turn-2\" data-scroll-anchor=\"true\">\n<div class=\"text-base my-auto mx-auto py-5 [--thread-content-margin:--spacing(4)] @[37rem]:[--thread-content-margin:--spacing(6)] @[72rem]:[--thread-content-margin:--spacing(16)] px-(--thread-content-margin)\">\n<div class=\"[--thread-content-max-width:32rem] @[34rem]:[--thread-content-max-width:40rem] @[64rem]:[--thread-content-max-width:48rem] mx-auto flex max-w-(--thread-content-max-width) flex-1 text-base gap-4 md:gap-5 lg:gap-6 group\/turn-messages focus-visible:outline-hidden\" tabindex=\"-1\">\n<div class=\"group\/conversation-turn relative flex w-full min-w-0 flex-col agent-turn\">\n<div class=\"relative flex-col gap-1 md:gap-3\">\n<div class=\"flex max-w-full flex-col grow\">\n<div class=\"min-h-8 text-message relative flex w-full flex-col items-end gap-2 text-start break-words whitespace-normal [.text-message+&amp;]:mt-5\" dir=\"auto\" data-message-author-role=\"assistant\" data-message-id=\"699baf3c-6aa8-4a56-ba6c-6844ae095b50\" data-message-model-slug=\"gpt-4o\">\n<div class=\"flex w-full flex-col gap-1 empty:hidden first:pt-[3px]\">\n<div class=\"markdown prose dark:prose-invert w-full break-words light\">\n<p data-start=\"0\" data-end=\"686\" data-is-last-node=\"\" data-is-only-node=\"\">Faro, Portug\u0101les dienvidu pils\u0113ta un Algarves re\u0123iona galvaspils\u0113ta, ir lieliska vieta gan atp\u016btai, gan kult\u016bras baud\u012b\u0161anai. Apmekl\u0113t\u0101ji var izp\u0113t\u012bt gleznaino Vecpils\u0113tu (Cidade Velha) ar t\u0101s bru\u0123\u0113taj\u0101m ieli\u0146\u0101m, sen\u0101m pils\u0113tas sien\u0101m un baroka stila Arco da Vila v\u0101rtiem. Noteikti ir v\u0113rts apskat\u012bt Faro katedr\u0101li un neparasto Kaulu kapelu (Capela dos Ossos), kuras sienas izrot\u0101tas ar cilv\u0113ku kauliem. Dabas m\u012b\u013cot\u0101jiem iesak\u0101ms izbrauciens ar laivu uz Ria Formosa dabas parku \u2013 unik\u0101lu lag\u016bnu sist\u0113mu, kur\u0101 m\u0101jo da\u017e\u0101das putnu sugas. Interesants fakts \u2013 Faro ir ar\u012b viens no nedaudzajiem Portug\u0101les re\u0123ioniem, kur var redz\u0113t flamingus savva\u013c\u0101, \u012bpa\u0161i pavasara un rudens migr\u0101cijas laik\u0101.<\/p>\n<\/div>\n<\/div>\n<\/div>\n<\/div>\n<div class=\"flex min-h-[46px] justify-start\"><\/div>\n<\/div>\n<\/div>\n<\/div>\n<\/div>\n<\/article>\n<p>Lidojumi b\u016bs pieejami katru sestdienu, vien\u0101 un taj\u0101 pa\u0161\u0101 laik\u0101!<\/p>\n<p style=\"text-align: left;\"><strong>Bi\u013ce\u0161u cenu piem\u0113ri:<\/strong><\/p>\n<p>\u00a0 <a href=\"https:\/\/www.airbaltic.com\/lv\/lidojumi-uz-faro?origin=RIXA\" target=\"_blank\" rel=\"noopener\"><img decoding=\"async\" class=\"alignnone wp-image-285771 size-full\" src=\"https:\/\/new.tripthis.eu\/wp-content\/uploads\/2025\/06\/Screenshot-2025-06-04-134713.png\" alt=\"airbaltic jaunie galam\u0113r\u0137i\" width=\"743\" height=\"600\" \/><\/a><\/p>\n<h2 style=\"text-align: center;\"><a href=\"https:\/\/www.airbaltic.com\/lv\/lidojumi-uz-faro?origin=RIXA\" target=\"_blank\" rel=\"noopener\">DODIES UZ\u00a0AIRBALTIC M\u0100JASLAPU\u00a0UN NENOKAV\u0112 IESP\u0112JU!<\/a><\/h2>\n<p>[INSERT_ELEMENTOR id=&#8221;23936&#8243;]<\/p>\n","protected":false},"excerpt":{"rendered":"<p>S\u0101kot no 6. septembra, Airbaltic izzi\u0146o jaunu tie\u0161o galam\u0113r\u0137i! Tie\u0161ie lidojumi no R\u012bgas uz Faro s\u0101kot no \u20ac121 (turp-atpaka\u013c)! Faro, Portug\u0101les dienvidu pils\u0113ta un Algarves re\u0123iona galvaspils\u0113ta, ir lieliska vieta gan atp\u016btai, gan kult\u016bras baud\u012b\u0161anai. Apmekl\u0113t\u0101ji var izp\u0113t\u012bt gleznaino Vecpils\u0113tu (Cidade Velha) ar t\u0101s bru\u0123\u0113taj\u0101m ieli\u0146\u0101m, sen\u0101m pils\u0113tas sien\u0101m un baroka stila Arco da Vila [&hellip;]<\/p>\n","protected":false},"author":20,"featured_media":283665,"comment_status":"closed","ping_status":"closed","sticky":false,"template":"","format":"standard","meta":{"post_subheading":"","post_intro_title":"","post_intro_text":"","post_1_gallery":[],"post_main_content":"","post_banner_title":"","post_banner_text":"","post_source":"","post_faq":[],"post_toc":[],"post_conversion_block":"","post_ai_summary":"","footnotes":""},"categories":[383],"tags":[397,508,964,389],"country":[],"class_list":["post-285768","post","type-post","status-publish","format-standard","has-post-thumbnail","hentry","category-letas-aviobiletes","tag-airbaltic-lidojumi","tag-faro","tag-jaunie-galamerki","tag-letas-aviobiletes-uz-portugali"],"_links":{"self":[{"href":"https:\/\/new.tripthis.eu\/en\/wp-json\/wp\/v2\/posts\/285768","targetHints":{"allow":["GET"]}}],"collection":[{"href":"https:\/\/new.tripthis.eu\/en\/wp-json\/wp\/v2\/posts"}],"about":[{"href":"https:\/\/new.tripthis.eu\/en\/wp-json\/wp\/v2\/types\/post"}],"author":[{"embeddable":true,"href":"https:\/\/new.tripthis.eu\/en\/wp-json\/wp\/v2\/users\/20"}],"replies":[{"embeddable":true,"href":"https:\/\/new.tripthis.eu\/en\/wp-json\/wp\/v2\/comments?post=285768"}],"version-history":[{"count":0,"href":"https:\/\/new.tripthis.eu\/en\/wp-json\/wp\/v2\/posts\/285768\/revisions"}],"wp:featuredmedia":[{"embeddable":true,"href":"https:\/\/new.tripthis.eu\/en\/wp-json\/"}],"wp:attachment":[{"href":"https:\/\/new.tripthis.eu\/en\/wp-json\/wp\/v2\/media?parent=285768"}],"wp:term":[{"taxonomy":"category","embeddable":true,"href":"https:\/\/new.tripthis.eu\/en\/wp-json\/wp\/v2\/categories?post=285768"},{"taxonomy":"post_tag","embeddable":true,"href":"https:\/\/new.tripthis.eu\/en\/wp-json\/wp\/v2\/tags?post=285768"},{"taxonomy":"country","embeddable":true,"href":"https:\/\/new.tripthis.eu\/en\/wp-json\/wp\/v2\/country?post=285768"}],"curies":[{"name":"wp","href":"https:\/\/api.w.org\/{rel}","templated":true}]}}