{"id":285753,"date":"2025-06-02T07:59:04","date_gmt":"2025-06-02T07:59:04","guid":{"rendered":"https:\/\/tripthis.eu\/?p=285753"},"modified":"2025-06-02T07:59:04","modified_gmt":"2025-06-02T07:59:04","slug":"tm-atgadina-celojot-vai-atrodoties-ilgaku-laiku-arvalstis-abiem-vecakiem-jabut-informetiem-par-berna-atrasanas-vietu","status":"publish","type":"post","link":"https:\/\/new.tripthis.eu\/en\/tm-atgadina-celojot-vai-atrodoties-ilgaku-laiku-arvalstis-abiem-vecakiem-jabut-informetiem-par-berna-atrasanas-vietu\/","title":{"rendered":"TM atg\u0101dina: ce\u013cojot vai atrodoties ilg\u0101ku laiku \u0101rvalst\u012bs, abiem vec\u0101kiem j\u0101b\u016bt inform\u0113tiem par b\u0113rna atra\u0161an\u0101s vietu"},"content":{"rendered":"<p>Source.<\/p>\n<p>Inform\u0101ciju sagatavoja Tieslietu ministrijas Komunik\u0101cijas departaments.<\/p>\n<p>\u0145emot v\u0113r\u0101 vasaras br\u012bvlaika un atva\u013cin\u0101jumu perioda s\u0101k\u0161anos, Tieslietu ministrija atg\u0101dina &#8211; abiem vec\u0101kiem j\u0101b\u016bt inform\u0113tiem par kop\u012bg\u0101 b\u0113rna atra\u0161an\u0101s vietu. R\u012bc\u012bbu, kad viens no vec\u0101kiem pie\u0146\u0113mis vienpersonisku l\u0113mumu kop\u0101 ar b\u0113rnu aizce\u013cot vai ilgsto\u0161i uztur\u0113ties cit\u0101 valst\u012b, b\u016btiski ierobe\u017eojot otra vec\u0101ka aizg\u0101d\u012bbas un saskarsmes ties\u012bbas, juridiski d\u0113v\u0113 par b\u0113rna civiltiesisko nolaup\u012b\u0161anu.<\/p>\n<p>Tieslietu ministrija ir centr\u0101l\u0101 iest\u0101de, kas pal\u012bdz risin\u0101t \u0161\u0101dus jaut\u0101jumus, piem\u0113ram, par b\u0113rna atgrie\u0161anu m\u0101j\u0101s. Tas noz\u012bm\u0113, ja Tieslietu ministrija sa\u0146em personas (viena no vec\u0101kiem) piepras\u012bjumu, ka nav zin\u0101ma b\u0113rna uztur\u0113\u0161an\u0101s vieta cit\u0101 valst\u012b, Tieslietu ministrija iesaist\u0101s situ\u0101cijas risin\u0101\u0161an\u0101.<\/p>\n<p>Tieslietu ministre Inese L\u012bbi\u0146a-Egnere nor\u0101da: &#8220;B\u0113rniem draudz\u012bga tiesiskuma stiprin\u0101\u0161ana ir viena no Tieslietu ministrijas galvenaj\u0101m priorit\u0101t\u0113m, t\u0101p\u0113c aicinu vec\u0101kus vienm\u0113r \u0146emt v\u0113r\u0101 to, k\u0101das var b\u016bt sekas, ja vec\u0101ki nesazin\u0101s un ner\u012bkojas b\u0113rna vislab\u0101kaj\u0101s interes\u0113s. Vec\u0101kiem ir j\u0101apzin\u0101s, ka lab\u0101kais risin\u0101jums vienm\u0113r b\u016bs savstarp\u0113ja vieno\u0161an\u0101s un komunik\u0101cija, jo tiesiskie procesi, kuros tiek iesaist\u012bta Tieslietu ministrija, ir uzskat\u0101mi jau par str\u012bda eskal\u0101ciju.&#8221;<\/p>\n<p>Tieslietu ministrija vid\u0113ji gad\u0101 sa\u0146em 30-40 jaunu piepras\u012bjumu par b\u0113rnu atgrie\u0161anu past\u0101v\u012bg\u0101s dz\u012bvesvietas valst\u012b. Tas ietver gan gad\u012bjumus, kad pieprasa atgriezt b\u0113rnus no \u0101rvalsts uz Latviju, gan otr\u0101di. Nov\u0113rojams, ka \u0161\u0101du gad\u012bjumu skaits b\u016btiski pieaug tie\u0161i vasaras period\u0101, kad, s\u0101koties skol\u0113nu br\u012bvlaikam, b\u0113rni tiek vesti ce\u013cojumos vai dodas uz citu valsti uz ilg\u0101ku laika periodu.<\/p>\n<p>Tieslietu ministrija aicina b\u0113rna vec\u0101kus savstarp\u0113ji komunic\u0113t, sniedzot inform\u0101ciju par ce\u013co\u0161anas pl\u0101niem kop\u0101 ar b\u0113rnu, lai izvair\u012btos no domstarp\u012bb\u0101m un tiesiskaj\u0101m sek\u0101m, kas var\u0113tu rasties.<\/p>\n<p>2025.gada pirmajos piecos m\u0113ne\u0161os Tieslietu ministrija ir koordin\u0113jusi:<\/p>\n<p>\u2022 9 gad\u012bjumus, kuros b\u0113rni aizvesti prom no Latvijas un tiek l\u016bgta b\u0113rnu atgrie\u0161ana Latvij\u0101;<\/p>\n<p>\u2022 6 gad\u012bjumus, kur b\u0113rni atvesti uz Latviju no past\u0101v\u012bg\u0101s dz\u012bvesvietas valsts k\u0101d\u0101 \u0101rvalst\u012b, un tiek l\u016bgta b\u0113rnu atgrie\u0161ana \u0101rvalst\u012b;<\/p>\n<p>\u2022 2 gad\u012bjumus par Latvij\u0101 dz\u012bvojo\u0161a vec\u0101ka saskarsmes nodro\u0161in\u0101\u0161anu ar b\u0113rnu, kur\u0161 dz\u012bvo \u0101rvalst\u012b;<\/p>\n<p>\u2022 1 gad\u012bjums, kur \u0101rvalst\u012b dz\u012bvojo\u0161ais vec\u0101ks l\u016bdz saskarsmi ar Latvij\u0101 dz\u012bvojo\u0161o b\u0113rnu.<\/p>\n<p>Kas ir b\u0113rnu prettiesiska aizve\u0161ana un ko dar\u012bt, ja t\u0101da ir notikusi, skaidrojam ar\u012b \u0161aj\u0101 video materi\u0101l\u0101. Savuk\u0101rt raidieraksta epizod\u0113 tieslietu ministre Inese L\u012bbi\u0146a-Egnere, zv\u0113rin\u0101ta advok\u0101te Baiba Didrihsone un R\u012bgas pils\u0113tas tiesas priek\u0161s\u0113d\u0113t\u0101ja vietniece Sanita Strak\u0161e piev\u0113r\u0161as starptautisk\u0101m ties\u012bbu probl\u0113m\u0101m, kas skar \u0123imenes dz\u012bvi un t\u0101s sare\u017e\u0123\u012bjumus. Iepaz\u012bstina ar re\u0101liem gad\u012bjumiem, kuros starptautisk\u0101s ties\u012bbas sp\u0113l\u0113 noz\u012bm\u012bgu lomu, un sniedz praktiskus ieteikumus vec\u0101kiem, k\u0101 r\u012bkoties, ja \u0123imene non\u0101k \u0161\u0101d\u0101 kr\u012bz\u0113.<\/p>\n<p>B\u0113rna civiltiesisk\u0101s nolaup\u012b\u0161anas jaut\u0101jumus regul\u0113 H\u0101gas Konvencija par starptautisk\u0101s b\u0113rnu nolaup\u012b\u0161anas civiltiesiskajiem aspektiem. Inform\u0101cija, k\u0101 r\u012bkoties un kur v\u0113rsties p\u0113c pal\u012bdz\u012bbas b\u0113rna pretlikum\u012bgas p\u0101rvieto\u0161anas uz citu valsti gad\u012bjumos, pieejama Tieslietu ministrijas t\u012bmek\u013ca vietn\u0113.<\/p>","protected":false},"excerpt":{"rendered":"<p>Avots: Leta Inform\u0101ciju sagatavoja Tieslietu ministrijas Komunik\u0101cijas departaments. \u0145emot v\u0113r\u0101 vasaras br\u012bvlaika un atva\u013cin\u0101jumu perioda s\u0101k\u0161anos, Tieslietu ministrija atg\u0101dina &#8211; abiem vec\u0101kiem j\u0101b\u016bt inform\u0113tiem par kop\u012bg\u0101 b\u0113rna atra\u0161an\u0101s vietu. R\u012bc\u012bbu, kad viens no vec\u0101kiem pie\u0146\u0113mis vienpersonisku l\u0113mumu kop\u0101 ar b\u0113rnu aizce\u013cot vai ilgsto\u0161i uztur\u0113ties cit\u0101 valst\u012b, b\u016btiski ierobe\u017eojot otra vec\u0101ka aizg\u0101d\u012bbas un saskarsmes ties\u012bbas, juridiski [&hellip;]<\/p>\n","protected":false},"author":20,"featured_media":285754,"comment_status":"closed","ping_status":"closed","sticky":false,"template":"","format":"standard","meta":{"post_subheading":"","post_intro_title":"","post_intro_text":"","post_1_gallery":[],"post_main_content":"","post_banner_title":"","post_banner_text":"","post_source":"","post_faq":[],"post_toc":[],"post_conversion_block":"","post_ai_summary":"","footnotes":""},"categories":[398],"tags":[895,889,694],"country":[],"class_list":["post-285753","post","type-post","status-publish","format-standard","has-post-thumbnail","hentry","category-jaunumi","tag-jaunumi","tag-leta","tag-turisms"],"_links":{"self":[{"href":"https:\/\/new.tripthis.eu\/en\/wp-json\/wp\/v2\/posts\/285753","targetHints":{"allow":["GET"]}}],"collection":[{"href":"https:\/\/new.tripthis.eu\/en\/wp-json\/wp\/v2\/posts"}],"about":[{"href":"https:\/\/new.tripthis.eu\/en\/wp-json\/wp\/v2\/types\/post"}],"author":[{"embeddable":true,"href":"https:\/\/new.tripthis.eu\/en\/wp-json\/wp\/v2\/users\/20"}],"replies":[{"embeddable":true,"href":"https:\/\/new.tripthis.eu\/en\/wp-json\/wp\/v2\/comments?post=285753"}],"version-history":[{"count":0,"href":"https:\/\/new.tripthis.eu\/en\/wp-json\/wp\/v2\/posts\/285753\/revisions"}],"wp:featuredmedia":[{"embeddable":true,"href":"https:\/\/new.tripthis.eu\/en\/wp-json\/"}],"wp:attachment":[{"href":"https:\/\/new.tripthis.eu\/en\/wp-json\/wp\/v2\/media?parent=285753"}],"wp:term":[{"taxonomy":"category","embeddable":true,"href":"https:\/\/new.tripthis.eu\/en\/wp-json\/wp\/v2\/categories?post=285753"},{"taxonomy":"post_tag","embeddable":true,"href":"https:\/\/new.tripthis.eu\/en\/wp-json\/wp\/v2\/tags?post=285753"},{"taxonomy":"country","embeddable":true,"href":"https:\/\/new.tripthis.eu\/en\/wp-json\/wp\/v2\/country?post=285753"}],"curies":[{"name":"wp","href":"https:\/\/api.w.org\/{rel}","templated":true}]}}