{"id":285489,"date":"2025-05-18T13:37:59","date_gmt":"2025-05-18T13:37:59","guid":{"rendered":"https:\/\/tripthis.eu\/?p=285489"},"modified":"2025-05-18T13:37:59","modified_gmt":"2025-05-18T13:37:59","slug":"lidojumi-no-rigas-uz-maljorku-augusta-sakot-no-e118-turp-atpakal-viesnica-maljorka-par-e96-diennakti","status":"publish","type":"post","link":"https:\/\/new.tripthis.eu\/en\/lidojumi-no-rigas-uz-maljorku-augusta-sakot-no-e118-turp-atpakal-viesnica-maljorka-par-e96-diennakti\/","title":{"rendered":"Flights from Riga to Mallorca in August from \u20ac118 (return) + hotel in Mallorca for \u20ac96 per night!"},"content":{"rendered":"<p>Lieliska cena lidojumam no R\u012bgas uz Maljorku! Dodies uz m\u016b\u017e\u012bg\u0101s vasaras salu &#8211; Maljorku no <span style=\"font-size: 14px; text-align: justify;\"> <strong>\u20ac118 <\/strong><\/span><strong>(turp-atpaka\u013c). <\/strong>Sal\u0101 neaizmirsti apskat\u012bt Serra de Traumuntana kalnu mas\u012bvu, Maljorkas simbolu &#8211; La Seu jeb Santa Maria katedr\u0101li, Parc Natural De Mondrago nacion\u0101lo parku, k\u0101 ar\u012b gotisko m\u0101kslas darbu &#8211; Bellver pili.<\/p>\n<p>Vair\u0101k par apskates viet\u0101m Maljork\u0101 lasi m\u016bsu bloga rakst\u0101 <a href=\"https:\/\/new.tripthis.eu\/blogi\/piecas-apskates-vietas-maljorka\/\" target=\"_blank\" rel=\"noopener\">\u0161eit<\/a> &#8211; <a href=\"https:\/\/new.tripthis.eu\/blogi\/piecas-apskates-vietas-maljorka\/\" target=\"_blank\" rel=\"noopener\">https:\/\/new.tripthis.eu\/blogi\/piecas-apskates-vietas-maljorka\/<\/a><\/p>\n<h3><strong>LIDOJUMU DATUMI:<\/strong><\/h3>\n<p><strong>Lidojums turp: R\u012bga &#8211; Stokholma &#8211; Maljorka<\/strong><strong><br \/>\nLidojums atpaka\u013c : Maljorka &#8211; Stokholma <\/strong><strong>&#8211; R\u012bga<\/strong><\/p>\n<ul style=\"list-style-type: circle;\">\n<li><a href=\"https:\/\/skyscanner.pxf.io\/LK57Eo\" target=\"_blank\" rel=\"noopener\">22.08 &#8211; 28.08 \u20ac118 (7 dienas)<\/a><\/li>\n<li><a href=\"https:\/\/skyscanner.pxf.io\/9L90qj\" target=\"_blank\" rel=\"noopener\">22.08 &#8211; 29.08 \u20ac129 (8 dienas)<\/a><\/li>\n<li><a href=\"https:\/\/skyscanner.pxf.io\/POA7nN\" target=\"_blank\" rel=\"noopener\">14.08 &#8211; 21.08 \u20ac118 (8 dienas)<\/a><\/li>\n<li><a href=\"https:\/\/skyscanner.pxf.io\/e1QYjX\" target=\"_blank\" rel=\"noopener\">13.08 -20.08 \u20ac122 (8 dienas)<\/a><\/li>\n<li><a href=\"https:\/\/skyscanner.pxf.io\/qz0Yoj\" target=\"_blank\" rel=\"noopener\">13.08 &#8211; 24.08 \u20ac142 (12 dienas)<\/a><\/li>\n<li><span style=\"font-size: 14px;\">*Bi\u013ce\u0161u cenas var main\u012bties<\/span><\/li>\n<\/ul>\n<p><strong>Piem\u0113rs bi\u013ce\u0161u cen\u0101m:<\/strong><\/p>\n<p><a href=\"https:\/\/skyscanner.pxf.io\/LK57Eo\" target=\"_blank\" rel=\"noopener\"><img fetchpriority=\"high\" decoding=\"async\" class=\"alignnone wp-image-285490 size-full\" src=\"https:\/\/new.tripthis.eu\/wp-content\/uploads\/2025\/05\/Screenshot_2-1.png\" alt=\"L\u0113tas aviobi\u013cetes uz Maljorku Sp\u0101nij\u0101\" width=\"710\" height=\"138\" \/><\/a><\/p>\n<h2 style=\"text-align: center;\"><a href=\"https:\/\/skyscanner.pxf.io\/LK57Eo\" target=\"_blank\" rel=\"noopener\">Aviobi\u013cetes mekl\u0113 \u0161eit<\/a><\/h2>\n<p>&nbsp;<\/p>\n<p><a href=\"https:\/\/www.booking.com\/hotel\/es\/sa-hostal-da-esporles.en.html?aid=7902493&amp;checkin_monthday=22&amp;checkin_month=8&amp;checkin_year=2025&amp;checkout_monthday=28&amp;checkout_month=8&amp;checkout_year=2025&amp;no_rooms=1&amp;group_adults=2\" target=\"_blank\" rel=\"noopener\"><img decoding=\"async\" class=\"aligncenter wp-image-285491 size-full\" src=\"https:\/\/new.tripthis.eu\/wp-content\/uploads\/2025\/05\/Screenshot_3-1.png\" alt=\"L\u0113tas aviobi\u013cetes uz Maljorku Sp\u0101nij\u0101\" width=\"809\" height=\"268\" \/><\/a><\/p>\n<h2 style=\"text-align: center;\"><a href=\"https:\/\/www.booking.com\/hotel\/es\/sa-hostal-da-esporles.en.html?aid=7902493&amp;checkin_monthday=22&amp;checkin_month=8&amp;checkin_year=2025&amp;checkout_monthday=28&amp;checkout_month=8&amp;checkout_year=2025&amp;no_rooms=1&amp;group_adults=2\" target=\"_blank\" rel=\"noopener\">Viesn\u012bca Maljork\u0101 par \u20ac96 diennakt\u012b! Pied\u0101v\u0101jumu mekl\u0113 \u0161eit!<\/a><\/h2>\n<p>[INSERT_ELEMENTOR id=&#8221;23936&#8243;]<\/p>\n","protected":false},"excerpt":{"rendered":"<p>Lieliska cena lidojumam no R\u012bgas uz Maljorku! Dodies uz m\u016b\u017e\u012bg\u0101s vasaras salu &#8211; Maljorku no \u20ac118 (turp-atpaka\u013c). Sal\u0101 neaizmirsti apskat\u012bt Serra de Traumuntana kalnu mas\u012bvu, Maljorkas simbolu &#8211; La Seu jeb Santa Maria katedr\u0101li, Parc Natural De Mondrago nacion\u0101lo parku, k\u0101 ar\u012b gotisko m\u0101kslas darbu &#8211; Bellver pili. Vair\u0101k par apskates viet\u0101m Maljork\u0101 lasi m\u016bsu [&hellip;]<\/p>\n","protected":false},"author":20,"featured_media":80772,"comment_status":"closed","ping_status":"closed","sticky":false,"template":"","format":"standard","meta":{"post_subheading":"","post_intro_title":"","post_intro_text":"","post_1_gallery":[],"post_main_content":"","post_banner_title":"","post_banner_text":"","post_source":"","post_faq":[],"post_toc":[],"post_conversion_block":"","post_ai_summary":"","footnotes":""},"categories":[383],"tags":[800,546,555,577,390],"country":[],"class_list":["post-285489","post","type-post","status-publish","format-standard","has-post-thumbnail","hentry","category-letas-aviobiletes","tag-800","tag-augusts","tag-maljorka","tag-norwegian","tag-aviobiletes-uz-spaniju"],"_links":{"self":[{"href":"https:\/\/new.tripthis.eu\/en\/wp-json\/wp\/v2\/posts\/285489","targetHints":{"allow":["GET"]}}],"collection":[{"href":"https:\/\/new.tripthis.eu\/en\/wp-json\/wp\/v2\/posts"}],"about":[{"href":"https:\/\/new.tripthis.eu\/en\/wp-json\/wp\/v2\/types\/post"}],"author":[{"embeddable":true,"href":"https:\/\/new.tripthis.eu\/en\/wp-json\/wp\/v2\/users\/20"}],"replies":[{"embeddable":true,"href":"https:\/\/new.tripthis.eu\/en\/wp-json\/wp\/v2\/comments?post=285489"}],"version-history":[{"count":0,"href":"https:\/\/new.tripthis.eu\/en\/wp-json\/wp\/v2\/posts\/285489\/revisions"}],"wp:featuredmedia":[{"embeddable":true,"href":"https:\/\/new.tripthis.eu\/en\/wp-json\/"}],"wp:attachment":[{"href":"https:\/\/new.tripthis.eu\/en\/wp-json\/wp\/v2\/media?parent=285489"}],"wp:term":[{"taxonomy":"category","embeddable":true,"href":"https:\/\/new.tripthis.eu\/en\/wp-json\/wp\/v2\/categories?post=285489"},{"taxonomy":"post_tag","embeddable":true,"href":"https:\/\/new.tripthis.eu\/en\/wp-json\/wp\/v2\/tags?post=285489"},{"taxonomy":"country","embeddable":true,"href":"https:\/\/new.tripthis.eu\/en\/wp-json\/wp\/v2\/country?post=285489"}],"curies":[{"name":"wp","href":"https:\/\/api.w.org\/{rel}","templated":true}]}}