{"id":285454,"date":"2025-05-14T11:17:22","date_gmt":"2025-05-14T11:17:22","guid":{"rendered":"https:\/\/tripthis.eu\/?p=285454"},"modified":"2025-05-14T11:17:22","modified_gmt":"2025-05-14T11:17:22","slug":"uzaicinajums-medijiem-prezentes-2025-gada-turisma-datus-riga","status":"publish","type":"post","link":"https:\/\/new.tripthis.eu\/en\/uzaicinajums-medijiem-prezentes-2025-gada-turisma-datus-riga\/","title":{"rendered":"Uzaicin\u0101jums medijiem &#8211; prezent\u0113s 2025.gada t\u016brisma datus R\u012bg\u0101"},"content":{"rendered":"<p>Source.<\/p>\n<p>Inform\u0101ciju sagatavoja Sindija Gr\u0101vere, R\u012bgas pa\u0161vald\u012bbas Komunik\u0101cijas p\u0101rvaldes \u0100r\u0113j\u0101s komunik\u0101cijas noda\u013cas vad\u012bt\u0101ja.<\/p>\n<p>Piektdien, 16.maij\u0101, plkst.14.00 R\u012bgas Invest\u012bciju un T\u016brisma a\u0123ent\u016bras biroj\u0101, Tor\u0146a iel\u0101 3b-4, norisin\u0101sies preses konference, kur\u0101 tiks prezent\u0113ti 2025.gada t\u016brisma dati R\u012bg\u0101 un m\u0101rketinga aktualit\u0101tes.<\/p>\n<p>Preses konferenc\u0113 piedal\u012bsies R\u012bgas domes priek\u0161s\u0113d\u0113t\u0101js Vilnis \u0136irsis, R\u012bgas Invest\u012bciju un t\u016brisma a\u0123ent\u016bras direktors Fredis Bikovs un Starptautisk\u0101 m\u0101rketinga un sadarb\u012bbas p\u0101rvaldes vad\u012bt\u0101ja Linda Pede.<\/p>\n<p>Laipni aicin\u0101ti mediju p\u0101rst\u0101vji.<\/p>\n<p>Papildu inform\u0101cija:<\/p>\n<p>tel. 26207745, e-pasts: sindija.gravere@riga.lv<\/p>","protected":false},"excerpt":{"rendered":"<p>Avots: Leta Inform\u0101ciju sagatavoja Sindija Gr\u0101vere, R\u012bgas pa\u0161vald\u012bbas Komunik\u0101cijas p\u0101rvaldes \u0100r\u0113j\u0101s komunik\u0101cijas noda\u013cas vad\u012bt\u0101ja. Piektdien, 16.maij\u0101, plkst.14.00 R\u012bgas Invest\u012bciju un T\u016brisma a\u0123ent\u016bras biroj\u0101, Tor\u0146a iel\u0101 3b-4, norisin\u0101sies preses konference, kur\u0101 tiks prezent\u0113ti 2025.gada t\u016brisma dati R\u012bg\u0101 un m\u0101rketinga aktualit\u0101tes. Preses konferenc\u0113 piedal\u012bsies R\u012bgas domes priek\u0161s\u0113d\u0113t\u0101js Vilnis \u0136irsis, R\u012bgas Invest\u012bciju un t\u016brisma a\u0123ent\u016bras direktors Fredis Bikovs [&hellip;]<\/p>\n","protected":false},"author":20,"featured_media":284759,"comment_status":"closed","ping_status":"closed","sticky":false,"template":"","format":"standard","meta":{"post_subheading":"","post_intro_title":"","post_intro_text":"","post_1_gallery":[],"post_main_content":"","post_banner_title":"","post_banner_text":"","post_source":"","post_faq":[],"post_toc":[],"post_conversion_block":"","post_ai_summary":"","footnotes":""},"categories":[398],"tags":[895,889,694],"country":[],"class_list":["post-285454","post","type-post","status-publish","format-standard","has-post-thumbnail","hentry","category-jaunumi","tag-jaunumi","tag-leta","tag-turisms"],"_links":{"self":[{"href":"https:\/\/new.tripthis.eu\/en\/wp-json\/wp\/v2\/posts\/285454","targetHints":{"allow":["GET"]}}],"collection":[{"href":"https:\/\/new.tripthis.eu\/en\/wp-json\/wp\/v2\/posts"}],"about":[{"href":"https:\/\/new.tripthis.eu\/en\/wp-json\/wp\/v2\/types\/post"}],"author":[{"embeddable":true,"href":"https:\/\/new.tripthis.eu\/en\/wp-json\/wp\/v2\/users\/20"}],"replies":[{"embeddable":true,"href":"https:\/\/new.tripthis.eu\/en\/wp-json\/wp\/v2\/comments?post=285454"}],"version-history":[{"count":0,"href":"https:\/\/new.tripthis.eu\/en\/wp-json\/wp\/v2\/posts\/285454\/revisions"}],"wp:featuredmedia":[{"embeddable":true,"href":"https:\/\/new.tripthis.eu\/en\/wp-json\/"}],"wp:attachment":[{"href":"https:\/\/new.tripthis.eu\/en\/wp-json\/wp\/v2\/media?parent=285454"}],"wp:term":[{"taxonomy":"category","embeddable":true,"href":"https:\/\/new.tripthis.eu\/en\/wp-json\/wp\/v2\/categories?post=285454"},{"taxonomy":"post_tag","embeddable":true,"href":"https:\/\/new.tripthis.eu\/en\/wp-json\/wp\/v2\/tags?post=285454"},{"taxonomy":"country","embeddable":true,"href":"https:\/\/new.tripthis.eu\/en\/wp-json\/wp\/v2\/country?post=285454"}],"curies":[{"name":"wp","href":"https:\/\/api.w.org\/{rel}","templated":true}]}}