{"id":284952,"date":"2025-04-06T10:44:30","date_gmt":"2025-04-06T10:44:30","guid":{"rendered":"https:\/\/tripthis.eu\/?p=284952"},"modified":"2025-04-06T10:44:30","modified_gmt":"2025-04-06T10:44:30","slug":"lidojumi-no-rigas-uz-maljorku-sakot-no-e109-turp-atpakal-4-viesnica-maljorka-par-e87-diennakti","status":"publish","type":"post","link":"https:\/\/new.tripthis.eu\/en\/lidojumi-no-rigas-uz-maljorku-sakot-no-e109-turp-atpakal-4-viesnica-maljorka-par-e87-diennakti\/","title":{"rendered":"Lidojumi no R\u012bgas uz Maljorku s\u0101kot no \u20ac109 (turp-atpaka\u013c) + 4* viesn\u012bca Maljork\u0101 par \u20ac87 diennakt\u012b!"},"content":{"rendered":"<p>Lieliska cena lidojumam no R\u012bgas uz Maljorku! Dodies uz m\u016b\u017e\u012bg\u0101s vasaras salu &#8211; Maljorku no <span style=\"font-size: 14px; text-align: justify;\"> <strong>\u20ac109 <\/strong><\/span><strong>(turp-atpaka\u013c). <\/strong>Sal\u0101 neaizmirsti apskat\u012bt Serra de Traumuntana kalnu mas\u012bvu, Maljorkas simbolu &#8211; La Seu jeb Santa Maria katedr\u0101li, Parc Natural De Mondrago nacion\u0101lo parku, k\u0101 ar\u012b gotisko m\u0101kslas darbu &#8211; Bellver pili.<\/p>\n<p>Vair\u0101k par apskates viet\u0101m Maljork\u0101 lasi m\u016bsu bloga rakst\u0101 <a href=\"https:\/\/new.tripthis.eu\/blogi\/piecas-apskates-vietas-maljorka\/\" target=\"_blank\" rel=\"noopener\">\u0161eit<\/a> &#8211; <a href=\"https:\/\/new.tripthis.eu\/blogi\/piecas-apskates-vietas-maljorka\/\" target=\"_blank\" rel=\"noopener\">https:\/\/new.tripthis.eu\/blogi\/piecas-apskates-vietas-maljorka\/<\/a><\/p>\n<h3><strong>LIDOJUMU DATUMI:<\/strong><\/h3>\n<p><strong>Lidojums turp: R\u012bga &#8211; Stokholma &#8211; Maljorka<\/strong><strong><br \/>\nLidojums atpaka\u013c : Maljorka &#8211; G\u0113teborga <\/strong><strong>&#8211; R\u012bga<\/strong><\/p>\n<ul style=\"list-style-type: circle;\">\n<li><a href=\"https:\/\/skyscanner.pxf.io\/APnP5a\" target=\"_blank\" rel=\"noopener\">06.05 &#8211; 16.05 \u20ac109 (11 dienas)<\/a><\/li>\n<li><a href=\"https:\/\/skyscanner.pxf.io\/JKOKZv\" target=\"_blank\" rel=\"noopener\">06.05 &#8211; 10.05 \u20ac113 (5 dienas)<\/a><\/li>\n<li><a href=\"https:\/\/www.skyscanner.net\/transport\/flights\/rix\/palm\/250506\/250510\/?adultsv2=1&amp;cabinclass=economy&amp;childrenv2=&amp;inboundaltsenabled=false&amp;outboundaltsenabled=false&amp;preferdirects=false&amp;rtn=1&amp;priceSourceId=&amp;priceTrace=202504060702*I*RIX*PMI*20250506*tklv*D8%7C202504060702*I*PMI*RIX*20250510*tklv*D8&amp;qp_prevCurrency=EUR&amp;qp_prevPrice=113&amp;qp_prevProvider=ins_month\" target=\"_blank\" rel=\"noopener\">07.05 &#8211; 14.05 \u20ac123 (8 dienas)<\/a><\/li>\n<li><a href=\"https:\/\/skyscanner.pxf.io\/09y9zN\" target=\"_blank\" rel=\"noopener\">09.05 -14.05 \u20ac137 (6 dienas)<\/a><\/li>\n<li><a href=\"https:\/\/skyscanner.pxf.io\/XmGmE3\" target=\"_blank\" rel=\"noopener\">08.05 &#8211; 16.05 \u20ac141 (9 dienas)<\/a><\/li>\n<li><span style=\"font-size: 14px;\">*Bi\u013ce\u0161u cenas var main\u012bties<\/span><\/li>\n<\/ul>\n<p><strong>Piem\u0113rs bi\u013ce\u0161u cen\u0101m:<\/strong><\/p>\n<p><a href=\"https:\/\/skyscanner.pxf.io\/APnP5a\" target=\"_blank\" rel=\"noopener\"><img fetchpriority=\"high\" decoding=\"async\" class=\"alignnone wp-image-284953 size-full\" src=\"https:\/\/new.tripthis.eu\/wp-content\/uploads\/2025\/04\/Screenshot-2025-04-06-131909.png\" alt=\"L\u0113tas aviobi\u013cetes uz Maljorku Sp\u0101nij\u0101\" width=\"598\" height=\"123\" \/><\/a><\/p>\n<h2 style=\"text-align: center;\"><a href=\"https:\/\/skyscanner.pxf.io\/APnP5a\" target=\"_blank\" rel=\"noopener\">Aviobi\u013cetes mekl\u0113 \u0161eit<\/a><\/h2>\n<p>&nbsp;<\/p>\n<p><a href=\"https:\/\/www.booking.com\/hotel\/es\/hm-alma-beach.en.html?aid=7902493&amp;checkin_monthday=6&amp;checkin_month=5&amp;checkin_year=2025&amp;checkout_monthday=16&amp;checkout_month=5&amp;checkout_year=2025&amp;no_rooms=1&amp;group_adults=2\" target=\"_blank\" rel=\"noopener\"><img decoding=\"async\" class=\"aligncenter wp-image-284954 size-full\" src=\"https:\/\/new.tripthis.eu\/wp-content\/uploads\/2025\/04\/Screenshot-2025-04-06-133621.png\" alt=\"L\u0113tas aviobi\u013cetes uz Maljorku Sp\u0101nij\u0101\" width=\"724\" height=\"241\" \/><\/a><\/p>\n<h2 style=\"text-align: center;\"><a href=\"https:\/\/www.booking.com\/hotel\/es\/hm-alma-beach.en.html?aid=7902493&amp;checkin_monthday=6&amp;checkin_month=5&amp;checkin_year=2025&amp;checkout_monthday=16&amp;checkout_month=5&amp;checkout_year=2025&amp;no_rooms=1&amp;group_adults=2\" target=\"_blank\" rel=\"noopener\">4* viesn\u012bca Maljork\u0101 par \u20ac87 diennakt\u012b! Pied\u0101v\u0101jumu mekl\u0113 \u0161eit!<\/a><\/h2>\n<p>[INSERT_ELEMENTOR id=&#8221;23936&#8243;]<\/p>\n","protected":false},"excerpt":{"rendered":"<p>Lieliska cena lidojumam no R\u012bgas uz Maljorku! Dodies uz m\u016b\u017e\u012bg\u0101s vasaras salu &#8211; Maljorku no \u20ac109 (turp-atpaka\u013c). Sal\u0101 neaizmirsti apskat\u012bt Serra de Traumuntana kalnu mas\u012bvu, Maljorkas simbolu &#8211; La Seu jeb Santa Maria katedr\u0101li, Parc Natural De Mondrago nacion\u0101lo parku, k\u0101 ar\u012b gotisko m\u0101kslas darbu &#8211; Bellver pili. Vair\u0101k par apskates viet\u0101m Maljork\u0101 lasi m\u016bsu [&hellip;]<\/p>\n","protected":false},"author":20,"featured_media":80772,"comment_status":"closed","ping_status":"closed","sticky":false,"template":"","format":"standard","meta":{"post_subheading":"","post_intro_title":"","post_intro_text":"","post_1_gallery":[],"post_main_content":"","post_banner_title":"","post_banner_text":"","post_source":"","post_faq":[],"post_toc":[],"post_conversion_block":"","post_ai_summary":"","footnotes":""},"categories":[383],"tags":[800,600,555,464,385,390],"country":[],"class_list":["post-284952","post","type-post","status-publish","format-standard","has-post-thumbnail","hentry","category-letas-aviobiletes","tag-800","tag-maijs","tag-maljorka","tag-norwegian-air","tag-ryanair","tag-aviobiletes-uz-spaniju"],"_links":{"self":[{"href":"https:\/\/new.tripthis.eu\/en\/wp-json\/wp\/v2\/posts\/284952","targetHints":{"allow":["GET"]}}],"collection":[{"href":"https:\/\/new.tripthis.eu\/en\/wp-json\/wp\/v2\/posts"}],"about":[{"href":"https:\/\/new.tripthis.eu\/en\/wp-json\/wp\/v2\/types\/post"}],"author":[{"embeddable":true,"href":"https:\/\/new.tripthis.eu\/en\/wp-json\/wp\/v2\/users\/20"}],"replies":[{"embeddable":true,"href":"https:\/\/new.tripthis.eu\/en\/wp-json\/wp\/v2\/comments?post=284952"}],"version-history":[{"count":0,"href":"https:\/\/new.tripthis.eu\/en\/wp-json\/wp\/v2\/posts\/284952\/revisions"}],"wp:featuredmedia":[{"embeddable":true,"href":"https:\/\/new.tripthis.eu\/en\/wp-json\/"}],"wp:attachment":[{"href":"https:\/\/new.tripthis.eu\/en\/wp-json\/wp\/v2\/media?parent=284952"}],"wp:term":[{"taxonomy":"category","embeddable":true,"href":"https:\/\/new.tripthis.eu\/en\/wp-json\/wp\/v2\/categories?post=284952"},{"taxonomy":"post_tag","embeddable":true,"href":"https:\/\/new.tripthis.eu\/en\/wp-json\/wp\/v2\/tags?post=284952"},{"taxonomy":"country","embeddable":true,"href":"https:\/\/new.tripthis.eu\/en\/wp-json\/wp\/v2\/country?post=284952"}],"curies":[{"name":"wp","href":"https:\/\/api.w.org\/{rel}","templated":true}]}}