{"id":284449,"date":"2025-03-09T15:56:27","date_gmt":"2025-03-09T15:56:27","guid":{"rendered":"https:\/\/tripthis.eu\/?p=284449"},"modified":"2025-03-09T15:56:27","modified_gmt":"2025-03-09T15:56:27","slug":"saistiba-ar-streikiem-vacijas-lidostas-pirmdien-airbaltic-un-lufthansa-atcelusas-lidojumus-marsruta-riga-frankfurte","status":"publish","type":"post","link":"https:\/\/new.tripthis.eu\/en\/saistiba-ar-streikiem-vacijas-lidostas-pirmdien-airbaltic-un-lufthansa-atcelusas-lidojumus-marsruta-riga-frankfurte\/","title":{"rendered":"Saist\u012bb\u0101 ar streikiem V\u0101cijas lidost\u0101s pirmdien &#8220;airBaltic&#8221; un &#8220;Lufthansa&#8221; atc\u0113lu\u0161as lidojumus mar\u0161rut\u0101 R\u012bga-Frankfurte"},"content":{"rendered":"<p>Source.<\/p>\n<p>Saist\u012bb\u0101 ar pieteiktajiem streikiem vair\u0101k\u0101s V\u0101cijas lidost\u0101s pirmdien, 10.mart\u0101, Latvijas nacion\u0101l\u0101 aviokomp\u0101nija &#8220;airBaltic&#8221; atc\u0113lusi lidojumus R\u012bga-Frankfurte-R\u012bga, bet V\u0101cijas aviokomp\u0101nija &#8220;Lufthansa&#8221; pirmdien atc\u0113lusi r\u012bta reisu R\u012bga-Frankfurte, dienas reisus Frankfurte-R\u012bga-Frankfurte un vakara reisu Frankfurte-R\u012bga, a\u0123ent\u016bru LETA inform\u0113ja R\u012agas lidostas p\u0101rst\u0101vji.<\/p>\n<p>Lidosta aicina pasa\u017eierus sekot savu aviokomp\u0101niju sniegtajiem pazi\u0146ojumiem un nepiecie\u0161am\u012bbas gad\u012bjum\u0101 sazin\u0101ties ar t\u0101m.<\/p>\n<p>Jau zi\u0146ots, ka sabiedriskaj\u0101 sektor\u0101 str\u0101d\u0101jo\u0161ie un virszemes apkalpo\u0161anas darbinieki 11 V\u0101cijas lidost\u0101s pirmdien r\u012bkos streikus, piektdien pazi\u0146oja arodbiedr\u012bba &#8220;Verdi&#8221;.<\/p>\n<p>V\u0101ciju p\u0113d\u0113j\u0101s ned\u0113\u013c\u0101s sk\u0101ris sabiedriskaj\u0101 sektor\u0101 str\u0101d\u0101jo\u0161o streiku vinis, lai palielin\u0101tu spiedienu uz feder\u0101lo vald\u012bbu un pa\u0161vald\u012bb\u0101m pirms tre\u0161\u0101s sarunu k\u0101rtas par sabiedriskaj\u0101 sektor\u0101 str\u0101d\u0101jo\u0161o atalgojuma palielin\u0101\u0161anu.<\/p>\n<p>&#8220;Verdi&#8221; nor\u0101da, ka streikus pirmdien r\u012bkot aicin\u0101ti str\u0101d\u0101jo\u0161ie Frankfurtes, Minhenes, Berl\u012bnes, Hamburgas, \u0160tutgartes, \u0136elnes\/Bonnas, Diseldorfas, Dortmundes, Hannoveres, Br\u0113menes un Leipcigas\/Halles lidost\u0101s.<\/p>\n<p>Arodbiedr\u012bba v\u0113st\u012b ka V\u0101cijas liel\u0101kaj\u0101 &#8211; Frankfurtes &#8211; lidost\u0101 virszemes apkalpo\u0161anas darbinieki, s\u0101kot no pirmdienas pusnakts (no sv\u0113tdienas plkst.23.00 p\u0113c Latvijas laika), r\u012bkos 24 stundu streiku, kuram var\u0113tu pievienoties ar\u012b liela da\u013ca citu lidost\u0101 str\u0101d\u0101jo\u0161o, uz kuriem attiecas sabiedrisk\u0101 sektora darbinieku darba kopl\u012bgumi.<\/p>\n<p>&#8220;Verdi&#8221; pieprasa str\u0101d\u0101jo\u0161o algas palielin\u0101t par 8% un lab\u0101kus nodarbin\u0101t\u012bbas nosac\u012bjumus.<\/p>\n<p>T\u0101pat zi\u0146ots, ka V\u0101cijas nacion\u0101l\u0101s aviokomp\u0101nijas &#8220;Lufthansa&#8221; grupa p\u0113rn str\u0101d\u0101jusi ar 1,38 miljardu eiro t\u012bro pe\u013c\u0146u, kas ir par 18% maz\u0101k nek\u0101 gadu iepriek\u0161, liecina ceturtdien publiskotais uz\u0146\u0113muma p\u0101rskats.<\/p>\n<p>Ta\u010du vienlaikus &#8220;Lufthansa&#8221; ien\u0101kumi pag\u0101ju\u0161aj\u0101 gad\u0101 pieaugu\u0161i par 6% un sasniegu\u0161i 37,6 miljardus eiro.<\/p>\n<p>Aviokomp\u0101nijas grupa p\u0113rn p\u0101rvad\u0101jusi 131 miljonu pasa\u017eieru, kas ir par 7% vair\u0101k nek\u0101 pirms gada.<\/p>\n<p>&#8220;Lufthansa&#8221; grup\u0101 ietilpst ar\u012b Austrijas nacion\u0101l\u0101 lidsabiedr\u012bba &#8220;Austrian Airlines&#8221;, \u0160veices nacion\u0101l\u0101 aviokomp\u0101nija &#8220;Swiss&#8221;, Be\u013c\u0123ijas nacion\u0101l\u0101 lidsabiedr\u012bba &#8220;Brussels Airlines&#8221; un V\u0101cijas zemo cenu aviokomp\u0101nija &#8220;Eurowings&#8221;.<\/p>\n<p>LETA jau zi\u0146oja, ka 2025.gada janv\u0101ra beig\u0101s tika pan\u0101kta vieno\u0161an\u0101s ar &#8220;Lufthansa&#8221; par invest\u012bcij\u0101m Latvijas nacion\u0101laj\u0101 aviokomp\u0101nij\u0101 &#8220;airBaltic&#8221; 14 miljonu eiro apm\u0113r\u0101. Apmai\u0146\u0101 pret ieguld\u012bjumu &#8220;Lufthansa&#8221; sa\u0146ems konvert\u0113jamu akciju, kas tai dos 10% l\u012bdzdal\u012bbu. V\u0113l\u0101k, p\u0113c potenci\u0101l\u0101 &#8220;airBaltic&#8221; akciju s\u0101kotn\u0113j\u0101 publisk\u0101 pied\u0101v\u0101juma (IPO), \u0161\u012b konvert\u0113jam\u0101 akcija tiks konvert\u0113ta parastaj\u0101s akcij\u0101s.<\/p>\n<p>P\u0113c IPO &#8220;Lufthansa Group&#8221; l\u012bdzdal\u012bbas lielumu noteiks potenci\u0101l\u0101 IPO tirgus cena. Dar\u012bjums paredz ar\u012b to, ka &#8220;Lufthansa Group&#8221; p\u0113c potenci\u0101l\u0101 IPO pieder\u0113s ne maz\u0101k k\u0101 5% no &#8220;airBaltic&#8221; kapit\u0101la.<\/p>\n<p>Min\u0113tajam dar\u012bjumam v\u0113l j\u0101sa\u0146em V\u0101cijas Feder\u0101l\u0101 karte\u013cu biroja (&#8220;Bundeskartellamt&#8221;) at\u013cauja.<\/p>\n<p>\u0160obr\u012bd Latvijas valstij pieder 97,97% &#8220;airBaltic&#8221; akciju, bet finan\u0161u investoram, D\u0101nijas uz\u0146\u0113m\u0113jam Larsam T\u016bsenam piedero\u0161ajam &#8220;Aircraft Leasing 1&#8221; &#8211; 2,03%. Latvijas vald\u012bba 2024.gada 30.august\u0101 vienoj\u0101s, ka valstij p\u0113c &#8220;airBaltic&#8221; IPO komp\u0101nijas kapit\u0101l\u0101 j\u0101saglab\u0101 vismaz 25% plus viena akcija.<\/p>\n<p>&#8220;airBaltic&#8221; 2024.gad\u0101 p\u0101rvad\u0101ja kopum\u0101 5,2 miljonus pasa\u017eieru, kas ir par 13% vair\u0101k nek\u0101 gadu iepriek\u0161, un veica 47 000 lidojumu, kas ir par 7% vair\u0101k nek\u0101 gadu iepriek\u0161.<\/p>\n<p>&#8220;airBaltic&#8221; audit\u0113tais apgroz\u012bjums 2023.gad\u0101 bija 664,289 miljonu eiro apm\u0113r\u0101, kas ir par 33,2% vair\u0101k nek\u0101 2022.gad\u0101, k\u0101 ar\u012b komp\u0101nija guva pe\u013c\u0146u 33,852 miljonu eiro apm\u0113r\u0101 pretstat\u0101 zaud\u0113jumiem gadu iepriek\u0161.<\/p>","protected":false},"excerpt":{"rendered":"<p>Avots: Leta Saist\u012bb\u0101 ar pieteiktajiem streikiem vair\u0101k\u0101s V\u0101cijas lidost\u0101s pirmdien, 10.mart\u0101, Latvijas nacion\u0101l\u0101 aviokomp\u0101nija &#8220;airBaltic&#8221; atc\u0113lusi lidojumus R\u012bga-Frankfurte-R\u012bga, bet V\u0101cijas aviokomp\u0101nija &#8220;Lufthansa&#8221; pirmdien atc\u0113lusi r\u012bta reisu R\u012bga-Frankfurte, dienas reisus Frankfurte-R\u012bga-Frankfurte un vakara reisu Frankfurte-R\u012bga, a\u0123ent\u016bru LETA inform\u0113ja R\u012agas lidostas p\u0101rst\u0101vji. Lidosta aicina pasa\u017eierus sekot savu aviokomp\u0101niju sniegtajiem pazi\u0146ojumiem un nepiecie\u0161am\u012bbas gad\u012bjum\u0101 sazin\u0101ties ar t\u0101m. Jau [&hellip;]<\/p>\n","protected":false},"author":20,"featured_media":284450,"comment_status":"closed","ping_status":"closed","sticky":false,"template":"","format":"standard","meta":{"post_subheading":"","post_intro_title":"","post_intro_text":"","post_1_gallery":[],"post_main_content":"","post_banner_title":"","post_banner_text":"","post_source":"","post_faq":[],"post_toc":[],"post_conversion_block":"","post_ai_summary":"","footnotes":""},"categories":[398],"tags":[895,889,694],"country":[],"class_list":["post-284449","post","type-post","status-publish","format-standard","has-post-thumbnail","hentry","category-jaunumi","tag-jaunumi","tag-leta","tag-turisms"],"_links":{"self":[{"href":"https:\/\/new.tripthis.eu\/en\/wp-json\/wp\/v2\/posts\/284449","targetHints":{"allow":["GET"]}}],"collection":[{"href":"https:\/\/new.tripthis.eu\/en\/wp-json\/wp\/v2\/posts"}],"about":[{"href":"https:\/\/new.tripthis.eu\/en\/wp-json\/wp\/v2\/types\/post"}],"author":[{"embeddable":true,"href":"https:\/\/new.tripthis.eu\/en\/wp-json\/wp\/v2\/users\/20"}],"replies":[{"embeddable":true,"href":"https:\/\/new.tripthis.eu\/en\/wp-json\/wp\/v2\/comments?post=284449"}],"version-history":[{"count":0,"href":"https:\/\/new.tripthis.eu\/en\/wp-json\/wp\/v2\/posts\/284449\/revisions"}],"wp:featuredmedia":[{"embeddable":true,"href":"https:\/\/new.tripthis.eu\/en\/wp-json\/"}],"wp:attachment":[{"href":"https:\/\/new.tripthis.eu\/en\/wp-json\/wp\/v2\/media?parent=284449"}],"wp:term":[{"taxonomy":"category","embeddable":true,"href":"https:\/\/new.tripthis.eu\/en\/wp-json\/wp\/v2\/categories?post=284449"},{"taxonomy":"post_tag","embeddable":true,"href":"https:\/\/new.tripthis.eu\/en\/wp-json\/wp\/v2\/tags?post=284449"},{"taxonomy":"country","embeddable":true,"href":"https:\/\/new.tripthis.eu\/en\/wp-json\/wp\/v2\/country?post=284449"}],"curies":[{"name":"wp","href":"https:\/\/api.w.org\/{rel}","templated":true}]}}