{"id":283967,"date":"2025-01-28T18:14:26","date_gmt":"2025-01-28T18:14:26","guid":{"rendered":"https:\/\/tripthis.eu\/?p=283967"},"modified":"2025-01-28T18:14:26","modified_gmt":"2025-01-28T18:14:26","slug":"ekskluzivi-foto-sacies-vilnas-gaismas-festivals","status":"publish","type":"post","link":"https:\/\/new.tripthis.eu\/en\/ekskluzivi-foto-sacies-vilnas-gaismas-festivals\/","title":{"rendered":"Ekskluz\u012bvi foto: s\u0101cies Vi\u013c\u0146as Gaismas festiv\u0101ls"},"content":{"rendered":"<p>Source.<\/p>\n<p>Inform\u0101ciju sagatavoja Komunik\u0101cijas koordinators Latvij\u0101 Kintija Rudaka.<\/p>\n<p>24.janv\u0101r\u012b atkl\u0101ts Vi\u013c\u0146as Gaismas festiv\u0101ls, kas \u0161aj\u0101 ned\u0113\u013cas nogal\u0113 p\u0101rv\u0113rt\u012bs pils\u0113tu par gai\u0161u br\u012bvdabas galeriju ar 21 gaismas instal\u0101ciju, ko rad\u012bju\u0161i m\u0101kslinieki no 10 valst\u012bm. Brauc uz Vi\u013c\u0146u un piedz\u012bvo to kl\u0101tien\u0113, bet iedvesmai apl\u016bko pirm\u0101s fotogr\u0101fijas att\u0113lu galerij\u0101!<\/p>\n<p>Vi\u013c\u0146as Gaismas festiv\u0101ls ne tikai izgaismo pils\u0113tas bag\u0101to v\u0113sturi, kas aizs\u0101kusies pirms 702 gadiem, bet ar\u012b izce\u013c t\u0101s ilgtsp\u0113j\u012bbas sasniegumus, Lietuvas galvaspils\u0113tai \u0161aj\u0101s dien\u0101s k\u013c\u016bstot par Eiropas Za\u013co galvaspils\u0113tu 2025. \u0160is festiv\u0101ls, kas ar m\u016bsdienu tehnolo\u0123ij\u0101m pils\u0113tvidi rado\u0161i p\u0101rv\u0113r\u0161 l\u012bdz nepaz\u012b\u0161anai, ir dinamisks un m\u0101ksliniecisks veids, k\u0101 aizb\u0113gt no ziemas sezonai rakstur\u012bg\u0101s nom\u0101kt\u012bbas, svinot Vi\u013c\u0146as dzim\u0161anas dienu un gaismas uzvaru p\u0101r tumsu. UNESCO Pasaules mantojuma sarakst\u0101 iek\u013caut\u0101s baroka vecpils\u0113tas ielas un pagalmus \u0161aj\u0101s dien\u0101s piepild\u012bs unik\u0101las gaismu instal\u0101cijas, video projekcijas un interakt\u012bv\u0101 m\u0101ksla, visam pils\u0113tas centram k\u013c\u016bstot par gaismu m\u0101kslas galeriju.<\/p>\n<p>Lai piln\u012bb\u0101 izbaud\u012btu festiv\u0101lu, t\u0101 r\u012bkot\u0101ji iesaka izv\u0113l\u0113ties \u012bpa\u0161i mar\u0161rutu, kuru vis\u0113rt\u0101k pl\u0101not festiv\u0101la lietotn\u0113 Light Fest. Taj\u0101 iek\u013cauts detaliz\u0113ts ce\u013cvedis un instal\u0101ciju karte. Lietotne pieejama Google Play un App Store.<\/p>\n<p>Noskaidro, kur gai\u0161\u0101ks, &#8211; R\u012bg\u0101 vai Vi\u013c\u0146\u0101! Vi\u013c\u0146as Gaismas festiv\u0101ls ir tikai da\u017eu stundu brauciena att\u0101lum\u0101: Lietuvas galvaspils\u0113ta sasniedzama apm\u0113ram 4 stund\u0101s ar automa\u0161\u012bnu, autobusu vai vilcienu.<\/p>\n<p>Esi pirmais, kur\u0161 apl\u016bko gaismas instal\u0101cijas fotogr\u0101fij\u0101s \u0161eit!<\/p>\n<p><a href=\"https:\/\/failiem.lv\/u\/vh4xzvkc96\" target=\"_blank\" rel=\"noopener\">https:\/\/failiem.lv\/u\/vh4xzvkc96<\/a><\/p>\n<p>Par Go Vilnius<\/p>\n<p>&#8220;Go Vilnius&#8221; ir Vi\u013c\u0146as pils\u0113tas ofici\u0101l\u0101 t\u016brisma un biznesa att\u012bst\u012bbas a\u0123ent\u016bra. A\u0123ent\u016bra nodro\u0161ina apmekl\u0113t\u0101jiem, investoriem un uz\u0146\u0113mumiem visu b\u016btisko inform\u0101ciju par Lietuvas galvaspils\u0113tu.<\/p>\n<p>Papildu inform\u0101cija:<\/p>\n<p>Komunik\u0101cijas koordinators Lietuv\u0101<\/p>\n<p>Raminta Levandraityt\u0117 &#8211; Matulevi\u010dien\u0117 \/ +370 669 272 75 \/ raminta.levandraityte@govilnius.lt<\/p>\n<p>Komunik\u0101cijas koordinators Latvij\u0101<\/p>\n<p>Kintija Rudaka \/ +371 25937092 \/ kintija@deepwhite.lv<\/p>","protected":false},"excerpt":{"rendered":"<p>Avots: Leta Inform\u0101ciju sagatavoja Komunik\u0101cijas koordinators Latvij\u0101 Kintija Rudaka. 24.janv\u0101r\u012b atkl\u0101ts Vi\u013c\u0146as Gaismas festiv\u0101ls, kas \u0161aj\u0101 ned\u0113\u013cas nogal\u0113 p\u0101rv\u0113rt\u012bs pils\u0113tu par gai\u0161u br\u012bvdabas galeriju ar 21 gaismas instal\u0101ciju, ko rad\u012bju\u0161i m\u0101kslinieki no 10 valst\u012bm. Brauc uz Vi\u013c\u0146u un piedz\u012bvo to kl\u0101tien\u0113, bet iedvesmai apl\u016bko pirm\u0101s fotogr\u0101fijas att\u0113lu galerij\u0101! Vi\u013c\u0146as Gaismas festiv\u0101ls ne tikai izgaismo pils\u0113tas [&hellip;]<\/p>\n","protected":false},"author":20,"featured_media":283968,"comment_status":"closed","ping_status":"closed","sticky":false,"template":"","format":"standard","meta":{"post_subheading":"","post_intro_title":"","post_intro_text":"","post_1_gallery":[],"post_main_content":"","post_banner_title":"","post_banner_text":"","post_source":"","post_faq":[],"post_toc":[],"post_conversion_block":"","post_ai_summary":"","footnotes":""},"categories":[398],"tags":[895,889,694],"country":[],"class_list":["post-283967","post","type-post","status-publish","format-standard","has-post-thumbnail","hentry","category-jaunumi","tag-jaunumi","tag-leta","tag-turisms"],"_links":{"self":[{"href":"https:\/\/new.tripthis.eu\/en\/wp-json\/wp\/v2\/posts\/283967","targetHints":{"allow":["GET"]}}],"collection":[{"href":"https:\/\/new.tripthis.eu\/en\/wp-json\/wp\/v2\/posts"}],"about":[{"href":"https:\/\/new.tripthis.eu\/en\/wp-json\/wp\/v2\/types\/post"}],"author":[{"embeddable":true,"href":"https:\/\/new.tripthis.eu\/en\/wp-json\/wp\/v2\/users\/20"}],"replies":[{"embeddable":true,"href":"https:\/\/new.tripthis.eu\/en\/wp-json\/wp\/v2\/comments?post=283967"}],"version-history":[{"count":0,"href":"https:\/\/new.tripthis.eu\/en\/wp-json\/wp\/v2\/posts\/283967\/revisions"}],"wp:featuredmedia":[{"embeddable":true,"href":"https:\/\/new.tripthis.eu\/en\/wp-json\/"}],"wp:attachment":[{"href":"https:\/\/new.tripthis.eu\/en\/wp-json\/wp\/v2\/media?parent=283967"}],"wp:term":[{"taxonomy":"category","embeddable":true,"href":"https:\/\/new.tripthis.eu\/en\/wp-json\/wp\/v2\/categories?post=283967"},{"taxonomy":"post_tag","embeddable":true,"href":"https:\/\/new.tripthis.eu\/en\/wp-json\/wp\/v2\/tags?post=283967"},{"taxonomy":"country","embeddable":true,"href":"https:\/\/new.tripthis.eu\/en\/wp-json\/wp\/v2\/country?post=283967"}],"curies":[{"name":"wp","href":"https:\/\/api.w.org\/{rel}","templated":true}]}}